{"id":39899,"date":"2020-05-07T00:39:07","date_gmt":"2020-05-07T05:39:07","guid":{"rendered":"https:\/\/www.porlalibreedomex.com\/?p=39899"},"modified":"2020-05-08T00:41:06","modified_gmt":"2020-05-08T05:41:06","slug":"juan-rodolfo-sanchez-gomez-pone-en-marcha-sala-de-control-covid-19-en-toluca","status":"publish","type":"post","link":"https:\/\/www.porlalibreedomex.com\/?p=39899","title":{"rendered":"Juan Rodolfo S\u00e1nchez G\u00f3mez pone en marcha Sala de Control Covid-19  \u00a0en Toluca"},"content":{"rendered":"<ul>\n<li><i>A trav\u00e9s de la Sala de Control, se tienen datos ver\u00eddicos<\/i><\/li>\n<li><i>Est\u00e1 integrada por las diversas \u00e1reas municipales responsables de la atenci\u00f3n y ejecuci\u00f3n de acciones relacionadas con la emergencia<\/i><\/li>\n<\/ul>\n<p>&nbsp;<\/p>\n<p><b><span lang=\"ES-TRAD\">Toluca, Estado de M\u00e9xico, jueves 7 de mayo de 2020.-<\/span><\/b><span lang=\"ES-TRAD\">\u00a0Derivado del compromiso del alcalde Juan Rodolfo S\u00e1nchez G\u00f3mez de mantener informada a la poblaci\u00f3n sobre los avances del contagio por COVID-19 en Toluca, diariamente se dar\u00e1n a conocer datos ver\u00eddicos de lo sucedido en la capital: hasta el jueves 7 de mayo se han registrado 170 casos positivos, 387 sospechosos, 429 negativos y 8 defunciones.<\/span><\/p>\n<p><span lang=\"ES-TRAD\">El gobierno municipal implement\u00f3 una Sala de Control COVID-19, \u00fanica en su tipo en todo el Estado de M\u00e9xico, para tener el reporte oficial de los casos, variaciones, personas hospitalizadas y en casa, as\u00ed como los indicadores de Atenci\u00f3n a la poblaci\u00f3n sana, Atenci\u00f3n a la poblaci\u00f3n vulnerable y Perspectivas Econ\u00f3micas.<\/span><\/p>\n<p><a href=\"https:\/\/www.porlalibreedomex.com\/wp-content\/uploads\/2020\/05\/95904789_3028300763883442_269964601796329472_o.png\"><img loading=\"lazy\" decoding=\"async\" class=\"aligncenter size-full wp-image-39900\" src=\"https:\/\/www.porlalibreedomex.com\/wp-content\/uploads\/2020\/05\/95904789_3028300763883442_269964601796329472_o.png\" alt=\"\" width=\"1280\" height=\"720\" srcset=\"https:\/\/www.porlalibreedomex.com\/wp-content\/uploads\/2020\/05\/95904789_3028300763883442_269964601796329472_o.png 1280w, https:\/\/www.porlalibreedomex.com\/wp-content\/uploads\/2020\/05\/95904789_3028300763883442_269964601796329472_o-300x169.png 300w, https:\/\/www.porlalibreedomex.com\/wp-content\/uploads\/2020\/05\/95904789_3028300763883442_269964601796329472_o-768x432.png 768w, https:\/\/www.porlalibreedomex.com\/wp-content\/uploads\/2020\/05\/95904789_3028300763883442_269964601796329472_o-1024x576.png 1024w\" sizes=\"auto, (max-width: 1280px) 100vw, 1280px\" \/><\/a><\/p>\n<p><span lang=\"ES-TRAD\">Esta Sala de Control est\u00e1 integrada por las diversas \u00e1reas municipales responsables de la atenci\u00f3n y ejecuci\u00f3n de acciones relacionadas con la emergencia, adem\u00e1s cuenta con la opini\u00f3n y asesor\u00eda de diversos integrantes de la sociedad civil organizada que coadyuvan en este ejercicio integral.<\/span><\/p>\n<p><span lang=\"ES-TRAD\">Tambi\u00e9n recibe informaci\u00f3n de entidades federales y estatales y de instancias p\u00fablicas y privadas, con lo que se logra tener con precisi\u00f3n y en tiempo real las estad\u00edsticas.<\/span><\/p>\n<p><span lang=\"ES-TRAD\">De esta manera, las variaciones que se presentan este jueves, en comparaci\u00f3n con el d\u00eda anterior, son una defunci\u00f3n, 18 casos positivos, 59 sospechosos y 18 negativos, con un incremento diario de casos confirmados de 11.84%, lo que representa 2.49% m\u00e1s que ayer.<\/span><\/p>\n<p><span lang=\"ES-TRAD\">Adem\u00e1s, los casos hospitalizados aumentaron a 45.88% y los ambulatorios se registran en 54.12%; los casos por sexo son 61.67% hombres y 38.24% mujeres.<\/span><\/p>\n<p><span lang=\"ES-TRAD\">El gobierno municipal reitera el llamado a quedarse en casa para evitar el contagio y, en caso de ser necesario salir, tomar las previsiones necesarias como guardar la sana distancia, lavarse las manos de forma constante, usar cubrebocas y guantes, ya que ha comenzado el periodo en que aumenta considerablemente el n\u00famero de contagios y defunciones.<\/span><\/p>\n","protected":false},"excerpt":{"rendered":"<p>A trav\u00e9s de la Sala de Control, se tienen datos ver\u00eddicos Est\u00e1 integrada por las diversas \u00e1reas municipales responsables de la atenci\u00f3n y ejecuci\u00f3n de acciones relacionadas con la emergencia &nbsp; Toluca, Estado de M\u00e9xico, jueves 7 de mayo de 2020.-\u00a0Derivado del compromiso del alcalde Juan Rodolfo S\u00e1nchez G\u00f3mez de mantener informada a la poblaci\u00f3n [&hellip;]<\/p>\n","protected":false},"author":3,"featured_media":39901,"comment_status":"open","ping_status":"open","sticky":false,"template":"","format":"standard","meta":{"footnotes":""},"categories":[16,9145,9209],"tags":[17896,10312,17895],"class_list":{"0":"post-39899","1":"post","2":"type-post","3":"status-publish","4":"format-standard","5":"has-post-thumbnail","7":"category-foto","8":"category-general","9":"category-salud","10":"tag-covid-19-toluca","11":"tag-juan-rodolfo-sanchez-gomez","12":"tag-sala-de-control-covid"},"wps_subtitle":"","_links":{"self":[{"href":"https:\/\/www.porlalibreedomex.com\/index.php?rest_route=\/wp\/v2\/posts\/39899","targetHints":{"allow":["GET"]}}],"collection":[{"href":"https:\/\/www.porlalibreedomex.com\/index.php?rest_route=\/wp\/v2\/posts"}],"about":[{"href":"https:\/\/www.porlalibreedomex.com\/index.php?rest_route=\/wp\/v2\/types\/post"}],"author":[{"embeddable":true,"href":"https:\/\/www.porlalibreedomex.com\/index.php?rest_route=\/wp\/v2\/users\/3"}],"replies":[{"embeddable":true,"href":"https:\/\/www.porlalibreedomex.com\/index.php?rest_route=%2Fwp%2Fv2%2Fcomments&post=39899"}],"version-history":[{"count":3,"href":"https:\/\/www.porlalibreedomex.com\/index.php?rest_route=\/wp\/v2\/posts\/39899\/revisions"}],"predecessor-version":[{"id":39904,"href":"https:\/\/www.porlalibreedomex.com\/index.php?rest_route=\/wp\/v2\/posts\/39899\/revisions\/39904"}],"wp:featuredmedia":[{"embeddable":true,"href":"https:\/\/www.porlalibreedomex.com\/index.php?rest_route=\/wp\/v2\/media\/39901"}],"wp:attachment":[{"href":"https:\/\/www.porlalibreedomex.com\/index.php?rest_route=%2Fwp%2Fv2%2Fmedia&parent=39899"}],"wp:term":[{"taxonomy":"category","embeddable":true,"href":"https:\/\/www.porlalibreedomex.com\/index.php?rest_route=%2Fwp%2Fv2%2Fcategories&post=39899"},{"taxonomy":"post_tag","embeddable":true,"href":"https:\/\/www.porlalibreedomex.com\/index.php?rest_route=%2Fwp%2Fv2%2Ftags&post=39899"}],"curies":[{"name":"wp","href":"https:\/\/api.w.org\/{rel}","templated":true}]}}