{"id":39877,"date":"2020-05-07T20:37:47","date_gmt":"2020-05-08T01:37:47","guid":{"rendered":"https:\/\/www.porlalibreedomex.com\/?p=39877"},"modified":"2020-05-07T20:37:47","modified_gmt":"2020-05-08T01:37:47","slug":"operativos-en-valles-de-toluca-y-mexico-para-verificar-cierre-de-establecimientos","status":"publish","type":"post","link":"https:\/\/www.porlalibreedomex.com\/?p=39877","title":{"rendered":"OPERATIVOS EN VALLES DE TOLUCA Y M\u00c9XICO PARA VERIFICAR CIERRE DE ESTABLECIMIENTOS"},"content":{"rendered":"<p style=\"font-weight: 400;\"><strong>\u00a0<\/strong><\/p>\n<ul>\n<li style=\"font-weight: 400;\">Suspende Coprisem 25 establecimientos de la Central de Abastos de Toluca e inspecciona m\u00e1s de 330 comercios en el municipio de Ecatepec.<\/li>\n<li style=\"font-weight: 400;\">Acuden a inspecciones para el cierre de comercios no esenciales, representantes de Protecci\u00f3n Civil estatal y municipal, de Seguridad P\u00fablica, as\u00ed como de Inveamex y Codhem, entre otros.<\/li>\n<li style=\"font-weight: 400;\">Mantienen autoridades federales y estatales trabajo coordinado para reducir la propagaci\u00f3n de coronavirus en los 125 municipios del Edom\u00e9x.<\/li>\n<\/ul>\n<p style=\"font-weight: 400;\">\n<p style=\"font-weight: 400;\"><strong>Toluca, Estado de M\u00e9xico, 7 de mayo de 2020.<\/strong>\u00a0Autoridades estatales y federales en acciones conjuntas con el Ayuntamiento de Toluca, realizaron un operativo en la Central de Abastos de la capital mexiquense, donde visitaron 246 locales comerciales, de los cuales fueron suspendidos 25 por parte de la Comisi\u00f3n para la Protecci\u00f3n contra Riesgos Sanitarios del Estado de M\u00e9xico (Coprisem).<\/p>\n<p style=\"font-weight: 400;\">Estas acciones contin\u00faan para frenar la propagaci\u00f3n del COVID-19 en la entidad, en las que, encabezadas por la Secretar\u00eda General de Gobierno, participan autoridades sanitarias y de seguridad de los tres \u00f3rdenes de gobierno, que mantienen la puesta en marcha de estos operativos de inspecci\u00f3n en los municipios del Valle de Toluca y del Valle de M\u00e9xico.<\/p>\n<p style=\"font-weight: 400;\"><a href=\"https:\/\/www.porlalibreedomex.com\/wp-content\/uploads\/2020\/05\/operativos-070520-2-e1588901798290.jpeg\"><img loading=\"lazy\" decoding=\"async\" class=\"aligncenter size-full wp-image-39883\" src=\"https:\/\/www.porlalibreedomex.com\/wp-content\/uploads\/2020\/05\/operativos-070520-2-e1588901798290.jpeg\" alt=\"\" width=\"645\" height=\"904\" srcset=\"https:\/\/www.porlalibreedomex.com\/wp-content\/uploads\/2020\/05\/operativos-070520-2-e1588901798290.jpeg 645w, https:\/\/www.porlalibreedomex.com\/wp-content\/uploads\/2020\/05\/operativos-070520-2-e1588901798290-214x300.jpeg 214w\" sizes=\"auto, (max-width: 645px) 100vw, 645px\" \/><\/a><\/p>\n<p style=\"font-weight: 400;\">Esto para la suspensi\u00f3n temporal de establecimientos comerciales no esenciales, con excepci\u00f3n de los servicios de salud y alimentaci\u00f3n, principalmente.<\/p>\n<p style=\"font-weight: 400;\">Asimismo, buscan constatar que los establecimientos con vocaci\u00f3n distinta al sector de alimentos, salud e higiene hayan cerrado, y para dar cumplimiento a lo establecido en la Gaceta del Gobierno del 22 de abril de 2020.<\/p>\n<p style=\"font-weight: 400;\">En el municipio de Ecatepec, la\u00a0 Coordinaci\u00f3n General de Protecci\u00f3n Civil del Estado de M\u00e9xico y del municipio, as\u00ed como la Secretar\u00eda de Seguridad estatal, elementos de la Guardia Nacional y de la Secretar\u00eda de la Defensa Nacional (Sedena), efectuaron el operativo sobre la v\u00eda Morelos y avenida Morelos, concluyendo frente a la Catedral del municipio.<\/p>\n<p><a href=\"https:\/\/www.porlalibreedomex.com\/wp-content\/uploads\/2020\/05\/operativos-070520-6.jpeg\"><img loading=\"lazy\" decoding=\"async\" class=\"aligncenter size-full wp-image-39880\" src=\"https:\/\/www.porlalibreedomex.com\/wp-content\/uploads\/2020\/05\/operativos-070520-6.jpeg\" alt=\"\" width=\"1280\" height=\"960\" srcset=\"https:\/\/www.porlalibreedomex.com\/wp-content\/uploads\/2020\/05\/operativos-070520-6.jpeg 1280w, https:\/\/www.porlalibreedomex.com\/wp-content\/uploads\/2020\/05\/operativos-070520-6-300x225.jpeg 300w, https:\/\/www.porlalibreedomex.com\/wp-content\/uploads\/2020\/05\/operativos-070520-6-768x576.jpeg 768w, https:\/\/www.porlalibreedomex.com\/wp-content\/uploads\/2020\/05\/operativos-070520-6-1024x768.jpeg 1024w\" sizes=\"auto, (max-width: 1280px) 100vw, 1280px\" \/><\/a><\/p>\n<p style=\"font-weight: 400;\">En este recorrido, visitaron m\u00e1s de 330 establecimientos, de los cuales uno fue suspendido por la Coprisem e inspeccion\u00f3 otras cuatro tiendas departamentales que fueron llamadas a cerrar.<\/p>\n<p style=\"font-weight: 400;\">En estas revisiones que han logrado bajar el ritmo y movilidad de personas en la v\u00eda p\u00fablica, tambi\u00e9n participaron elementos del Instituto de Verificaci\u00f3n Administrativa del Estado de M\u00e9xico (Inveamex), de las Direcciones de Gobierno del Estado de M\u00e9xico, de Movilidad y Transporte, de Normatividad, as\u00ed como la Direcci\u00f3n de Protecci\u00f3n Civil Municipal y la Comisi\u00f3n de\u00a0 Derechos Humanos del Estado de M\u00e9xico (Codhem).<\/p>\n<p style=\"font-weight: 400;\">En un \u00e1nimo solidario entre el Gobierno del Estado de M\u00e9xico y comerciantes, se busca generar conciencia en la poblaci\u00f3n para que se apliquen las medidas preventivas en esta emergencia sanitaria que se vive en el pa\u00eds y que atraviesa semanas cruciales para frenar el avance de los contagios por coronavirus.<\/p>\n<p><a href=\"https:\/\/www.porlalibreedomex.com\/wp-content\/uploads\/2020\/05\/operativos-070520-1.jpeg\"><img loading=\"lazy\" decoding=\"async\" class=\"aligncenter size-full wp-image-39882\" src=\"https:\/\/www.porlalibreedomex.com\/wp-content\/uploads\/2020\/05\/operativos-070520-1.jpeg\" alt=\"\" width=\"581\" height=\"1032\" srcset=\"https:\/\/www.porlalibreedomex.com\/wp-content\/uploads\/2020\/05\/operativos-070520-1.jpeg 581w, https:\/\/www.porlalibreedomex.com\/wp-content\/uploads\/2020\/05\/operativos-070520-1-169x300.jpeg 169w, https:\/\/www.porlalibreedomex.com\/wp-content\/uploads\/2020\/05\/operativos-070520-1-576x1024.jpeg 576w\" sizes=\"auto, (max-width: 581px) 100vw, 581px\" \/><\/a><\/p>\n","protected":false},"excerpt":{"rendered":"<p>\u00a0 Suspende Coprisem 25 establecimientos de la Central de Abastos de Toluca e inspecciona m\u00e1s de 330 comercios en el municipio de Ecatepec. Acuden a inspecciones para el cierre de comercios no esenciales, representantes de Protecci\u00f3n Civil estatal y municipal, de Seguridad P\u00fablica, as\u00ed como de Inveamex y Codhem, entre otros. Mantienen autoridades federales y [&hellip;]<\/p>\n","protected":false},"author":3,"featured_media":39879,"comment_status":"open","ping_status":"open","sticky":false,"template":"","format":"standard","meta":{"footnotes":""},"categories":[16,9150,9209],"tags":[17888,17887,17889,17886],"class_list":{"0":"post-39877","1":"post","2":"type-post","3":"status-publish","4":"format-standard","5":"has-post-thumbnail","7":"category-foto","8":"category-politica","9":"category-salud","10":"tag-establecimientos-no-prioritarios","11":"tag-operativos-coprisem","12":"tag-operativos-proteccion-civil-edomex","13":"tag-operativos-verificacion-covid"},"wps_subtitle":"La Comisi\u00f3n para la Prevenci\u00f3n de Riesgos Sanitarios y Protecci\u00f3n Civil hacen recorridos","_links":{"self":[{"href":"https:\/\/www.porlalibreedomex.com\/index.php?rest_route=\/wp\/v2\/posts\/39877","targetHints":{"allow":["GET"]}}],"collection":[{"href":"https:\/\/www.porlalibreedomex.com\/index.php?rest_route=\/wp\/v2\/posts"}],"about":[{"href":"https:\/\/www.porlalibreedomex.com\/index.php?rest_route=\/wp\/v2\/types\/post"}],"author":[{"embeddable":true,"href":"https:\/\/www.porlalibreedomex.com\/index.php?rest_route=\/wp\/v2\/users\/3"}],"replies":[{"embeddable":true,"href":"https:\/\/www.porlalibreedomex.com\/index.php?rest_route=%2Fwp%2Fv2%2Fcomments&post=39877"}],"version-history":[{"count":1,"href":"https:\/\/www.porlalibreedomex.com\/index.php?rest_route=\/wp\/v2\/posts\/39877\/revisions"}],"predecessor-version":[{"id":39884,"href":"https:\/\/www.porlalibreedomex.com\/index.php?rest_route=\/wp\/v2\/posts\/39877\/revisions\/39884"}],"wp:featuredmedia":[{"embeddable":true,"href":"https:\/\/www.porlalibreedomex.com\/index.php?rest_route=\/wp\/v2\/media\/39879"}],"wp:attachment":[{"href":"https:\/\/www.porlalibreedomex.com\/index.php?rest_route=%2Fwp%2Fv2%2Fmedia&parent=39877"}],"wp:term":[{"taxonomy":"category","embeddable":true,"href":"https:\/\/www.porlalibreedomex.com\/index.php?rest_route=%2Fwp%2Fv2%2Fcategories&post=39877"},{"taxonomy":"post_tag","embeddable":true,"href":"https:\/\/www.porlalibreedomex.com\/index.php?rest_route=%2Fwp%2Fv2%2Ftags&post=39877"}],"curies":[{"name":"wp","href":"https:\/\/api.w.org\/{rel}","templated":true}]}}