{"id":39439,"date":"2020-04-23T22:16:51","date_gmt":"2020-04-24T03:16:51","guid":{"rendered":"https:\/\/www.porlalibreedomex.com\/?p=39439"},"modified":"2020-04-23T22:19:24","modified_gmt":"2020-04-24T03:19:24","slug":"llama-alfredo-del-mazo-a-reforzar-medidas-sanitarias-preventivas-de-cara-a-la-etapa-mas-critica-del-covid-19","status":"publish","type":"post","link":"https:\/\/www.porlalibreedomex.com\/?p=39439","title":{"rendered":"DEL MAZO: REFORZAR MEDIDAS SANITARIAS PREVENTIVAS ANTE LA ETAPA MAS CR\u00cdTICA DEL COVID-19"},"content":{"rendered":"<ul>\n<li><strong>El sector salud mexiquense se prepara para brindar atenci\u00f3n a las personas que lo requieran, informa el Gobernador.<\/strong><\/li>\n<li><strong>Externa que es fundamental aminorar la movilidad en la regi\u00f3n conurbada del Valle de M\u00e9xico.<\/strong><\/li>\n<li><strong>Se determin\u00f3 reducir el transporte p\u00fablico y se hizo obligatorio usar cubrebocas, <\/strong><\/li>\n<li><strong>Habr\u00e1 sanciones a empresas que no atiendan las recomendaciones sanitarias, entre otras medidas de la Fase 3. <\/strong><\/li>\n<li><strong>Subraya la colaboraci\u00f3n permanente con el Gobierno de la Ciudad de M\u00e9xico, ya que de hecho, no hay fronteras\u00a0 en esta zona con 20 millones de habitantes.\u00a0<\/strong><\/li>\n<\/ul>\n<p>&nbsp;<\/p>\n<p><strong>Ciudad de M\u00e9xico, 23 de abril de 2020.<\/strong> El Gobernador Alfredo Del Mazo Maza reiter\u00f3 el llamado a la ciudadan\u00eda para reforzar las medidas sanitarias recomendadas para evitar contagios de COVID-19 en estos d\u00edas, ya que se espera que <strong>la etapa m\u00e1s cr\u00edtica de esta enfermedad sea entre el 9 y 29 de mayo.<\/strong><\/p>\n<p><strong>El d\u00eda 9 de mayo estar\u00edamos llegando a utilizar nuestra capacidad hospitalaria para atender todos los casos de COVID, y el pico, el momento m\u00e1s alto de la pandemia, est\u00e1 previsto para el 29 de mayo.<\/strong><\/p>\n<p>\u00abEs decir, del 9 al 29, todo lo que venga adicional ya no hay espacio suficiente para atender, no hay camas suficientes para atender\u00bb, explic\u00f3.<\/p>\n<p>Asegur\u00f3 que ante este panorama, el Gobierno que encabeza se ha preparado con la adquisici\u00f3n de mil 134 camas adicionales, con la reorganizaci\u00f3n de hospitales, la adecuaci\u00f3n de espacios para recibir enfermos, entre otras acciones que contribuyan a reducir la curva de contagios, y logar atender todos los casos.<\/p>\n<p>\u00abEstamos ocupados, estamos prepar\u00e1ndonos, hemos equipado y reconvertido los hospitales; tenemos 30 hospitales COVID en el Estado de M\u00e9xico para atender los casos.<\/p>\n<p>\u00abDos de ellos son 100 por ciento COVID, que es el de Zumpango y Las Am\u00e9ricas en Ecatepec, y tambi\u00e9n estamos preparando otros espacios, como el Centro de Convenciones de Toluca, por ejemplo, auditorios que nos sirvan para hospitalizar y para que nos ayuden a incrementar nuestra capacidad\u00bb, especific\u00f3.<\/p>\n<figure id=\"attachment_39442\" aria-describedby=\"caption-attachment-39442\" style=\"width: 1280px\" class=\"wp-caption aligncenter\"><a href=\"https:\/\/www.porlalibreedomex.com\/wp-content\/uploads\/2020\/04\/WhatsApp-Image-2020-04-23-at-8.58.56-AM.jpeg\"><img loading=\"lazy\" decoding=\"async\" class=\"size-full wp-image-39442\" src=\"https:\/\/www.porlalibreedomex.com\/wp-content\/uploads\/2020\/04\/WhatsApp-Image-2020-04-23-at-8.58.56-AM.jpeg\" alt=\"\" width=\"1280\" height=\"720\" srcset=\"https:\/\/www.porlalibreedomex.com\/wp-content\/uploads\/2020\/04\/WhatsApp-Image-2020-04-23-at-8.58.56-AM.jpeg 1280w, https:\/\/www.porlalibreedomex.com\/wp-content\/uploads\/2020\/04\/WhatsApp-Image-2020-04-23-at-8.58.56-AM-300x169.jpeg 300w, https:\/\/www.porlalibreedomex.com\/wp-content\/uploads\/2020\/04\/WhatsApp-Image-2020-04-23-at-8.58.56-AM-768x432.jpeg 768w, https:\/\/www.porlalibreedomex.com\/wp-content\/uploads\/2020\/04\/WhatsApp-Image-2020-04-23-at-8.58.56-AM-1024x576.jpeg 1024w\" sizes=\"auto, (max-width: 1280px) 100vw, 1280px\" \/><\/a><figcaption id=\"caption-attachment-39442\" class=\"wp-caption-text\">Alfredo del Mazo Maza, Gobernador del Estado de M\u00e9xico.<\/figcaption><\/figure>\n<p>El Gobernador enfatiz\u00f3 que, producto de las medidas adoptadas por su Gobierno, se ha logrado reducir en 40 e incluso, 60 por ciento, la movilidad de personas en algunas regiones de la entidad, sin embargo, subray\u00f3 que es fundamental aminorar a\u00fan m\u00e1s esta cifra, y por ello las nuevas acciones de la Fase 3, como disminuir 50 por ciento la ocupaci\u00f3n del transporte p\u00fablico, o el uso permanente de cubrebocas en v\u00eda p\u00fablica, entre otras.<\/p>\n<p>En entrevista televisiva, el mandatario mexiquense puntualiz\u00f3 que su administraci\u00f3n mantiene una estrecha colaboraci\u00f3n con el Gobierno de la Ciudad de M\u00e9xico, pues la zona metropolitana del Valle de M\u00e9xico, al estar poblada por m\u00e1s de 20 millones de personas, no conoce fronteras y ah\u00ed se requieren acciones conjuntas para proteger eficazmente a la gente.<\/p>\n<p><a href=\"https:\/\/www.porlalibreedomex.com\/wp-content\/uploads\/2020\/04\/WhatsApp-Image-2020-04-23-at-8.58.57-AM.jpeg\"><img loading=\"lazy\" decoding=\"async\" class=\"aligncenter size-full wp-image-39441\" src=\"https:\/\/www.porlalibreedomex.com\/wp-content\/uploads\/2020\/04\/WhatsApp-Image-2020-04-23-at-8.58.57-AM.jpeg\" alt=\"\" width=\"1280\" height=\"720\" srcset=\"https:\/\/www.porlalibreedomex.com\/wp-content\/uploads\/2020\/04\/WhatsApp-Image-2020-04-23-at-8.58.57-AM.jpeg 1280w, https:\/\/www.porlalibreedomex.com\/wp-content\/uploads\/2020\/04\/WhatsApp-Image-2020-04-23-at-8.58.57-AM-300x169.jpeg 300w, https:\/\/www.porlalibreedomex.com\/wp-content\/uploads\/2020\/04\/WhatsApp-Image-2020-04-23-at-8.58.57-AM-768x432.jpeg 768w, https:\/\/www.porlalibreedomex.com\/wp-content\/uploads\/2020\/04\/WhatsApp-Image-2020-04-23-at-8.58.57-AM-1024x576.jpeg 1024w\" sizes=\"auto, (max-width: 1280px) 100vw, 1280px\" \/><\/a><\/p>\n<p>\u00abHay una estrecha colaboraci\u00f3n con la Ciudad de M\u00e9xico, con la Jefa de Gobierno, con Claudia Sheinbaum, hemos estado trabajando permanentemente, porque toda la zona metropolitana del centro del pa\u00eds, el Valle de M\u00e9xico, no conoce fronteras, cruzas la calle est\u00e1s en el Estado de M\u00e9xico, cruzas la calle est\u00e1s en la Ciudad de M\u00e9xico.<\/p>\n<p>\u201cEntonces, si no hacemos un ejercicio simult\u00e1neo, las medidas que se tomen en un lado, el otro lado lo contamina y viceversa\u00bb, expres\u00f3.<\/p>\n<p>Del Mazo Maza a\u00f1adi\u00f3 que en esta etapa se sancionar\u00e1 a las empresas que no atiendan las recomendaciones sanitarias, y explic\u00f3 que tambi\u00e9n se tomar\u00e1n medidas como la suspensi\u00f3n temporal de comercios e incluso, multas; mientras que las personas que no acaten las recomendaciones al salir a alg\u00fan espacio p\u00fablico, recibir\u00e1n amonestaciones o faltas administrativas.<\/p>\n<p><a href=\"https:\/\/www.porlalibreedomex.com\/wp-content\/uploads\/2020\/04\/WhatsApp-Image-2020-04-23-at-8.58.57-AM-2.jpeg\"><img loading=\"lazy\" decoding=\"async\" class=\"aligncenter size-large wp-image-39440\" src=\"https:\/\/www.porlalibreedomex.com\/wp-content\/uploads\/2020\/04\/WhatsApp-Image-2020-04-23-at-8.58.57-AM-2-1024x576.jpeg\" alt=\"\" width=\"800\" height=\"450\" srcset=\"https:\/\/www.porlalibreedomex.com\/wp-content\/uploads\/2020\/04\/WhatsApp-Image-2020-04-23-at-8.58.57-AM-2-1024x576.jpeg 1024w, https:\/\/www.porlalibreedomex.com\/wp-content\/uploads\/2020\/04\/WhatsApp-Image-2020-04-23-at-8.58.57-AM-2-300x169.jpeg 300w, https:\/\/www.porlalibreedomex.com\/wp-content\/uploads\/2020\/04\/WhatsApp-Image-2020-04-23-at-8.58.57-AM-2-768x432.jpeg 768w, https:\/\/www.porlalibreedomex.com\/wp-content\/uploads\/2020\/04\/WhatsApp-Image-2020-04-23-at-8.58.57-AM-2.jpeg 1280w\" sizes=\"auto, (max-width: 800px) 100vw, 800px\" \/><\/a><\/p>\n<p>Luego de informar que <strong>actualmente hay mil 157 casos positivos y 293 pacientes con COVID-19 hospitalizados en el Edom\u00e9x<\/strong>, subray\u00f3 que tambi\u00e9n comenzaron a desarrollarse operativos con Protecci\u00f3n Civil del estado para llamar a la ciudadan\u00eda a evitar salir de sus hogares, o hacerlo s\u00f3lo para actividades escenciales.<\/p>\n<p>Asimismo, afirm\u00f3 que su administraci\u00f3n inst\u00f3 a los ayuntamientos mexiquenses para que apoyen en la aplicaci\u00f3n de estas medidas, y tener as\u00ed mayor capacidad de llegar a m\u00e1s establecimientos en el estado.<\/p>\n","protected":false},"excerpt":{"rendered":"<p>El sector salud mexiquense se prepara para brindar atenci\u00f3n a las personas que lo requieran, informa el Gobernador. Externa que es fundamental aminorar la movilidad en la regi\u00f3n conurbada del Valle de M\u00e9xico. Se determin\u00f3 reducir el transporte p\u00fablico y se hizo obligatorio usar cubrebocas, Habr\u00e1 sanciones a empresas que no atiendan las recomendaciones sanitarias, [&hellip;]<\/p>\n","protected":false},"author":3,"featured_media":39443,"comment_status":"open","ping_status":"open","sticky":false,"template":"","format":"standard","meta":{"footnotes":""},"categories":[16,9150,9209],"tags":[5443,17682,17681,17683,17684,17680],"class_list":{"0":"post-39439","1":"post","2":"type-post","3":"status-publish","4":"format-standard","5":"has-post-thumbnail","7":"category-foto","8":"category-politica","9":"category-salud","10":"tag-alfredo-del-mazo-maza","11":"tag-coordinacion-con-cdmx","12":"tag-covid-19-fase-3","13":"tag-el-virus-no-reconopce-fronteras","14":"tag-sin-fronteras-edomex-cdmx","15":"tag-viene-la-fase-mas-critica"},"wps_subtitle":"El pico de contagios en la entidad se espera entre el 9 y 29 de mayo","_links":{"self":[{"href":"https:\/\/www.porlalibreedomex.com\/index.php?rest_route=\/wp\/v2\/posts\/39439","targetHints":{"allow":["GET"]}}],"collection":[{"href":"https:\/\/www.porlalibreedomex.com\/index.php?rest_route=\/wp\/v2\/posts"}],"about":[{"href":"https:\/\/www.porlalibreedomex.com\/index.php?rest_route=\/wp\/v2\/types\/post"}],"author":[{"embeddable":true,"href":"https:\/\/www.porlalibreedomex.com\/index.php?rest_route=\/wp\/v2\/users\/3"}],"replies":[{"embeddable":true,"href":"https:\/\/www.porlalibreedomex.com\/index.php?rest_route=%2Fwp%2Fv2%2Fcomments&post=39439"}],"version-history":[{"count":3,"href":"https:\/\/www.porlalibreedomex.com\/index.php?rest_route=\/wp\/v2\/posts\/39439\/revisions"}],"predecessor-version":[{"id":39446,"href":"https:\/\/www.porlalibreedomex.com\/index.php?rest_route=\/wp\/v2\/posts\/39439\/revisions\/39446"}],"wp:featuredmedia":[{"embeddable":true,"href":"https:\/\/www.porlalibreedomex.com\/index.php?rest_route=\/wp\/v2\/media\/39443"}],"wp:attachment":[{"href":"https:\/\/www.porlalibreedomex.com\/index.php?rest_route=%2Fwp%2Fv2%2Fmedia&parent=39439"}],"wp:term":[{"taxonomy":"category","embeddable":true,"href":"https:\/\/www.porlalibreedomex.com\/index.php?rest_route=%2Fwp%2Fv2%2Fcategories&post=39439"},{"taxonomy":"post_tag","embeddable":true,"href":"https:\/\/www.porlalibreedomex.com\/index.php?rest_route=%2Fwp%2Fv2%2Ftags&post=39439"}],"curies":[{"name":"wp","href":"https:\/\/api.w.org\/{rel}","templated":true}]}}