{"id":39111,"date":"2020-04-11T01:04:13","date_gmt":"2020-04-11T06:04:13","guid":{"rendered":"https:\/\/www.porlalibreedomex.com\/?p=39111"},"modified":"2020-04-12T01:04:40","modified_gmt":"2020-04-12T06:04:40","slug":"secretaria-de-seguridad-edomex-instala-centro-de-acopio-para-apoyar-a-la-ciudadania-ante-contingencia-por-covid-19","status":"publish","type":"post","link":"https:\/\/www.porlalibreedomex.com\/?p=39111","title":{"rendered":"SECRETAR\u00cdA DE SEGURIDAD EDOM\u00c9X INSTALA CENTRO DE ACOPIO PARA APOYAR A LA CIUDADAN\u00cdA ANTE CONTINGENCIA POR COVID-19"},"content":{"rendered":"<p><a href=\"https:\/\/www.porlalibreedomex.com\/wp-content\/uploads\/2020\/04\/WhatsApp-Image-2020-04-11-at-09.34.23.jpeg\"><img loading=\"lazy\" decoding=\"async\" class=\"aligncenter size-full wp-image-39113\" src=\"https:\/\/www.porlalibreedomex.com\/wp-content\/uploads\/2020\/04\/WhatsApp-Image-2020-04-11-at-09.34.23.jpeg\" alt=\"\" width=\"1280\" height=\"1133\" srcset=\"https:\/\/www.porlalibreedomex.com\/wp-content\/uploads\/2020\/04\/WhatsApp-Image-2020-04-11-at-09.34.23.jpeg 1280w, https:\/\/www.porlalibreedomex.com\/wp-content\/uploads\/2020\/04\/WhatsApp-Image-2020-04-11-at-09.34.23-300x266.jpeg 300w, https:\/\/www.porlalibreedomex.com\/wp-content\/uploads\/2020\/04\/WhatsApp-Image-2020-04-11-at-09.34.23-768x680.jpeg 768w, https:\/\/www.porlalibreedomex.com\/wp-content\/uploads\/2020\/04\/WhatsApp-Image-2020-04-11-at-09.34.23-1024x906.jpeg 1024w\" sizes=\"auto, (max-width: 1280px) 100vw, 1280px\" \/><\/a><\/p>\n<ul>\n<li><em> Se ayuda a personas de escasos recursos, o que por la contingencia han suspendido o perdido sus trabajos<\/em><\/li>\n<li><em> Iniciativa de la Subsecretar\u00eda de Control Penitenciario que invita a los mexiquenses a contribuir con alimentos no perecederos<\/em><\/li>\n<\/ul>\n<p>&nbsp;<\/p>\n<p>Ante la contingencia por la pandemia de COVID-19 y con la finalidad de apoyar a personas de escasos recursos o que se han visto afectadas por el cierre de negocios locales, la Secretar\u00eda de Seguridad (SS) a trav\u00e9s de la Subsecretar\u00eda de Control Penitenciario estableci\u00f3 un centro de acopio y distribuci\u00f3n, en este municipio.<\/p>\n<p>Bajo el lema<strong> \u201cQuien pueda deje; quien no pueda agarre\u201d,<\/strong> desde el pasado 6 de abril, est\u00e1 en funci\u00f3n el centro de acopio mediante el cual <strong>se busca recolectar productos no perecederos como pastas, frijol, at\u00fan, leche en polvo, aceite, jab\u00f3n y de higiene personal, estando disponible en un horario de 09:00 a 17:00 horas, de lunes a viernes, espacios en el que las personas pueden tomar hasta dos productos.<\/strong><\/p>\n<p><a href=\"https:\/\/www.porlalibreedomex.com\/wp-content\/uploads\/2020\/04\/WhatsApp-Image-2020-04-11-at-09.34.22-3.jpeg\"><img loading=\"lazy\" decoding=\"async\" class=\"aligncenter size-large wp-image-39114\" src=\"https:\/\/www.porlalibreedomex.com\/wp-content\/uploads\/2020\/04\/WhatsApp-Image-2020-04-11-at-09.34.22-3-1024x894.jpeg\" alt=\"\" width=\"800\" height=\"698\" srcset=\"https:\/\/www.porlalibreedomex.com\/wp-content\/uploads\/2020\/04\/WhatsApp-Image-2020-04-11-at-09.34.22-3-1024x894.jpeg 1024w, https:\/\/www.porlalibreedomex.com\/wp-content\/uploads\/2020\/04\/WhatsApp-Image-2020-04-11-at-09.34.22-3-300x262.jpeg 300w, https:\/\/www.porlalibreedomex.com\/wp-content\/uploads\/2020\/04\/WhatsApp-Image-2020-04-11-at-09.34.22-3-768x671.jpeg 768w, https:\/\/www.porlalibreedomex.com\/wp-content\/uploads\/2020\/04\/WhatsApp-Image-2020-04-11-at-09.34.22-3.jpeg 1280w\" sizes=\"auto, (max-width: 800px) 100vw, 800px\" \/><\/a><\/p>\n<p>Por su parte Marco Antonio Riquelme Barrios, Director de la Polic\u00eda Procesal, explic\u00f3 que, estas acciones van dirigidas a a las personas que se encuentran en descanso obligatorio y no perciben un ingreso, o en caso de haber perdido su empleo por la contingencia, por lo que se les dificulta adquirir alimentos para su familia. \u201cEsta idea surgi\u00f3 por la contingencia que estamos pasando ahorita todo el pa\u00eds, lo del COVID-19, nos ha tenido preocupados a todos, entonces esta idea surge como una ayuda para todas las personas\u201d, expres\u00f3.<\/p>\n<p>Cabe mencionar que los primeros productos que se empezaron a entregar fueron adquiridos por mandos y elementos que laboran en las instalaciones de la Coordinaci\u00f3n de Capacitaci\u00f3n y Formaci\u00f3n Penitenciaria (COCAFOPE), y con el pasar de los d\u00edas, ciudadanos han ido donado productos.<\/p>\n<p>&nbsp;<\/p>\n<p>Pedro Valent\u00edn Orozco, particular de la Direcci\u00f3n de Polic\u00eda Procesal expuso que los alimentos recibidos \u201cantes de ponerlos en lo que es el stand nosotros lo llevamos a una sanitizaci\u00f3n, lo desinfectamos con alcohol y gel antibacterial para poderlo dejar\u201d, adem\u00e1s de que los elementos que brindan atenci\u00f3n a la ciudadan\u00eda, cumplen con el protocolo de seguridad e higiene establecido en el orden General de Operaciones de la SS, por lo que hacen uso de cubre bocas.<\/p>\n<p>La SS invita a la poblaci\u00f3n mexiquense a unirse a esta iniciativa cuyo prop\u00f3sito es contribuir en la crisis que muchas familias sufren debido a la pandemia.<\/p>\n<p>La Secretar\u00eda de Seguridad le recuerda que los tel\u00e9fonos 089 Denuncia An\u00f3nima y 9-1-1 N\u00famero de Emergencias trabajan las 24 horas del d\u00eda. Puede contactarnos a trav\u00e9s de las redes sociales: Facebook @SS.Edomex, y en Twitter @ SS_Edomex<\/p>\n","protected":false},"excerpt":{"rendered":"<p>Se ayuda a personas de escasos recursos, o que por la contingencia han suspendido o perdido sus trabajos Iniciativa de la Subsecretar\u00eda de Control Penitenciario que invita a los mexiquenses a contribuir con alimentos no perecederos &nbsp; Ante la contingencia por la pandemia de COVID-19 y con la finalidad de apoyar a personas de escasos [&hellip;]<\/p>\n","protected":false},"author":3,"featured_media":39115,"comment_status":"open","ping_status":"open","sticky":false,"template":"","format":"standard","meta":{"footnotes":""},"categories":[16,9145,9149],"tags":[17518,17517,17516],"class_list":{"0":"post-39111","1":"post","2":"type-post","3":"status-publish","4":"format-standard","5":"has-post-thumbnail","7":"category-foto","8":"category-general","9":"category-policiaca","10":"tag-quien-no-pueda-agarre","11":"tag-acopia-viveres-policia-edomex","12":"tag-donativos-para-necesitados"},"wps_subtitle":"APARECE LA SOLIDARIDAD ENTRE HABITANTES DEL ESTADO DE M\u00c9XICO","_links":{"self":[{"href":"https:\/\/www.porlalibreedomex.com\/index.php?rest_route=\/wp\/v2\/posts\/39111","targetHints":{"allow":["GET"]}}],"collection":[{"href":"https:\/\/www.porlalibreedomex.com\/index.php?rest_route=\/wp\/v2\/posts"}],"about":[{"href":"https:\/\/www.porlalibreedomex.com\/index.php?rest_route=\/wp\/v2\/types\/post"}],"author":[{"embeddable":true,"href":"https:\/\/www.porlalibreedomex.com\/index.php?rest_route=\/wp\/v2\/users\/3"}],"replies":[{"embeddable":true,"href":"https:\/\/www.porlalibreedomex.com\/index.php?rest_route=%2Fwp%2Fv2%2Fcomments&post=39111"}],"version-history":[{"count":1,"href":"https:\/\/www.porlalibreedomex.com\/index.php?rest_route=\/wp\/v2\/posts\/39111\/revisions"}],"predecessor-version":[{"id":39116,"href":"https:\/\/www.porlalibreedomex.com\/index.php?rest_route=\/wp\/v2\/posts\/39111\/revisions\/39116"}],"wp:featuredmedia":[{"embeddable":true,"href":"https:\/\/www.porlalibreedomex.com\/index.php?rest_route=\/wp\/v2\/media\/39115"}],"wp:attachment":[{"href":"https:\/\/www.porlalibreedomex.com\/index.php?rest_route=%2Fwp%2Fv2%2Fmedia&parent=39111"}],"wp:term":[{"taxonomy":"category","embeddable":true,"href":"https:\/\/www.porlalibreedomex.com\/index.php?rest_route=%2Fwp%2Fv2%2Fcategories&post=39111"},{"taxonomy":"post_tag","embeddable":true,"href":"https:\/\/www.porlalibreedomex.com\/index.php?rest_route=%2Fwp%2Fv2%2Ftags&post=39111"}],"curies":[{"name":"wp","href":"https:\/\/api.w.org\/{rel}","templated":true}]}}