{"id":39104,"date":"2020-04-11T00:32:13","date_gmt":"2020-04-11T05:32:13","guid":{"rendered":"https:\/\/www.porlalibreedomex.com\/?p=39104"},"modified":"2020-04-12T00:32:47","modified_gmt":"2020-04-12T05:32:47","slug":"participa-el-ballet-folclorico-del-estado-de-mexico-en-la-iniciativa-hagamos-clickenfamilia","status":"publish","type":"post","link":"https:\/\/www.porlalibreedomex.com\/?p=39104","title":{"rendered":"PARTICIPA EL BALLET FOLCL\u00d3RICO DEL ESTADO DE M\u00c9XICO EN LA INICIATIVA \u201cHAGAMOS #CLICKENFAMILIA\u201d"},"content":{"rendered":"<ul>\n<li><em><strong>Brindan integrantes del ballet una clase de un bailable del sur del Edom\u00e9x.<\/strong><\/em><\/li>\n<li><em><strong>Busca fortalecer la identidad mexiquense, a trav\u00e9s de la danza.<\/strong><\/em><\/li>\n<\/ul>\n<p><strong>Texcoco, Estado de M\u00e9xico, 11 de abril de 2020.<\/strong> El Ballet Folcl\u00f3rico del Estado de M\u00e9xico comparti\u00f3 a trav\u00e9s del programa cultural digital \u201cHagamos #ClickEnFamilia\u201d una clase de baile folcl\u00f3rico, para que todas y todos los mexiquenses puedan participar y apreciar el trabajo de uno de los mejores ballets de M\u00e9xico.<br \/>\nPara su difusi\u00f3n en Hagamos #ClickEnFamilia, los hermanos Axel Gonz\u00e1lez L\u00f3pez y Mar\u00eda Fernanda Gonz\u00e1lez L\u00f3pez, integrantes del Ballet Folcl\u00f3rico del Estado de M\u00e9xico, oriundos del municipio de Texcalyacac, grabaron una clase de baile para que el p\u00fablico vea el trabajo que desarrollan, interpretando una de las danzas representativas del sur del Estado de M\u00e9xico, particularmente del municipio de Santo Tom\u00e1s de los Pl\u00e1tanos, llamada \u201cLas Abaje\u00f1as\u201d.<\/p>\n<p><a href=\"https:\/\/www.porlalibreedomex.com\/wp-content\/uploads\/2020\/04\/Ballet-Folkl\u00f3rico-del-Edomex.jpeg\"><img loading=\"lazy\" decoding=\"async\" class=\"aligncenter size-large wp-image-39106\" src=\"https:\/\/www.porlalibreedomex.com\/wp-content\/uploads\/2020\/04\/Ballet-Folkl\u00f3rico-del-Edomex-1024x842.jpeg\" alt=\"\" width=\"800\" height=\"658\" srcset=\"https:\/\/www.porlalibreedomex.com\/wp-content\/uploads\/2020\/04\/Ballet-Folkl\u00f3rico-del-Edomex-1024x842.jpeg 1024w, https:\/\/www.porlalibreedomex.com\/wp-content\/uploads\/2020\/04\/Ballet-Folkl\u00f3rico-del-Edomex-300x247.jpeg 300w, https:\/\/www.porlalibreedomex.com\/wp-content\/uploads\/2020\/04\/Ballet-Folkl\u00f3rico-del-Edomex-768x632.jpeg 768w, https:\/\/www.porlalibreedomex.com\/wp-content\/uploads\/2020\/04\/Ballet-Folkl\u00f3rico-del-Edomex.jpeg 1280w\" sizes=\"auto, (max-width: 800px) 100vw, 800px\" \/><\/a><br \/>\nAl respecto Mar\u00eda Fernanda comenta \u201clas Abaje\u00f1as es un baile que requiere mucha fuerza y t\u00e9cnica en el zapateado, pero sobre todo alegr\u00eda al expresarlo. Adem\u00e1s, es una forma de darnos a conocer como bailarines y como representantes del ballet y demostrarle a la gente que pueden realizar actividad estando en casa.<br \/>\n\u201cTratamos de explicar el zapateado y despu\u00e9s hacerlo con la velocidad y el porte, lo tratamos de hacer muy sencillo, para que la gente que no son bailarines se motiven a practicarlo\u201d, explic\u00f3.<br \/>\nPor su parte, Axel, comenta que estas iniciativas son importantes para mantener las ra\u00edces como mexicanos \u201cporque se est\u00e1n perdiendo lamentablemente, para recordar quienes somos y quienes fuimos\u201d.<br \/>\nAgreg\u00f3, que lo principal para ser un buen bailar\u00edn es la pasi\u00f3n, las ganas de salir adelante y de crecer como persona.<br \/>\nAmbos se\u00f1alan, que es un orgullo pertenecer al Ballet Folcl\u00f3rico del Estado de M\u00e9xico, pues es uno de los que tiene mejor nivel, bajo la conducci\u00f3n de la maestra Dolores Menchaca.<br \/>\nEl Gobierno del Estado de M\u00e9xico, a trav\u00e9s de la Secretar\u00eda de Cultura, lleva a cabo la difusi\u00f3n de actividades culturales y deportivas, cuyo objetivo es que las familias que se quedan en casa durante la contingencia sanitaria, para evitar la propagaci\u00f3n del COVID-19, puedan acceder a conciertos, cuentacuentos, podcast, presentaciones de libros, charlas, historias de vida de deportistas y artistas mexiquenses, visitas virtuales a los museos, talleres, activaci\u00f3n f\u00edsica, cortometrajes y mucho m\u00e1s, por medio de redes sociales.<\/p>\n<p><a href=\"https:\/\/www.porlalibreedomex.com\/wp-content\/uploads\/2020\/04\/bALLET-fOLKL\u00d3RICO-DEL-ESTADO-DE-M\u00c9XICO.jpeg\"><img loading=\"lazy\" decoding=\"async\" class=\"aligncenter size-full wp-image-39107\" src=\"https:\/\/www.porlalibreedomex.com\/wp-content\/uploads\/2020\/04\/bALLET-fOLKL\u00d3RICO-DEL-ESTADO-DE-M\u00c9XICO.jpeg\" alt=\"\" width=\"993\" height=\"662\" srcset=\"https:\/\/www.porlalibreedomex.com\/wp-content\/uploads\/2020\/04\/bALLET-fOLKL\u00d3RICO-DEL-ESTADO-DE-M\u00c9XICO.jpeg 993w, https:\/\/www.porlalibreedomex.com\/wp-content\/uploads\/2020\/04\/bALLET-fOLKL\u00d3RICO-DEL-ESTADO-DE-M\u00c9XICO-300x200.jpeg 300w, https:\/\/www.porlalibreedomex.com\/wp-content\/uploads\/2020\/04\/bALLET-fOLKL\u00d3RICO-DEL-ESTADO-DE-M\u00c9XICO-768x512.jpeg 768w\" sizes=\"auto, (max-width: 993px) 100vw, 993px\" \/><\/a><br \/>\nEs as\u00ed que se cont\u00f3 con la participaci\u00f3n del Ballet Folcl\u00f3rico del Estado de M\u00e9xico, fundado en el a\u00f1o de 1987 y dirigido por la maestra Dolores Menchaca, caracterizado por enaltecer la identidad, diversidad y tradiciones de cada regi\u00f3n del pa\u00eds, haciendo \u00e9nfasis en los pueblos originarios, logrando reconocimiento nacional e internacional.<br \/>\nSe ha presentado en diferentes festivales en pa\u00edses como Espa\u00f1a, Israel, Estado Unidos, Italia, Grecia, Alemania, Turqu\u00eda, Hungr\u00eda, Yugoslavia, Argentina, Chile, Uruguay, Brasil, Canad\u00e1, Egipto y China.<br \/>\nMientras, que, en la Rep\u00fablica mexicana, en los estados de Hidalgo, Zacatecas, Tamaulipas, Monterrey, Tabasco, Coahuila, Guanajuato y en el Palacio de Bellas Artes en la Ciudad de M\u00e9xico.<br \/>\nPuedes acceder a la clase de baile en Hagamos #ClickEnFamilia, a trav\u00e9s de las redes sociales de la Secretar\u00eda de Cultura, Facebook y Twitter @CulturaEdomex,<\/p>\n","protected":false},"excerpt":{"rendered":"<p>Brindan integrantes del ballet una clase de un bailable del sur del Edom\u00e9x. Busca fortalecer la identidad mexiquense, a trav\u00e9s de la danza. Texcoco, Estado de M\u00e9xico, 11 de abril de 2020. El Ballet Folcl\u00f3rico del Estado de M\u00e9xico comparti\u00f3 a trav\u00e9s del programa cultural digital \u201cHagamos #ClickEnFamilia\u201d una clase de baile folcl\u00f3rico, para que [&hellip;]<\/p>\n","protected":false},"author":3,"featured_media":39105,"comment_status":"open","ping_status":"open","sticky":false,"template":"","format":"standard","meta":{"footnotes":""},"categories":[9873,9157,16],"tags":[],"class_list":{"0":"post-39104","1":"post","2":"type-post","3":"status-publish","4":"format-standard","5":"has-post-thumbnail","7":"category-cultura","8":"category-edomex","9":"category-foto"},"wps_subtitle":"","_links":{"self":[{"href":"https:\/\/www.porlalibreedomex.com\/index.php?rest_route=\/wp\/v2\/posts\/39104","targetHints":{"allow":["GET"]}}],"collection":[{"href":"https:\/\/www.porlalibreedomex.com\/index.php?rest_route=\/wp\/v2\/posts"}],"about":[{"href":"https:\/\/www.porlalibreedomex.com\/index.php?rest_route=\/wp\/v2\/types\/post"}],"author":[{"embeddable":true,"href":"https:\/\/www.porlalibreedomex.com\/index.php?rest_route=\/wp\/v2\/users\/3"}],"replies":[{"embeddable":true,"href":"https:\/\/www.porlalibreedomex.com\/index.php?rest_route=%2Fwp%2Fv2%2Fcomments&post=39104"}],"version-history":[{"count":1,"href":"https:\/\/www.porlalibreedomex.com\/index.php?rest_route=\/wp\/v2\/posts\/39104\/revisions"}],"predecessor-version":[{"id":39108,"href":"https:\/\/www.porlalibreedomex.com\/index.php?rest_route=\/wp\/v2\/posts\/39104\/revisions\/39108"}],"wp:featuredmedia":[{"embeddable":true,"href":"https:\/\/www.porlalibreedomex.com\/index.php?rest_route=\/wp\/v2\/media\/39105"}],"wp:attachment":[{"href":"https:\/\/www.porlalibreedomex.com\/index.php?rest_route=%2Fwp%2Fv2%2Fmedia&parent=39104"}],"wp:term":[{"taxonomy":"category","embeddable":true,"href":"https:\/\/www.porlalibreedomex.com\/index.php?rest_route=%2Fwp%2Fv2%2Fcategories&post=39104"},{"taxonomy":"post_tag","embeddable":true,"href":"https:\/\/www.porlalibreedomex.com\/index.php?rest_route=%2Fwp%2Fv2%2Ftags&post=39104"}],"curies":[{"name":"wp","href":"https:\/\/api.w.org\/{rel}","templated":true}]}}