{"id":38686,"date":"2020-03-28T00:37:49","date_gmt":"2020-03-28T06:37:49","guid":{"rendered":"https:\/\/www.porlalibreedomex.com\/?p=38686"},"modified":"2020-03-29T00:42:09","modified_gmt":"2020-03-29T06:42:09","slug":"detiene-policia-mexiquense-a-ratero-de-cdmx-que-llego-a-ixtlahuaca-a-robar-celulares","status":"publish","type":"post","link":"https:\/\/www.porlalibreedomex.com\/?p=38686","title":{"rendered":"DETIENE POLIC\u00cdA MEXIQUENSE A RATERO DE CDMX QUE LLEG\u00d3 A IXTLAHUACA A ROBAR CELULARES"},"content":{"rendered":"<p style=\"font-weight: 400;\">En el preciso momento en que sustra\u00eda equipos de telefon\u00eda celular de una vitrina, elementos de la Secretar\u00eda de Seguridad (SS), detuvieron a un sujeto al interior de una tienda departamental de esta jurisdicci\u00f3n.<\/p>\n<p style=\"font-weight: 400;\">El establecimiento comercial, ubicado sobre la avenida Gustavo Baz Prada esquina Calle Francisco L\u00f3pez Ray\u00f3n activ\u00f3 el protocolo de seguridad establecido, desplegando las acciones operativas pertinentes a trav\u00e9s del Centro de Control, Comando, Comunicaci\u00f3n, C\u00f3mputo y Calidad (C5), que inform\u00f3 a los elementos en campo, para llevar a cabo el operativo de seguridad previsto para estos casos.<\/p>\n<figure id=\"attachment_38687\" aria-describedby=\"caption-attachment-38687\" style=\"width: 821px\" class=\"wp-caption aligncenter\"><a href=\"https:\/\/www.porlalibreedomex.com\/wp-content\/uploads\/2020\/03\/WhatsApp-Image-2020-03-27-at-3.40.00-PM-3.jpeg\"><img loading=\"lazy\" decoding=\"async\" class=\"size-full wp-image-38687\" src=\"https:\/\/www.porlalibreedomex.com\/wp-content\/uploads\/2020\/03\/WhatsApp-Image-2020-03-27-at-3.40.00-PM-3.jpeg\" alt=\"\" width=\"821\" height=\"1280\" srcset=\"https:\/\/www.porlalibreedomex.com\/wp-content\/uploads\/2020\/03\/WhatsApp-Image-2020-03-27-at-3.40.00-PM-3.jpeg 821w, https:\/\/www.porlalibreedomex.com\/wp-content\/uploads\/2020\/03\/WhatsApp-Image-2020-03-27-at-3.40.00-PM-3-192x300.jpeg 192w, https:\/\/www.porlalibreedomex.com\/wp-content\/uploads\/2020\/03\/WhatsApp-Image-2020-03-27-at-3.40.00-PM-3-768x1197.jpeg 768w, https:\/\/www.porlalibreedomex.com\/wp-content\/uploads\/2020\/03\/WhatsApp-Image-2020-03-27-at-3.40.00-PM-3-657x1024.jpeg 657w\" sizes=\"auto, (max-width: 821px) 100vw, 821px\" \/><\/a><figcaption id=\"caption-attachment-38687\" class=\"wp-caption-text\">Ratero allan\u00f3 un negocio en el municipio de Ixtlahuaca,, de donde sustrajo 25 tel\u00e9fonos celulares. Al tratar de sacapar, lo esperaba la polic\u00eda del Estado de M\u00e9xico. SI LO RECONOCE, DEN\u00daNCIELO !<\/figcaption><\/figure>\n<p>&nbsp;<\/p>\n<p style=\"font-weight: 400;\">Efectivos de la Direcci\u00f3n General de Combate al Robo de Veh\u00edculos y Transporte (DGCRVyT), recibieron el alertamiento de un robo en proceso en el establecimiento, por lo que de inmediato acudieron al sitio para lograr la detenci\u00f3n del probable responsable.<\/p>\n<p style=\"font-weight: 400;\">El sujeto rompi\u00f3 varias vitrinas con el mazo, luego de ingresar por el techo del local comercial, por el cual pretend\u00eda darse a la fuga, sin embargo, fue detenido cuando al saltar a la calle desde la azotea, ya lo esperaban m\u00e1s elementos de seguridad.<\/p>\n<p><a href=\"https:\/\/www.porlalibreedomex.com\/wp-content\/uploads\/2020\/03\/WhatsApp-Image-2020-03-27-at-3.39.59-PM-2.jpeg\"><img loading=\"lazy\" decoding=\"async\" class=\"aligncenter size-full wp-image-38689\" src=\"https:\/\/www.porlalibreedomex.com\/wp-content\/uploads\/2020\/03\/WhatsApp-Image-2020-03-27-at-3.39.59-PM-2.jpeg\" alt=\"\" width=\"672\" height=\"807\" srcset=\"https:\/\/www.porlalibreedomex.com\/wp-content\/uploads\/2020\/03\/WhatsApp-Image-2020-03-27-at-3.39.59-PM-2.jpeg 672w, https:\/\/www.porlalibreedomex.com\/wp-content\/uploads\/2020\/03\/WhatsApp-Image-2020-03-27-at-3.39.59-PM-2-250x300.jpeg 250w\" sizes=\"auto, (max-width: 672px) 100vw, 672px\" \/><\/a><\/p>\n<p style=\"font-weight: 400;\">El sujeto, tras ser detenido en flagrancia y practicarle una revisi\u00f3n de rutina a la que accedi\u00f3 de forma voluntaria, llevaba consigo una mochila en la cual hab\u00eda guardado 25 aparatos de telefon\u00eda celular de diferentes marcas y un mazo de acero con mango naranja, adem\u00e1s de que ten\u00eda cubierta la cara con una m\u00e1scara blanca de \u00abAnonimous\u00bb.<\/p>\n<figure id=\"attachment_38691\" aria-describedby=\"caption-attachment-38691\" style=\"width: 1040px\" class=\"wp-caption aligncenter\"><a href=\"https:\/\/www.porlalibreedomex.com\/wp-content\/uploads\/2020\/03\/WhatsApp-Image-2020-03-27-at-3.40.00-PM-1.jpeg\"><img loading=\"lazy\" decoding=\"async\" class=\"size-full wp-image-38691\" src=\"https:\/\/www.porlalibreedomex.com\/wp-content\/uploads\/2020\/03\/WhatsApp-Image-2020-03-27-at-3.40.00-PM-1.jpeg\" alt=\"\" width=\"1040\" height=\"780\" srcset=\"https:\/\/www.porlalibreedomex.com\/wp-content\/uploads\/2020\/03\/WhatsApp-Image-2020-03-27-at-3.40.00-PM-1.jpeg 1040w, https:\/\/www.porlalibreedomex.com\/wp-content\/uploads\/2020\/03\/WhatsApp-Image-2020-03-27-at-3.40.00-PM-1-300x225.jpeg 300w, https:\/\/www.porlalibreedomex.com\/wp-content\/uploads\/2020\/03\/WhatsApp-Image-2020-03-27-at-3.40.00-PM-1-768x576.jpeg 768w, https:\/\/www.porlalibreedomex.com\/wp-content\/uploads\/2020\/03\/WhatsApp-Image-2020-03-27-at-3.40.00-PM-1-1024x768.jpeg 1024w\" sizes=\"auto, (max-width: 1040px) 100vw, 1040px\" \/><\/a><figcaption id=\"caption-attachment-38691\" class=\"wp-caption-text\">Ratero con domicilio en la Ciudad de M\u00e9xico, hizo una \u00abexcursi\u00f3n\u00bb a Ixtlahuaca para robar celulares en una tienda de Ixtlahuaca, y fue detenido en flagrancia por la Polic\u00eda Mexiquense.<\/figcaption><\/figure>\n<p style=\"font-weight: 400;\">Tras la lectura de los derechos que la ley confiere, Pablo \u201cN\u201d de 34 a\u00f1os de edad, vecino de la Ciudad de M\u00e9xico, fue trasladado a la Fiscal\u00eda Regional con sede en Ixtlahuaca, donde se determinar\u00e1 su situaci\u00f3n jur\u00eddica.<\/p>\n<p style=\"font-weight: 400;\">La Secretar\u00eda de Seguridad le recuerda que los tel\u00e9fonos 089 Denuncia An\u00f3nima y 9-1-1 N\u00famero de Emergencias, trabajan las 24 horas del d\u00eda. Puede contactarnos a trav\u00e9s de nuestras redes sociales: Facebook @SS.Edomex, y Twitter @SS_Edomex<\/p>\n","protected":false},"excerpt":{"rendered":"<p>En el preciso momento en que sustra\u00eda equipos de telefon\u00eda celular de una vitrina, elementos de la Secretar\u00eda de Seguridad (SS), detuvieron a un sujeto al interior de una tienda departamental de esta jurisdicci\u00f3n. El establecimiento comercial, ubicado sobre la avenida Gustavo Baz Prada esquina Calle Francisco L\u00f3pez Ray\u00f3n activ\u00f3 el protocolo de seguridad establecido, [&hellip;]<\/p>\n","protected":false},"author":3,"featured_media":38688,"comment_status":"open","ping_status":"open","sticky":false,"template":"","format":"standard","meta":{"footnotes":""},"categories":[16,9149],"tags":[17317,17318,17319],"class_list":{"0":"post-38686","1":"post","2":"type-post","3":"status-publish","4":"format-standard","5":"has-post-thumbnail","7":"category-foto","8":"category-policiaca","9":"tag-ladron-de-celulares","10":"tag-policia-mexiquense-detiene","11":"tag-ratero-detenido-en-flagrancia"},"wps_subtitle":"Llevaba en una mochila 25 tel\u00e9fonos celulares nuevos reci\u00e9n sustra\u00eddos de una tienda","_links":{"self":[{"href":"https:\/\/www.porlalibreedomex.com\/index.php?rest_route=\/wp\/v2\/posts\/38686","targetHints":{"allow":["GET"]}}],"collection":[{"href":"https:\/\/www.porlalibreedomex.com\/index.php?rest_route=\/wp\/v2\/posts"}],"about":[{"href":"https:\/\/www.porlalibreedomex.com\/index.php?rest_route=\/wp\/v2\/types\/post"}],"author":[{"embeddable":true,"href":"https:\/\/www.porlalibreedomex.com\/index.php?rest_route=\/wp\/v2\/users\/3"}],"replies":[{"embeddable":true,"href":"https:\/\/www.porlalibreedomex.com\/index.php?rest_route=%2Fwp%2Fv2%2Fcomments&post=38686"}],"version-history":[{"count":3,"href":"https:\/\/www.porlalibreedomex.com\/index.php?rest_route=\/wp\/v2\/posts\/38686\/revisions"}],"predecessor-version":[{"id":38694,"href":"https:\/\/www.porlalibreedomex.com\/index.php?rest_route=\/wp\/v2\/posts\/38686\/revisions\/38694"}],"wp:featuredmedia":[{"embeddable":true,"href":"https:\/\/www.porlalibreedomex.com\/index.php?rest_route=\/wp\/v2\/media\/38688"}],"wp:attachment":[{"href":"https:\/\/www.porlalibreedomex.com\/index.php?rest_route=%2Fwp%2Fv2%2Fmedia&parent=38686"}],"wp:term":[{"taxonomy":"category","embeddable":true,"href":"https:\/\/www.porlalibreedomex.com\/index.php?rest_route=%2Fwp%2Fv2%2Fcategories&post=38686"},{"taxonomy":"post_tag","embeddable":true,"href":"https:\/\/www.porlalibreedomex.com\/index.php?rest_route=%2Fwp%2Fv2%2Ftags&post=38686"}],"curies":[{"name":"wp","href":"https:\/\/api.w.org\/{rel}","templated":true}]}}