{"id":38622,"date":"2020-03-25T01:33:23","date_gmt":"2020-03-25T07:33:23","guid":{"rendered":"https:\/\/www.porlalibreedomex.com\/?p=38622"},"modified":"2020-03-26T01:34:14","modified_gmt":"2020-03-26T07:34:14","slug":"entrega-presidente-de-la-codhem-el-informe-anual-de-actividades-2019-a-la-lx-legislatura-mexiquense","status":"publish","type":"post","link":"https:\/\/www.porlalibreedomex.com\/?p=38622","title":{"rendered":"ENTREGA PRESIDENTE DE LA CODHEM EL INFORME ANUAL DE ACTIVIDADES 2019 A LA LX LEGISLATURA MEXIQUENSE"},"content":{"rendered":"<p><b>\u00a0<\/b><\/p>\n<ul>\n<li><i>\u00a0Destaca acciones preventivas y de colaboraci\u00f3n con los tres Poderes del Estados y Ayuntamientos para fomentar la cultura de respeto a los derechos humanos.<\/i><\/li>\n<\/ul>\n<p><b>\u00a0<\/b><\/p>\n<p><b>Toluca, Estado de M\u00e9xico, 25 de marzo de 2020.-<\/b> El ombudsman mexiquense, Jorge Olvera Garc\u00eda, entreg\u00f3 en tiempo y forma el Informe Anual de Actividades 2019 a la LX legislatura local, en cumplimiento a lo dispuesto en la Ley de la Comisi\u00f3n de Derechos Humanos del Estado de M\u00e9xico (Codhem); documento en el que se destacan la intensificaci\u00f3n de las medidas y acciones realizadas para prevenir la vulneraci\u00f3n a la prerrogativas fundamentales en la entidad, y fortalecer la coordinaci\u00f3n con los tres Poderes del Estado y los gobiernos municipales.<\/p>\n<p>As\u00ed lo mencion\u00f3 el doctor Jorge Olvera luego de hacer la entrega de su Informe al presidente de la Comisi\u00f3n Legislativa de Derechos Humanos, diputado Julio Alfonso Hern\u00e1ndez Ram\u00edrez, ante la presencia del secretario de Asuntos Parlamentarios, maestro Javier Dom\u00ednguez Morales.<\/p>\n<figure id=\"attachment_38624\" aria-describedby=\"caption-attachment-38624\" style=\"width: 800px\" class=\"wp-caption aligncenter\"><a href=\"https:\/\/www.porlalibreedomex.com\/wp-content\/uploads\/2020\/03\/FOTO-BOL.-066-2.jpg\"><img loading=\"lazy\" decoding=\"async\" class=\"size-large wp-image-38624\" src=\"https:\/\/www.porlalibreedomex.com\/wp-content\/uploads\/2020\/03\/FOTO-BOL.-066-2-1024x683.jpg\" alt=\"\" width=\"800\" height=\"534\" srcset=\"https:\/\/www.porlalibreedomex.com\/wp-content\/uploads\/2020\/03\/FOTO-BOL.-066-2-1024x683.jpg 1024w, https:\/\/www.porlalibreedomex.com\/wp-content\/uploads\/2020\/03\/FOTO-BOL.-066-2-300x200.jpg 300w, https:\/\/www.porlalibreedomex.com\/wp-content\/uploads\/2020\/03\/FOTO-BOL.-066-2-768x513.jpg 768w\" sizes=\"auto, (max-width: 800px) 100vw, 800px\" \/><\/a><figcaption id=\"caption-attachment-38624\" class=\"wp-caption-text\">El presidente de la CODHEM, Dr. Jorge Olvera Garc\u00eda, entreg\u00f3 a la LX Legislatura su Informe de Labores.<\/figcaption><\/figure>\n<p>En entrevista, el presidente de la Codhem calific\u00f3 como actividades in\u00e9ditas para la promoci\u00f3n, difusi\u00f3n y divulgaci\u00f3n de los derechos fundamentales, las efectuadas mediante el uso de las nuevas tecnolog\u00edas de la informaci\u00f3n y la comunicaci\u00f3n, para aumentar la cobertura y eficientar servicios que el organismo brinda a la ciudadan\u00eda e impulsar la cultura de respeto bajo el principio de la resignificaci\u00f3n y socializaci\u00f3n de los derechos humanos.<\/p>\n<div>Olvera Garc\u00eda enfatiz\u00f3 el fortalecimiento de la estructura organizacional con la creaci\u00f3n de la Visitadur\u00eda Adjunta de Promoci\u00f3n, Divulgaci\u00f3n y Protecci\u00f3n de los Derechos Laborales de los Trabajadores Mexiquenses.<\/div>\n<div><\/div>\n<div><strong>Coment\u00f3 que en 2019, y ante la violencia en contra de periodistas y comunicadores, fue importante la emisi\u00f3n de la Recomendaci\u00f3n General 1\/2019 sobre la situaci\u00f3n de las personas que ejercen el periodismo y la comunicaci\u00f3n en medios en el Estado de M\u00e9xico, adem\u00e1s del Protocolo de actuaci\u00f3n para la prevenci\u00f3n, protecci\u00f3n y defensa de los Derechos Humanos de periodistas y comunicadores, y la habilitaci\u00f3n de la l\u00ednea telef\u00f3nica 800 999 4002 y la APP #CodhemPer para atenderlos de manera inmediata; al tiempo que se dio seguimiento a la Recomendaci\u00f3n General 1\/2018 por violencia de g\u00e9nero y feminicidio.<\/strong><\/div>\n<p>La Codhem tambi\u00e9n emiti\u00f3 el Informe Especial Sobre la Situaci\u00f3n de Criminalizaci\u00f3n de Defensores de Derechos Humanos de la Comunidad Ind\u00edgena de Tlanixco.<\/p>\n<p><a href=\"https:\/\/www.porlalibreedomex.com\/wp-content\/uploads\/2020\/03\/FOTO-BOL.-066-4.jpg\"><img loading=\"lazy\" decoding=\"async\" class=\"aligncenter size-full wp-image-38623\" src=\"https:\/\/www.porlalibreedomex.com\/wp-content\/uploads\/2020\/03\/FOTO-BOL.-066-4.jpg\" alt=\"\" width=\"666\" height=\"444\" srcset=\"https:\/\/www.porlalibreedomex.com\/wp-content\/uploads\/2020\/03\/FOTO-BOL.-066-4.jpg 666w, https:\/\/www.porlalibreedomex.com\/wp-content\/uploads\/2020\/03\/FOTO-BOL.-066-4-300x200.jpg 300w\" sizes=\"auto, (max-width: 666px) 100vw, 666px\" \/><\/a><\/p>\n<p>Asimismo, dijo, se intensificaron las acciones de investigaci\u00f3n, docencia y divulgaci\u00f3n en materia de derechos humanos a trav\u00e9s de la elaboraci\u00f3n y actualizaci\u00f3n de materiales de difusi\u00f3n, se editaron libros como la Ley comentada de la Comisi\u00f3n de Derechos Humanos del Estado de M\u00e9xico y La Declaraci\u00f3n Universal de los Derechos Humanos traducida a las lenguas de los pueblos originarios del Estado de M\u00e9xico.<\/p>\n<p>En el texto del Informe 2019 de la Codhem resaltan los 88 convenios de colaboraci\u00f3n suscritos con instancias de gobierno, organizaciones civiles y organismos internacionales como la Corte Interamericana de Derechos Humanos, la Universidad de Texas en Austin, la Universidad de Sevilla, Espa\u00f1a, Asociaciones Civiles, Ayuntamientos de la entidad mexiquense y el Instituto Electoral del Estado de M\u00e9xico; entre otros organismos e instituciones p\u00fablicas con las que se efect\u00faa una intensa labor en pro de la cultura de Derechos Humanos como eje de la vida pac\u00edfica, arm\u00f3nica y en desarrollo de las y los mexiquenses.<\/p>\n<div class=\"yj6qo\"><\/div>\n","protected":false},"excerpt":{"rendered":"<p>\u00a0 \u00a0Destaca acciones preventivas y de colaboraci\u00f3n con los tres Poderes del Estados y Ayuntamientos para fomentar la cultura de respeto a los derechos humanos. \u00a0 Toluca, Estado de M\u00e9xico, 25 de marzo de 2020.- El ombudsman mexiquense, Jorge Olvera Garc\u00eda, entreg\u00f3 en tiempo y forma el Informe Anual de Actividades 2019 a la LX [&hellip;]<\/p>\n","protected":false},"author":3,"featured_media":38625,"comment_status":"open","ping_status":"open","sticky":false,"template":"","format":"standard","meta":{"footnotes":""},"categories":[16,9150],"tags":[17281,15760,488],"class_list":{"0":"post-38622","1":"post","2":"type-post","3":"status-publish","4":"format-standard","5":"has-post-thumbnail","7":"category-foto","8":"category-politica","9":"tag-defensa-de-los-derechos-humanos","10":"tag-informe-codhem","11":"tag-jorge-olvera-garcia"},"wps_subtitle":"","_links":{"self":[{"href":"https:\/\/www.porlalibreedomex.com\/index.php?rest_route=\/wp\/v2\/posts\/38622","targetHints":{"allow":["GET"]}}],"collection":[{"href":"https:\/\/www.porlalibreedomex.com\/index.php?rest_route=\/wp\/v2\/posts"}],"about":[{"href":"https:\/\/www.porlalibreedomex.com\/index.php?rest_route=\/wp\/v2\/types\/post"}],"author":[{"embeddable":true,"href":"https:\/\/www.porlalibreedomex.com\/index.php?rest_route=\/wp\/v2\/users\/3"}],"replies":[{"embeddable":true,"href":"https:\/\/www.porlalibreedomex.com\/index.php?rest_route=%2Fwp%2Fv2%2Fcomments&post=38622"}],"version-history":[{"count":1,"href":"https:\/\/www.porlalibreedomex.com\/index.php?rest_route=\/wp\/v2\/posts\/38622\/revisions"}],"predecessor-version":[{"id":38626,"href":"https:\/\/www.porlalibreedomex.com\/index.php?rest_route=\/wp\/v2\/posts\/38622\/revisions\/38626"}],"wp:featuredmedia":[{"embeddable":true,"href":"https:\/\/www.porlalibreedomex.com\/index.php?rest_route=\/wp\/v2\/media\/38625"}],"wp:attachment":[{"href":"https:\/\/www.porlalibreedomex.com\/index.php?rest_route=%2Fwp%2Fv2%2Fmedia&parent=38622"}],"wp:term":[{"taxonomy":"category","embeddable":true,"href":"https:\/\/www.porlalibreedomex.com\/index.php?rest_route=%2Fwp%2Fv2%2Fcategories&post=38622"},{"taxonomy":"post_tag","embeddable":true,"href":"https:\/\/www.porlalibreedomex.com\/index.php?rest_route=%2Fwp%2Fv2%2Ftags&post=38622"}],"curies":[{"name":"wp","href":"https:\/\/api.w.org\/{rel}","templated":true}]}}