{"id":3861,"date":"2014-09-07T13:38:51","date_gmt":"2014-09-07T22:38:51","guid":{"rendered":"http:\/\/porlalibre.info\/?p=3861"},"modified":"2014-09-07T13:38:51","modified_gmt":"2014-09-07T22:38:51","slug":"aprovechables-las-redes-sociales-en-el-proceso-ensenanza-aprendizaje","status":"publish","type":"post","link":"https:\/\/www.porlalibreedomex.com\/?p=3861","title":{"rendered":"APROVECHABLES, LAS REDES SOCIALES EN EL PROCESO ENSE\u00d1ANZA-APRENDIZAJE"},"content":{"rendered":"<ul>\n<li><em>Profesores e investigadores de la Facultad de Ciencias Pol\u00edticas y Sociales de la UAEM realizaron un estudio \u00a0de las redes sociales como opci\u00f3n en el fortalecimiento del trabajo dentro y fuera del aula.<\/em><\/li>\n<\/ul>\n<p><em>\u00a0<\/em><\/p>\n<p style=\"text-align: justify;\">El uso de las redes sociales es fundamental en la vida de las personas y en la interacci\u00f3n con sus semejantes; la llegada de las Tectolog\u00edas de la Informaci\u00f3n y Comunicaci\u00f3n en el siglo XXI gener\u00f3 un sinf\u00edn de oportunidades de v\u00ednculos con otras personas, pero tambi\u00e9n permiti\u00f3 generar o adquirir conocimiento, lo cual rompe con las barreras f\u00edsicas entre las diferentes culturas de la humanidad, consideraron investigadores de la Universidad Aut\u00f3noma del Estado de M\u00e9xico.<\/p>\n<p style=\"text-align: justify;\">\u00a0\u00a0\u00a0\u00a0\u00a0\u00a0\u00a0\u00a0\u00a0\u00a0\u00a0 Al presentar el trabajo de investigaci\u00f3n titulado \u201cEl uso de las redes sociales como una opci\u00f3n del proceso ense\u00f1anza-aprendizaje. Estudio de caso: La Facultad de Ciencias Pol\u00edticas y Sociales\u201d, Araceli Col\u00edn Garc\u00eda, Leticia Contreras Orozco y Eduardo Rodr\u00edguez Manzanares comentaron que \u00e9stas tambi\u00e9n tienen un papel importante en el proceso de ense\u00f1anza-aprendizaje, donde los sujetos de la educaci\u00f3n (profesores y estudiantes) son actores con el uso de las nuevas tecnolog\u00edas, que permiten establecer canales de comunicaci\u00f3n e interacci\u00f3n en dicho proceso.<\/p>\n<p style=\"text-align: justify;\">\u00a0\u00a0\u00a0\u00a0\u00a0\u00a0\u00a0\u00a0\u00a0\u00a0\u00a0 Los profesores e investigadores de la Facultad de Ciencias Pol\u00edticas y Sociales de la UAEM explicaron que el estudio que realizaron se enfoc\u00f3 al uso de las redes sociales como una opci\u00f3n en el fortalecimiento del trabajo dentro del aula y fuera de ella, donde estudiantes y profesores encuentran una alternativa m\u00e1s en la formaci\u00f3n de las nuevas generaciones de profesionistas en las \u00e1reas de Ciencias Pol\u00edticas y Administraci\u00f3n P\u00fablica, Sociolog\u00eda y Comunicaci\u00f3n.<\/p>\n<p style=\"text-align: justify;\">Los universitarios destacaron que Facebook es una de las redes sociales m\u00e1s comunes entre los encuestados, con cerca de 60 por ciento, seguido de Wikipedia y Youtube, con 11 por ciento cada uno.<\/p>\n<p style=\"text-align: justify;\">Se\u00f1alaron que las redes sociales son concebidas por los estudiantes como buscadores de informaci\u00f3n y herramientas para hacer tareas, lo cual nos da la idea del uso m\u00e1s apropiado de las tecnolog\u00edas entre los universitarios; \u201cpor supuesto, no escapan de la idea del uso de estas tecnolog\u00edas para comunicarse con sus amigos y entablar conversaciones sociales, pero no deja de ser halagador que ellos entienden cu\u00e1l puede ser el provecho que pueden sacar a las redes sociales\u201d.<\/p>\n<p style=\"text-align: justify;\">\u00a0\u00a0\u00a0\u00a0\u00a0\u00a0\u00a0\u00a0\u00a0\u00a0\u00a0 El estudio revel\u00f3, apuntaron, que 85 por ciento de los profesores encuestados considera que el uso de las redes sociales es importante en el proceso de ense\u00f1anza-aprendizaje; promueven el acercamiento de estas tecnolog\u00edas, principalmente Facebook, con cerca de 70 por ciento, as\u00ed como YouTube y Blogger, con 10 por ciento cada uno.<\/p>\n<p style=\"text-align: justify;\">\u00a0\u00a0\u00a0\u00a0\u00a0\u00a0\u00a0\u00a0\u00a0\u00a0\u00a0 En este contexto, los universitarios consideraron que en la actualidad, los profesores se enfrentan al reto de hablar el mismo idioma que los estudiantes en el \u00e1mbito de las Tecnolog\u00edas de la Informaci\u00f3n y Comunicaci\u00f3n, pieza importante en la vida social y personal de ellos.<\/p>\n<p style=\"text-align: justify;\">Despu\u00e9s, indicaron, deben encausar su uso y obtener el mayor aprovechamiento posible para el proceso educativo, motivando y exhortando a los estudiantes a emplear y apoyarse de estas tecnolog\u00edas de la mejor manera, siempre en beneficio de una formaci\u00f3n m\u00e1s s\u00f3lida y competitiva.<\/p>\n","protected":false},"excerpt":{"rendered":"<p>Profesores e investigadores de la Facultad de Ciencias Pol\u00edticas y Sociales de la UAEM realizaron un estudio \u00a0de las redes sociales como opci\u00f3n en el fortalecimiento del trabajo dentro y fuera del aula. \u00a0 El uso de las redes sociales es fundamental en la vida de las personas y en la interacci\u00f3n con sus semejantes; [&hellip;]<\/p>\n","protected":false},"author":2,"featured_media":0,"comment_status":"open","ping_status":"open","sticky":false,"template":"","format":"standard","meta":{"footnotes":""},"categories":[5,1],"tags":[2604,189,2605,13],"class_list":{"0":"post-3861","1":"post","2":"type-post","3":"status-publish","4":"format-standard","6":"category-nota-informativa","7":"category-uncategorized","8":"tag-aprovechables-las-redes-sociales","9":"tag-facultad-de-ciencias-politicas-y-sociales","10":"tag-redes-sociales","11":"tag-uaem"},"wps_subtitle":"","_links":{"self":[{"href":"https:\/\/www.porlalibreedomex.com\/index.php?rest_route=\/wp\/v2\/posts\/3861","targetHints":{"allow":["GET"]}}],"collection":[{"href":"https:\/\/www.porlalibreedomex.com\/index.php?rest_route=\/wp\/v2\/posts"}],"about":[{"href":"https:\/\/www.porlalibreedomex.com\/index.php?rest_route=\/wp\/v2\/types\/post"}],"author":[{"embeddable":true,"href":"https:\/\/www.porlalibreedomex.com\/index.php?rest_route=\/wp\/v2\/users\/2"}],"replies":[{"embeddable":true,"href":"https:\/\/www.porlalibreedomex.com\/index.php?rest_route=%2Fwp%2Fv2%2Fcomments&post=3861"}],"version-history":[{"count":0,"href":"https:\/\/www.porlalibreedomex.com\/index.php?rest_route=\/wp\/v2\/posts\/3861\/revisions"}],"wp:attachment":[{"href":"https:\/\/www.porlalibreedomex.com\/index.php?rest_route=%2Fwp%2Fv2%2Fmedia&parent=3861"}],"wp:term":[{"taxonomy":"category","embeddable":true,"href":"https:\/\/www.porlalibreedomex.com\/index.php?rest_route=%2Fwp%2Fv2%2Fcategories&post=3861"},{"taxonomy":"post_tag","embeddable":true,"href":"https:\/\/www.porlalibreedomex.com\/index.php?rest_route=%2Fwp%2Fv2%2Ftags&post=3861"}],"curies":[{"name":"wp","href":"https:\/\/api.w.org\/{rel}","templated":true}]}}