{"id":38340,"date":"2020-03-13T00:14:10","date_gmt":"2020-03-13T06:14:10","guid":{"rendered":"https:\/\/www.porlalibreedomex.com\/?p=38340"},"modified":"2020-03-14T00:14:41","modified_gmt":"2020-03-14T06:14:41","slug":"cancela-el-ayuntamiento-festiva-toluca-como-medida-preventiva-ante-el-coronavirus","status":"publish","type":"post","link":"https:\/\/www.porlalibreedomex.com\/?p=38340","title":{"rendered":"CANCELA EL AYUNTAMIENTO \u00abFESTIVA TOLUCA\u00bb COMO MEDIDA PREVENTIVA ANTE EL CORONAVIRUS"},"content":{"rendered":"<p><a href=\"https:\/\/www.porlalibreedomex.com\/wp-content\/uploads\/2020\/03\/Festiva-Toluca-2020.jpeg\"><img loading=\"lazy\" decoding=\"async\" class=\"aligncenter size-full wp-image-38341\" src=\"https:\/\/www.porlalibreedomex.com\/wp-content\/uploads\/2020\/03\/Festiva-Toluca-2020.jpeg\" alt=\"\" width=\"847\" height=\"999\" srcset=\"https:\/\/www.porlalibreedomex.com\/wp-content\/uploads\/2020\/03\/Festiva-Toluca-2020.jpeg 847w, https:\/\/www.porlalibreedomex.com\/wp-content\/uploads\/2020\/03\/Festiva-Toluca-2020-254x300.jpeg 254w, https:\/\/www.porlalibreedomex.com\/wp-content\/uploads\/2020\/03\/Festiva-Toluca-2020-768x906.jpeg 768w\" sizes=\"auto, (max-width: 847px) 100vw, 847px\" \/><\/a><\/p>\n","protected":false},"excerpt":{"rendered":"","protected":false},"author":3,"featured_media":38342,"comment_status":"open","ping_status":"open","sticky":false,"template":"","format":"standard","meta":{"footnotes":""},"categories":[16,5],"tags":[17142,17143,17144],"class_list":{"0":"post-38340","1":"post","2":"type-post","3":"status-publish","4":"format-standard","5":"has-post-thumbnail","7":"category-foto","8":"category-nota-informativa","9":"tag-cancelan-festiva-2020","10":"tag-festival-artistico-de-toluca","11":"tag-posponen-festiva"},"wps_subtitle":"El Festival art\u00edstico pudo haberse realizado, pero explica el ayuntamiento encabezado por Juan Rodolfo S\u00e1nchez, primero est\u00e1 la salud de los toluque\u00f1os.","_links":{"self":[{"href":"https:\/\/www.porlalibreedomex.com\/index.php?rest_route=\/wp\/v2\/posts\/38340","targetHints":{"allow":["GET"]}}],"collection":[{"href":"https:\/\/www.porlalibreedomex.com\/index.php?rest_route=\/wp\/v2\/posts"}],"about":[{"href":"https:\/\/www.porlalibreedomex.com\/index.php?rest_route=\/wp\/v2\/types\/post"}],"author":[{"embeddable":true,"href":"https:\/\/www.porlalibreedomex.com\/index.php?rest_route=\/wp\/v2\/users\/3"}],"replies":[{"embeddable":true,"href":"https:\/\/www.porlalibreedomex.com\/index.php?rest_route=%2Fwp%2Fv2%2Fcomments&post=38340"}],"version-history":[{"count":1,"href":"https:\/\/www.porlalibreedomex.com\/index.php?rest_route=\/wp\/v2\/posts\/38340\/revisions"}],"predecessor-version":[{"id":38343,"href":"https:\/\/www.porlalibreedomex.com\/index.php?rest_route=\/wp\/v2\/posts\/38340\/revisions\/38343"}],"wp:featuredmedia":[{"embeddable":true,"href":"https:\/\/www.porlalibreedomex.com\/index.php?rest_route=\/wp\/v2\/media\/38342"}],"wp:attachment":[{"href":"https:\/\/www.porlalibreedomex.com\/index.php?rest_route=%2Fwp%2Fv2%2Fmedia&parent=38340"}],"wp:term":[{"taxonomy":"category","embeddable":true,"href":"https:\/\/www.porlalibreedomex.com\/index.php?rest_route=%2Fwp%2Fv2%2Fcategories&post=38340"},{"taxonomy":"post_tag","embeddable":true,"href":"https:\/\/www.porlalibreedomex.com\/index.php?rest_route=%2Fwp%2Fv2%2Ftags&post=38340"}],"curies":[{"name":"wp","href":"https:\/\/api.w.org\/{rel}","templated":true}]}}