{"id":38337,"date":"2020-03-13T00:02:55","date_gmt":"2020-03-13T06:02:55","guid":{"rendered":"https:\/\/www.porlalibreedomex.com\/?p=38337"},"modified":"2020-03-14T00:46:05","modified_gmt":"2020-03-14T06:46:05","slug":"crea-el-poder-judidial-del-estado-de-mexico-su-propio-comite-de-prevencion-contra-el-coronavirus","status":"publish","type":"post","link":"https:\/\/www.porlalibreedomex.com\/?p=38337","title":{"rendered":"CREA EL PODER JUDICIAL DEL ESTADO DE M\u00c9XICO SU PROPIO COMIT\u00c9 DE PREVENCI\u00d3N CONTRA EL CORONAVIRUS"},"content":{"rendered":"<p>&nbsp;<\/p>\n<ul>\n<li><strong><em>Si en horario de labores alg\u00fan servidor p\u00fablico del tribunal mexiquense presenta s\u00edntomas, se canalizar\u00e1 con un m\u00e9dico.<\/em><\/strong><\/li>\n<\/ul>\n<p>&nbsp;<\/p>\n<p>El Poder Judicial del Estado de M\u00e9xico cre\u00f3 el \u201cComit\u00e9 PJEdomex para la prevenci\u00f3n de riesgos ante el Coronavirus\u201d con el prop\u00f3sito de difundir y vigilar entre usuarios y servidores judiciales, medidas de prevenci\u00f3n, as\u00ed como orientar y atender posibles contingencias relacionadas con la pandemia por COVID-19, declarada por la Organizaci\u00f3n Mundial de la Salud OMS.<\/p>\n<p>Entre las acciones iniciales de este Comit\u00e9, se encuentran la difusi\u00f3n en los juzgados y edificios de las medidas b\u00e1sicas de prevenci\u00f3n, la distribuci\u00f3n de gel antibacterial, la entrega de cubrebocas en casos necesarios y el reforzamiento de la limpieza en las instalaciones sanitarias.<\/p>\n<p>La creaci\u00f3n del microsite \u201cPJEDOMEX ante el Coronavirus\u201d, sitio web de informaci\u00f3n con medidas para prevenir el contagio, informaci\u00f3n cient\u00edfica, comunicados institucionales, posibles avisos de emergencia, contacto directo con la Secretar\u00eda de Salud estatal y un chat en l\u00ednea para orientaci\u00f3n a cargo de un especialista.<\/p>\n<p>Este Comit\u00e9 tambi\u00e9n realizar\u00e1 el monitoreo de la publicaci\u00f3n de informaci\u00f3n oficial generada por las Secretar\u00edas de Salud federal y estatal sobre el comportamiento global de COVID-19, para la toma oportuna de decisiones en favor de magistradas, magistrados, juezas, jueces, mediadores, abogados litigantes, peritos, servidores administrativos, usuarios, entre otros.<\/p>\n<p><strong>El comit\u00e9 para la prevenci\u00f3n ante el Coronavirus est\u00e1\u00a0 integrado por el Consejero de la Judicatura Pablo Espinosa Marquez y titulares de la coordinaciones de Administraci\u00f3n, Jur\u00eddica y Consultiva, Comunicaci\u00f3n Social, y Seguridad y Log\u00edstica, la Direcci\u00f3n General de Finanzas y Planeaci\u00f3n, la Escuela Judicial, el Departamento de Seguridad e Higiene y Protecci\u00f3n Civil, el Centro Estatal de Mediaci\u00f3n y los Centros de Convivencia Familiar, que est\u00e1n en comunicaci\u00f3n directa con la Secretar\u00eda de Salud estatal, as\u00ed como con el Instituto de Salud de la Universidad An\u00e1huac.<\/strong><\/p>\n<p>El Poder Judicial del Estado de M\u00e9xico reitera las siguientes medidas de prevenci\u00f3n: Lavar manos frecuentemente; utilizar gel antibacterial y toallas desinfectantes; no saludar de mano ni de beso, evitar tocarse ojos, nariz y boca; usar cubrebocas; evitar lugares concurridos y a personas con s\u00edntomas de gripe; al estornudar o toser cubrirse la nariz y la boca; mantener ventilados los espacios cerrados; y si en horario de labores se presentan s\u00edntomas, informarlo para ser canalizado con un m\u00e9dico.<\/p>\n<p>Porque #EsJustoCuidarnos estamos atentos ante cualquier manifestaci\u00f3n o sospecha de presencia del Virus COVID-19 entre nuestros usuarios y servidores p\u00fablicos.<\/p>\n<p>&nbsp;<\/p>\n","protected":false},"excerpt":{"rendered":"<p>&nbsp; Si en horario de labores alg\u00fan servidor p\u00fablico del tribunal mexiquense presenta s\u00edntomas, se canalizar\u00e1 con un m\u00e9dico. &nbsp; El Poder Judicial del Estado de M\u00e9xico cre\u00f3 el \u201cComit\u00e9 PJEdomex para la prevenci\u00f3n de riesgos ante el Coronavirus\u201d con el prop\u00f3sito de difundir y vigilar entre usuarios y servidores judiciales, medidas de prevenci\u00f3n, as\u00ed [&hellip;]<\/p>\n","protected":false},"author":3,"featured_media":38338,"comment_status":"open","ping_status":"open","sticky":false,"template":"","format":"standard","meta":{"footnotes":""},"categories":[9157,16],"tags":[17141,13356,14411,921],"class_list":{"0":"post-38337","1":"post","2":"type-post","3":"status-publish","4":"format-standard","5":"has-post-thumbnail","7":"category-edomex","8":"category-foto","9":"tag-comite-vs-coronavirus","10":"tag-instituto-de-salud-edomex","11":"tag-poder-judicial-edomex","12":"tag-universidad-anahuac"},"wps_subtitle":"","_links":{"self":[{"href":"https:\/\/www.porlalibreedomex.com\/index.php?rest_route=\/wp\/v2\/posts\/38337","targetHints":{"allow":["GET"]}}],"collection":[{"href":"https:\/\/www.porlalibreedomex.com\/index.php?rest_route=\/wp\/v2\/posts"}],"about":[{"href":"https:\/\/www.porlalibreedomex.com\/index.php?rest_route=\/wp\/v2\/types\/post"}],"author":[{"embeddable":true,"href":"https:\/\/www.porlalibreedomex.com\/index.php?rest_route=\/wp\/v2\/users\/3"}],"replies":[{"embeddable":true,"href":"https:\/\/www.porlalibreedomex.com\/index.php?rest_route=%2Fwp%2Fv2%2Fcomments&post=38337"}],"version-history":[{"count":2,"href":"https:\/\/www.porlalibreedomex.com\/index.php?rest_route=\/wp\/v2\/posts\/38337\/revisions"}],"predecessor-version":[{"id":38355,"href":"https:\/\/www.porlalibreedomex.com\/index.php?rest_route=\/wp\/v2\/posts\/38337\/revisions\/38355"}],"wp:featuredmedia":[{"embeddable":true,"href":"https:\/\/www.porlalibreedomex.com\/index.php?rest_route=\/wp\/v2\/media\/38338"}],"wp:attachment":[{"href":"https:\/\/www.porlalibreedomex.com\/index.php?rest_route=%2Fwp%2Fv2%2Fmedia&parent=38337"}],"wp:term":[{"taxonomy":"category","embeddable":true,"href":"https:\/\/www.porlalibreedomex.com\/index.php?rest_route=%2Fwp%2Fv2%2Fcategories&post=38337"},{"taxonomy":"post_tag","embeddable":true,"href":"https:\/\/www.porlalibreedomex.com\/index.php?rest_route=%2Fwp%2Fv2%2Ftags&post=38337"}],"curies":[{"name":"wp","href":"https:\/\/api.w.org\/{rel}","templated":true}]}}