{"id":38308,"date":"2020-03-12T23:09:39","date_gmt":"2020-03-13T05:09:39","guid":{"rendered":"https:\/\/www.porlalibreedomex.com\/?p=38308"},"modified":"2020-03-12T23:11:26","modified_gmt":"2020-03-13T05:11:26","slug":"grandes-ahorros-para-mexiquenses-con-el-programa-familias-fuertes-en-su-patrimonio-del-mazo","status":"publish","type":"post","link":"https:\/\/www.porlalibreedomex.com\/?p=38308","title":{"rendered":"GRANDES AHORROS PARA MEXIQUENSES CON EL PROGRAMA \u00abFAMILIAS FUERTES EN SU PATRIMONIO\u00bb: DEL MAZO"},"content":{"rendered":"<ul>\n<li><em><strong>Entrega Gobernador del Estado de M\u00e9xico t\u00edtulos de propiedad y posesi\u00f3n a mexiquenses de m\u00e1s de 20 municipios.<\/strong><\/em><\/li>\n<li><em><strong>Informa que durante su administraci\u00f3n se han beneficiado con este programa m\u00e1s de 29 mil familias.<\/strong><\/em><\/li>\n<li><em><strong>Invita a los mexiquenses a participar en el censo poblacional del Inegi.<\/strong><\/em><\/li>\n<\/ul>\n<p>&nbsp;<\/p>\n<p>Fotos: Dar\u00edo Rocha<\/p>\n<p><strong>Toluca, Estado de M\u00e9xico, 12 de marzo de 2020.<\/strong> Mediante el programa Familias fuertes en su patrimonio, m\u00e1s de 29 mil familias han recibido el t\u00edtulo de propiedad y posesi\u00f3n de sus viviendas, inform\u00f3 el Gobernador Alfredo Del Mazo Maza, quien subray\u00f3 que con esta acci\u00f3n los mexiquenses ahorran recursos econ\u00f3micos y tiempo en la realizaci\u00f3n del tr\u00e1mite, el cual, una vez concluido, les brinda certeza jur\u00eddica sobre su patrimonio.<\/p>\n<p>Asimismo, invit\u00f3 a los mexiquenses a participar en el censo de poblaci\u00f3n que lleva a cabo el Instituto Nacional de Estad\u00edstica y Geograf\u00eda (Inegi).<\/p>\n<p>\u201cLo importante es que tengan el t\u00edtulo de propiedad para ustedes, para sus familias. La familia es el n\u00facleo del hogar, la familia es donde se promueven todos los valores, es el centro de nuestra comunidad y una familia se forma en un hogar, un hogar se forma con una vivienda, con un patrimonio, y por eso es importante que lo tengamos documentado\u201d, afirm\u00f3.<\/p>\n<p><a href=\"https:\/\/www.porlalibreedomex.com\/wp-content\/uploads\/2020\/03\/MG_7197-e1584075992790.jpg\"><img loading=\"lazy\" decoding=\"async\" class=\"aligncenter size-full wp-image-38310\" src=\"https:\/\/www.porlalibreedomex.com\/wp-content\/uploads\/2020\/03\/MG_7197-e1584075992790.jpg\" alt=\"\" width=\"1630\" height=\"2026\" srcset=\"https:\/\/www.porlalibreedomex.com\/wp-content\/uploads\/2020\/03\/MG_7197-e1584075992790.jpg 1630w, https:\/\/www.porlalibreedomex.com\/wp-content\/uploads\/2020\/03\/MG_7197-e1584075992790-241x300.jpg 241w, https:\/\/www.porlalibreedomex.com\/wp-content\/uploads\/2020\/03\/MG_7197-e1584075992790-768x955.jpg 768w, https:\/\/www.porlalibreedomex.com\/wp-content\/uploads\/2020\/03\/MG_7197-e1584075992790-824x1024.jpg 824w\" sizes=\"auto, (max-width: 1630px) 100vw, 1630px\" \/><\/a><\/p>\n<p>\u201cAs\u00ed como ustedes, 708 familias que el d\u00eda de hoy estamos entregando t\u00edtulos de propiedad, llevamos m\u00e1s de 29 mil familias en todo el Estado de M\u00e9xico, apoy\u00e1ndoles con t\u00edtulos de propiedad; pr\u00e1cticamente son mil familias al mes que les estamos entregando sus t\u00edtulos de propiedad para que tengan la posesi\u00f3n de sus tierras y de sus hogares. Muchas felicidades a quienes reciben este apoyo el d\u00eda de hoy\u201d, manifest\u00f3.<\/p>\n<p>El Gobernador mexiquense indic\u00f3 que en el Estado de M\u00e9xico existen m\u00e1s de 280 mil viviendas que no est\u00e1n regularizadas, se\u00f1al\u00f3 que hay quienes tienen hasta m\u00e1s de 15 a\u00f1os sin haber realizado este tr\u00e1mite, algunos por falta de tiempo o documentaci\u00f3n completa y otros por el costo que generaba.<\/p>\n<p>Al respecto, dijo, con el programa Familias fuertes en su patrimonio los mexiquenses se ahorran tiempo y dinero, por lo que invit\u00f3 a las familias que est\u00e1n en este proceso, acercarse al Instituto Mexiquense de la Vivienda Social (Imevis) para empezar su tr\u00e1mite de manera \u00e1gil y con bajo costo.<\/p>\n<p><a href=\"https:\/\/www.porlalibreedomex.com\/wp-content\/uploads\/2020\/03\/MG_7210.jpg\"><img loading=\"lazy\" decoding=\"async\" class=\"aligncenter size-full wp-image-38312\" src=\"https:\/\/www.porlalibreedomex.com\/wp-content\/uploads\/2020\/03\/MG_7210.jpg\" alt=\"\" width=\"2577\" height=\"1718\" srcset=\"https:\/\/www.porlalibreedomex.com\/wp-content\/uploads\/2020\/03\/MG_7210.jpg 2577w, https:\/\/www.porlalibreedomex.com\/wp-content\/uploads\/2020\/03\/MG_7210-300x200.jpg 300w, https:\/\/www.porlalibreedomex.com\/wp-content\/uploads\/2020\/03\/MG_7210-768x512.jpg 768w, https:\/\/www.porlalibreedomex.com\/wp-content\/uploads\/2020\/03\/MG_7210-1024x683.jpg 1024w\" sizes=\"auto, (max-width: 2577px) 100vw, 2577px\" \/><\/a><\/p>\n<p>Del Mazo Maza destac\u00f3 el caso de Luz quien compr\u00f3 su casa hace tres a\u00f1os y que junto con su esposo decidieron poner el t\u00edtulo de propiedad a nombre de ella, lo que representa un acto de certeza jur\u00eddica y un patrimonio a las familias, porque cuando se apoya a la mujer se apoya a toda la familia.<\/p>\n<p>Agreg\u00f3 que para ayudar m\u00e1s a las familias mexiquenses se solicita a los Ayuntamientos que no cobren los procesos de traslado de dominio y la actualizaci\u00f3n del predial, para que los beneficiarios de este programa tengan m\u00e1s ahorros.<\/p>\n<p>Respecto al Censo que lleva a cabo el Inegi detall\u00f3 que en la entidad son m\u00e1s de 6 millones de casas, edificios y comercios que ser\u00e1n visitados, por lo que invit\u00f3 a los mexiquenses a formar parte de \u00e9l, el cual permitir\u00e1 conocer cu\u00e1ntos somos y las necesidades que se tienen en las comunidades.<\/p>\n<p>Dio a conocer que este censo inici\u00f3 el 2 de marzo y termina el 27 de marzo, por lo que reconoci\u00f3 a los m\u00e1s de 20 mil entrevistadores que participan en la recaudaci\u00f3n de datos, donde el 70 por ciento son mujeres.<\/p>\n<p><a href=\"https:\/\/www.porlalibreedomex.com\/wp-content\/uploads\/2020\/03\/MG_7201.jpg\"><img loading=\"lazy\" decoding=\"async\" class=\"aligncenter size-large wp-image-38311\" src=\"https:\/\/www.porlalibreedomex.com\/wp-content\/uploads\/2020\/03\/MG_7201-1024x682.jpg\" alt=\"\" width=\"800\" height=\"533\" srcset=\"https:\/\/www.porlalibreedomex.com\/wp-content\/uploads\/2020\/03\/MG_7201-1024x682.jpg 1024w, https:\/\/www.porlalibreedomex.com\/wp-content\/uploads\/2020\/03\/MG_7201-300x200.jpg 300w, https:\/\/www.porlalibreedomex.com\/wp-content\/uploads\/2020\/03\/MG_7201-768x512.jpg 768w\" sizes=\"auto, (max-width: 800px) 100vw, 800px\" \/><\/a><\/p>\n<p>\u201cQueremos invitar a todas y a todos a que participen en el censo, es muy importante que les abran la puerta, que se aseguren que la identificaci\u00f3n que tienen en el gafete con el nombre y con el n\u00famero del folio lo pueden checar en la p\u00e1gina de internet del Inegi y que de esa manera puedan hacer la entrevista\u201d, apunt\u00f3.<\/p>\n<p>En su oportunidad el Secretario de Desarrollo Urbano y Metropolitano del Estado de M\u00e9xico, Andr\u00e9s Massieu Fern\u00e1ndez, inform\u00f3 que con el apoyo de instancias de los tres \u00f3rdenes de gobierno se han entregado los t\u00edtulos de propiedad a trav\u00e9s de diferentes mecanismos como juicio ordinario, inmatriculaci\u00f3n administrativa, y escrituraci\u00f3n v\u00eda notario, entre otros.<\/p>\n<p>\u00ab\u00c9sta es una prioridad del Gobernador Alfredo Del Mazo Maza, que las familias mexiquenses ejerzan plenamente sus derecho a tener una vivienda digna y propia, porque la mayor fortaleza de una sociedad est\u00e1 en sus familias y el seno de las familias est\u00e1 en sus hogares, de ah\u00ed la importancia de este programa que ha impulsado el se\u00f1or Gobernador\u201d, expres\u00f3.<\/p>\n<p>\u00abEstamos convencidos de que cuando se siembra certeza, se cosecha tranquilidad y bienestar para ustedes y los suyos\u00bb, puntualiz\u00f3.<\/p>\n<p><a href=\"https:\/\/www.porlalibreedomex.com\/wp-content\/uploads\/2020\/03\/MG_7192.jpg\"><img loading=\"lazy\" decoding=\"async\" class=\"aligncenter size-large wp-image-38309\" src=\"https:\/\/www.porlalibreedomex.com\/wp-content\/uploads\/2020\/03\/MG_7192-1024x683.jpg\" alt=\"\" width=\"800\" height=\"534\" srcset=\"https:\/\/www.porlalibreedomex.com\/wp-content\/uploads\/2020\/03\/MG_7192-1024x683.jpg 1024w, https:\/\/www.porlalibreedomex.com\/wp-content\/uploads\/2020\/03\/MG_7192-300x200.jpg 300w, https:\/\/www.porlalibreedomex.com\/wp-content\/uploads\/2020\/03\/MG_7192-768x512.jpg 768w\" sizes=\"auto, (max-width: 800px) 100vw, 800px\" \/><\/a><\/p>\n<p>En este evento el mandatario estatal entreg\u00f3 t\u00edtulos de propiedad y posesi\u00f3n a beneficiarios provenientes de m\u00e1s de 20 municipios, como Malinalco, Texcaltitl\u00e1n, Jiquipilco, Aculco, Almoloya de Alquisiras, Coatepec Harinas, Acambay, Tenancingo, Atlacomulco, Metepec,\u00a0 as\u00ed como, Villa Guerrero, Jocotitl\u00e1n, San Jos\u00e9 del Rinc\u00f3n, Ixtapan de la Sal, Tenango del Valle, Sultepec, Toluca, Zinacantepec, entre otros.<\/p>\n","protected":false},"excerpt":{"rendered":"<p>Entrega Gobernador del Estado de M\u00e9xico t\u00edtulos de propiedad y posesi\u00f3n a mexiquenses de m\u00e1s de 20 municipios. Informa que durante su administraci\u00f3n se han beneficiado con este programa m\u00e1s de 29 mil familias. Invita a los mexiquenses a participar en el censo poblacional del Inegi. &nbsp; Fotos: Dar\u00edo Rocha Toluca, Estado de M\u00e9xico, 12 [&hellip;]<\/p>\n","protected":false},"author":3,"featured_media":38313,"comment_status":"open","ping_status":"open","sticky":false,"template":"","format":"standard","meta":{"footnotes":""},"categories":[9157,16],"tags":[5443,17129,17130,17131,17132],"class_list":{"0":"post-38308","1":"post","2":"type-post","3":"status-publish","4":"format-standard","5":"has-post-thumbnail","7":"category-edomex","8":"category-foto","9":"tag-alfredo-del-mazo-maza","10":"tag-certeza-patrimonial","11":"tag-escrituras-para-mexiquenses","12":"tag-juicios-de-usucapion-expres","13":"tag-san-pablo-autopan-toluca"},"wps_subtitle":"Pide el Gobernador sumarse a los Ayuntamientos, y apoyar con Traslado de Dominio y actualizaci\u00f3n de impuesto predial","_links":{"self":[{"href":"https:\/\/www.porlalibreedomex.com\/index.php?rest_route=\/wp\/v2\/posts\/38308","targetHints":{"allow":["GET"]}}],"collection":[{"href":"https:\/\/www.porlalibreedomex.com\/index.php?rest_route=\/wp\/v2\/posts"}],"about":[{"href":"https:\/\/www.porlalibreedomex.com\/index.php?rest_route=\/wp\/v2\/types\/post"}],"author":[{"embeddable":true,"href":"https:\/\/www.porlalibreedomex.com\/index.php?rest_route=\/wp\/v2\/users\/3"}],"replies":[{"embeddable":true,"href":"https:\/\/www.porlalibreedomex.com\/index.php?rest_route=%2Fwp%2Fv2%2Fcomments&post=38308"}],"version-history":[{"count":3,"href":"https:\/\/www.porlalibreedomex.com\/index.php?rest_route=\/wp\/v2\/posts\/38308\/revisions"}],"predecessor-version":[{"id":38316,"href":"https:\/\/www.porlalibreedomex.com\/index.php?rest_route=\/wp\/v2\/posts\/38308\/revisions\/38316"}],"wp:featuredmedia":[{"embeddable":true,"href":"https:\/\/www.porlalibreedomex.com\/index.php?rest_route=\/wp\/v2\/media\/38313"}],"wp:attachment":[{"href":"https:\/\/www.porlalibreedomex.com\/index.php?rest_route=%2Fwp%2Fv2%2Fmedia&parent=38308"}],"wp:term":[{"taxonomy":"category","embeddable":true,"href":"https:\/\/www.porlalibreedomex.com\/index.php?rest_route=%2Fwp%2Fv2%2Fcategories&post=38308"},{"taxonomy":"post_tag","embeddable":true,"href":"https:\/\/www.porlalibreedomex.com\/index.php?rest_route=%2Fwp%2Fv2%2Ftags&post=38308"}],"curies":[{"name":"wp","href":"https:\/\/api.w.org\/{rel}","templated":true}]}}