{"id":38246,"date":"2020-03-10T01:30:11","date_gmt":"2020-03-10T07:30:11","guid":{"rendered":"https:\/\/www.porlalibreedomex.com\/?p=38246"},"modified":"2020-03-11T01:45:13","modified_gmt":"2020-03-11T07:45:13","slug":"choque-de-trenes-en-el-metro-de-la-ciudad-de-mexico","status":"publish","type":"post","link":"https:\/\/www.porlalibreedomex.com\/?p=38246","title":{"rendered":"CHOQUE DE TRENES EN EL METRO DE LA CIUDAD DE M\u00c9XICO"},"content":{"rendered":"<p>&nbsp;<\/p>\n<p>&nbsp;<\/p>\n<p>La Fiscal\u00eda General de Justicia de la Ciudad de M\u00e9xico (FGJCDMX) informa que inici\u00f3 una carpeta de investigaci\u00f3n tras el choque de trenes del Sistema de Transporte Colectivo (STC) Metro, ocurrido esta noche en la estaci\u00f3n Tacubaya.<\/p>\n<p><a href=\"https:\/\/www.porlalibreedomex.com\/wp-content\/uploads\/2020\/03\/WhatsApp-Image-2020-03-11-at-12.35.26-AM.jpeg\"><img loading=\"lazy\" decoding=\"async\" class=\"aligncenter size-large wp-image-38252\" src=\"https:\/\/www.porlalibreedomex.com\/wp-content\/uploads\/2020\/03\/WhatsApp-Image-2020-03-11-at-12.35.26-AM-1024x576.jpeg\" alt=\"\" width=\"800\" height=\"450\" srcset=\"https:\/\/www.porlalibreedomex.com\/wp-content\/uploads\/2020\/03\/WhatsApp-Image-2020-03-11-at-12.35.26-AM-1024x576.jpeg 1024w, https:\/\/www.porlalibreedomex.com\/wp-content\/uploads\/2020\/03\/WhatsApp-Image-2020-03-11-at-12.35.26-AM-300x169.jpeg 300w, https:\/\/www.porlalibreedomex.com\/wp-content\/uploads\/2020\/03\/WhatsApp-Image-2020-03-11-at-12.35.26-AM-768x432.jpeg 768w, https:\/\/www.porlalibreedomex.com\/wp-content\/uploads\/2020\/03\/WhatsApp-Image-2020-03-11-at-12.35.26-AM.jpeg 1152w\" sizes=\"auto, (max-width: 800px) 100vw, 800px\" \/><\/a><\/p>\n<p>De inmediato, se dio intervenci\u00f3n a personal de la Coordinaci\u00f3n General de Servicios Periciales y de la Polic\u00eda de Investigaci\u00f3n (PDI).<\/p>\n<p><a href=\"https:\/\/www.porlalibreedomex.com\/wp-content\/uploads\/2020\/03\/WhatsApp-Image-2020-03-11-at-12.35.29-AM.jpeg\"><img loading=\"lazy\" decoding=\"async\" class=\"aligncenter size-large wp-image-38254\" src=\"https:\/\/www.porlalibreedomex.com\/wp-content\/uploads\/2020\/03\/WhatsApp-Image-2020-03-11-at-12.35.29-AM-1024x576.jpeg\" alt=\"\" width=\"800\" height=\"450\" srcset=\"https:\/\/www.porlalibreedomex.com\/wp-content\/uploads\/2020\/03\/WhatsApp-Image-2020-03-11-at-12.35.29-AM-1024x576.jpeg 1024w, https:\/\/www.porlalibreedomex.com\/wp-content\/uploads\/2020\/03\/WhatsApp-Image-2020-03-11-at-12.35.29-AM-300x169.jpeg 300w, https:\/\/www.porlalibreedomex.com\/wp-content\/uploads\/2020\/03\/WhatsApp-Image-2020-03-11-at-12.35.29-AM-768x432.jpeg 768w, https:\/\/www.porlalibreedomex.com\/wp-content\/uploads\/2020\/03\/WhatsApp-Image-2020-03-11-at-12.35.29-AM.jpeg 1152w\" sizes=\"auto, (max-width: 800px) 100vw, 800px\" \/><\/a><\/p>\n<p>C\u00e9lulas de la Subprocuradur\u00eda de Atenci\u00f3n a V\u00edctimas y Servicios a la Comunidad se trasladaron al lugar para brindar atenci\u00f3n a las v\u00edctimas. Hasta anoche se reportaron 35 lesionados, y extraoficialmente, se habl\u00f3 de una persona fallecida.<\/p>\n<p><a href=\"https:\/\/www.porlalibreedomex.com\/wp-content\/uploads\/2020\/03\/WhatsApp-Image-2020-03-11-at-12.35.27-AM.jpeg\"><img loading=\"lazy\" decoding=\"async\" class=\"aligncenter size-large wp-image-38253\" src=\"https:\/\/www.porlalibreedomex.com\/wp-content\/uploads\/2020\/03\/WhatsApp-Image-2020-03-11-at-12.35.27-AM-1024x576.jpeg\" alt=\"\" width=\"800\" height=\"450\" srcset=\"https:\/\/www.porlalibreedomex.com\/wp-content\/uploads\/2020\/03\/WhatsApp-Image-2020-03-11-at-12.35.27-AM-1024x576.jpeg 1024w, https:\/\/www.porlalibreedomex.com\/wp-content\/uploads\/2020\/03\/WhatsApp-Image-2020-03-11-at-12.35.27-AM-300x169.jpeg 300w, https:\/\/www.porlalibreedomex.com\/wp-content\/uploads\/2020\/03\/WhatsApp-Image-2020-03-11-at-12.35.27-AM-768x432.jpeg 768w, https:\/\/www.porlalibreedomex.com\/wp-content\/uploads\/2020\/03\/WhatsApp-Image-2020-03-11-at-12.35.27-AM.jpeg 1152w\" sizes=\"auto, (max-width: 800px) 100vw, 800px\" \/><\/a><\/p>\n<p><iframe loading=\"lazy\"  id=\"_ytid_56284\"  width=\"696\" height=\"392\"  data-origwidth=\"696\" data-origheight=\"392\" src=\"https:\/\/www.youtube.com\/embed\/6OEK7fA-P0U?enablejsapi=1&#038;autoplay=1&#038;cc_load_policy=0&#038;cc_lang_pref=&#038;iv_load_policy=1&#038;loop=0&#038;rel=1&#038;fs=1&#038;playsinline=0&#038;autohide=2&#038;theme=dark&#038;color=red&#038;controls=1&#038;disablekb=0&#038;\" class=\"__youtube_prefs__  epyt-is-override  no-lazyload\" title=\"YouTube player\"  allow=\"fullscreen; accelerometer; autoplay; clipboard-write; encrypted-media; gyroscope; picture-in-picture; web-share\" referrerpolicy=\"strict-origin-when-cross-origin\" allowfullscreen data-no-lazy=\"1\" data-skipgform_ajax_framebjll=\"\"><\/iframe><\/p>\n<p>La Fiscal\u00eda General de Justicia de la Ciudad de M\u00e9xico pone a disposici\u00f3n de la ciudadan\u00eda los n\u00fameros telef\u00f3nicos (55) 5200 9000 y 800 745 2369 para orientaci\u00f3n jur\u00eddica gratuita.<\/p>\n","protected":false},"excerpt":{"rendered":"<p>&nbsp; &nbsp; La Fiscal\u00eda General de Justicia de la Ciudad de M\u00e9xico (FGJCDMX) informa que inici\u00f3 una carpeta de investigaci\u00f3n tras el choque de trenes del Sistema de Transporte Colectivo (STC) Metro, ocurrido esta noche en la estaci\u00f3n Tacubaya. De inmediato, se dio intervenci\u00f3n a personal de la Coordinaci\u00f3n General de Servicios Periciales y de [&hellip;]<\/p>\n","protected":false},"author":3,"featured_media":38247,"comment_status":"open","ping_status":"open","sticky":false,"template":"","format":"standard","meta":{"footnotes":""},"categories":[16,9145,7549],"tags":[17108,17109,17111,17110],"class_list":{"0":"post-38246","1":"post","2":"type-post","3":"status-publish","4":"format-standard","5":"has-post-thumbnail","7":"category-foto","8":"category-general","9":"category-video","10":"tag-choque-de-trenes-del-metro-cdmx","11":"tag-fiscalia-de-justicia-cdmx","12":"tag-muerto-en-el-metro-cdmx","13":"tag-resulotan-35-lesionados"},"wps_subtitle":"Hasta anoche reportaban 35 lesionados; ya investiga la Fiscal\u00eda de la CDMX","_links":{"self":[{"href":"https:\/\/www.porlalibreedomex.com\/index.php?rest_route=\/wp\/v2\/posts\/38246","targetHints":{"allow":["GET"]}}],"collection":[{"href":"https:\/\/www.porlalibreedomex.com\/index.php?rest_route=\/wp\/v2\/posts"}],"about":[{"href":"https:\/\/www.porlalibreedomex.com\/index.php?rest_route=\/wp\/v2\/types\/post"}],"author":[{"embeddable":true,"href":"https:\/\/www.porlalibreedomex.com\/index.php?rest_route=\/wp\/v2\/users\/3"}],"replies":[{"embeddable":true,"href":"https:\/\/www.porlalibreedomex.com\/index.php?rest_route=%2Fwp%2Fv2%2Fcomments&post=38246"}],"version-history":[{"count":4,"href":"https:\/\/www.porlalibreedomex.com\/index.php?rest_route=\/wp\/v2\/posts\/38246\/revisions"}],"predecessor-version":[{"id":38256,"href":"https:\/\/www.porlalibreedomex.com\/index.php?rest_route=\/wp\/v2\/posts\/38246\/revisions\/38256"}],"wp:featuredmedia":[{"embeddable":true,"href":"https:\/\/www.porlalibreedomex.com\/index.php?rest_route=\/wp\/v2\/media\/38247"}],"wp:attachment":[{"href":"https:\/\/www.porlalibreedomex.com\/index.php?rest_route=%2Fwp%2Fv2%2Fmedia&parent=38246"}],"wp:term":[{"taxonomy":"category","embeddable":true,"href":"https:\/\/www.porlalibreedomex.com\/index.php?rest_route=%2Fwp%2Fv2%2Fcategories&post=38246"},{"taxonomy":"post_tag","embeddable":true,"href":"https:\/\/www.porlalibreedomex.com\/index.php?rest_route=%2Fwp%2Fv2%2Ftags&post=38246"}],"curies":[{"name":"wp","href":"https:\/\/api.w.org\/{rel}","templated":true}]}}