{"id":38238,"date":"2020-03-10T00:58:31","date_gmt":"2020-03-10T06:58:31","guid":{"rendered":"https:\/\/www.porlalibreedomex.com\/?p=38238"},"modified":"2020-03-11T00:58:52","modified_gmt":"2020-03-11T06:58:52","slug":"se-desploma-avioneta-cessna-150-en-atizapan-de-zaragoza","status":"publish","type":"post","link":"https:\/\/www.porlalibreedomex.com\/?p=38238","title":{"rendered":"SE DESPLOMA AVIONETA CESSNA 150 EN ATIZAP\u00c1N DE ZARAGOZA"},"content":{"rendered":"<p><strong>Atizap\u00e1n de Zaragoza, Estado de M\u00e9xico, 10 de marzo de 2020.<\/strong> El Sistema de Autopistas, Aeropuertos y Servicios Conexos del Estado de M\u00e9xico report\u00f3 el desplome de una aeronave en el Aer\u00f3dromo de Atizap\u00e1n de Zaragoza.<\/p>\n<p>De acuerdo con reportes preliminares, fue alrededor de las 15:40 horas que, a 30 metros fuera del umbral de la Pista 04 del Aer\u00f3dromo, cay\u00f3 una aeronave tipo Cessna 150, matr\u00edcula XB-BZB, perteneciente a la Escuela de Aviaci\u00f3n \u201cAire\u201d, donde tripulaban dos instructores.<\/p>\n<p><a href=\"https:\/\/www.porlalibreedomex.com\/wp-content\/uploads\/2020\/03\/WhatsApp-Image-2020-03-10-at-4.51.52-PM-1.jpeg\"><img loading=\"lazy\" decoding=\"async\" class=\"aligncenter size-large wp-image-38243\" src=\"https:\/\/www.porlalibreedomex.com\/wp-content\/uploads\/2020\/03\/WhatsApp-Image-2020-03-10-at-4.51.52-PM-1-1024x768.jpeg\" alt=\"\" width=\"800\" height=\"600\" srcset=\"https:\/\/www.porlalibreedomex.com\/wp-content\/uploads\/2020\/03\/WhatsApp-Image-2020-03-10-at-4.51.52-PM-1-1024x768.jpeg 1024w, https:\/\/www.porlalibreedomex.com\/wp-content\/uploads\/2020\/03\/WhatsApp-Image-2020-03-10-at-4.51.52-PM-1-300x225.jpeg 300w, https:\/\/www.porlalibreedomex.com\/wp-content\/uploads\/2020\/03\/WhatsApp-Image-2020-03-10-at-4.51.52-PM-1-768x576.jpeg 768w, https:\/\/www.porlalibreedomex.com\/wp-content\/uploads\/2020\/03\/WhatsApp-Image-2020-03-10-at-4.51.52-PM-1.jpeg 1280w\" sizes=\"auto, (max-width: 800px) 100vw, 800px\" \/><\/a><\/p>\n<p>Unidades de Rescate de Protecci\u00f3n Civil, Bomberos, Rescate A\u00e9reo y Polic\u00eda estatal acudieron al auxilio de los tripulantes, sin necesidad de traslado, pues las lesiones que sufrieron fueron menores.<\/p>\n<p><a href=\"https:\/\/www.porlalibreedomex.com\/wp-content\/uploads\/2020\/03\/WhatsApp-Image-2020-03-10-at-4.51.53-PM-1.jpeg\"><img loading=\"lazy\" decoding=\"async\" class=\"aligncenter size-large wp-image-38239\" src=\"https:\/\/www.porlalibreedomex.com\/wp-content\/uploads\/2020\/03\/WhatsApp-Image-2020-03-10-at-4.51.53-PM-1-1024x768.jpeg\" alt=\"\" width=\"800\" height=\"600\" srcset=\"https:\/\/www.porlalibreedomex.com\/wp-content\/uploads\/2020\/03\/WhatsApp-Image-2020-03-10-at-4.51.53-PM-1-1024x768.jpeg 1024w, https:\/\/www.porlalibreedomex.com\/wp-content\/uploads\/2020\/03\/WhatsApp-Image-2020-03-10-at-4.51.53-PM-1-300x225.jpeg 300w, https:\/\/www.porlalibreedomex.com\/wp-content\/uploads\/2020\/03\/WhatsApp-Image-2020-03-10-at-4.51.53-PM-1-768x576.jpeg 768w, https:\/\/www.porlalibreedomex.com\/wp-content\/uploads\/2020\/03\/WhatsApp-Image-2020-03-10-at-4.51.53-PM-1.jpeg 1280w\" sizes=\"auto, (max-width: 800px) 100vw, 800px\" \/><\/a><\/p>\n<p>Protecci\u00f3n Civil estatal informa que trabajan en la fuga de combustible en la aeronave, misma que est\u00e1 siendo tratada con espuma.<\/p>\n<p><a href=\"https:\/\/www.porlalibreedomex.com\/wp-content\/uploads\/2020\/03\/WhatsApp-Image-2020-03-10-at-4.51.53-PM-2.jpeg\"><img loading=\"lazy\" decoding=\"async\" class=\"aligncenter size-large wp-image-38240\" src=\"https:\/\/www.porlalibreedomex.com\/wp-content\/uploads\/2020\/03\/WhatsApp-Image-2020-03-10-at-4.51.53-PM-2-1024x768.jpeg\" alt=\"\" width=\"800\" height=\"600\" srcset=\"https:\/\/www.porlalibreedomex.com\/wp-content\/uploads\/2020\/03\/WhatsApp-Image-2020-03-10-at-4.51.53-PM-2-1024x768.jpeg 1024w, https:\/\/www.porlalibreedomex.com\/wp-content\/uploads\/2020\/03\/WhatsApp-Image-2020-03-10-at-4.51.53-PM-2-300x225.jpeg 300w, https:\/\/www.porlalibreedomex.com\/wp-content\/uploads\/2020\/03\/WhatsApp-Image-2020-03-10-at-4.51.53-PM-2-768x576.jpeg 768w, https:\/\/www.porlalibreedomex.com\/wp-content\/uploads\/2020\/03\/WhatsApp-Image-2020-03-10-at-4.51.53-PM-2.jpeg 1280w\" sizes=\"auto, (max-width: 800px) 100vw, 800px\" \/><\/a><\/p>\n<p>Hasta el momento se desconocen las causas del percance y corresponder\u00e1 a la Direcci\u00f3n General de Aeron\u00e1utica Civil determinarlas.<\/p>\n","protected":false},"excerpt":{"rendered":"<p>Atizap\u00e1n de Zaragoza, Estado de M\u00e9xico, 10 de marzo de 2020. El Sistema de Autopistas, Aeropuertos y Servicios Conexos del Estado de M\u00e9xico report\u00f3 el desplome de una aeronave en el Aer\u00f3dromo de Atizap\u00e1n de Zaragoza. De acuerdo con reportes preliminares, fue alrededor de las 15:40 horas que, a 30 metros fuera del umbral de [&hellip;]<\/p>\n","protected":false},"author":3,"featured_media":38244,"comment_status":"open","ping_status":"open","sticky":false,"template":"","format":"standard","meta":{"footnotes":""},"categories":[16,5],"tags":[17107,14133,17106],"class_list":{"0":"post-38238","1":"post","2":"type-post","3":"status-publish","4":"format-standard","5":"has-post-thumbnail","7":"category-foto","8":"category-nota-informativa","9":"tag-aeronautica-ccivil","10":"tag-cae-avioneta-en-atizapan","11":"tag-se-desploma-avioneta"},"wps_subtitle":"SALVAN LA VIDA LOS DOS TRIPULANTES, S\u00d3LO LESIONES MENORES","_links":{"self":[{"href":"https:\/\/www.porlalibreedomex.com\/index.php?rest_route=\/wp\/v2\/posts\/38238","targetHints":{"allow":["GET"]}}],"collection":[{"href":"https:\/\/www.porlalibreedomex.com\/index.php?rest_route=\/wp\/v2\/posts"}],"about":[{"href":"https:\/\/www.porlalibreedomex.com\/index.php?rest_route=\/wp\/v2\/types\/post"}],"author":[{"embeddable":true,"href":"https:\/\/www.porlalibreedomex.com\/index.php?rest_route=\/wp\/v2\/users\/3"}],"replies":[{"embeddable":true,"href":"https:\/\/www.porlalibreedomex.com\/index.php?rest_route=%2Fwp%2Fv2%2Fcomments&post=38238"}],"version-history":[{"count":1,"href":"https:\/\/www.porlalibreedomex.com\/index.php?rest_route=\/wp\/v2\/posts\/38238\/revisions"}],"predecessor-version":[{"id":38245,"href":"https:\/\/www.porlalibreedomex.com\/index.php?rest_route=\/wp\/v2\/posts\/38238\/revisions\/38245"}],"wp:featuredmedia":[{"embeddable":true,"href":"https:\/\/www.porlalibreedomex.com\/index.php?rest_route=\/wp\/v2\/media\/38244"}],"wp:attachment":[{"href":"https:\/\/www.porlalibreedomex.com\/index.php?rest_route=%2Fwp%2Fv2%2Fmedia&parent=38238"}],"wp:term":[{"taxonomy":"category","embeddable":true,"href":"https:\/\/www.porlalibreedomex.com\/index.php?rest_route=%2Fwp%2Fv2%2Fcategories&post=38238"},{"taxonomy":"post_tag","embeddable":true,"href":"https:\/\/www.porlalibreedomex.com\/index.php?rest_route=%2Fwp%2Fv2%2Ftags&post=38238"}],"curies":[{"name":"wp","href":"https:\/\/api.w.org\/{rel}","templated":true}]}}