{"id":38042,"date":"2020-03-01T23:16:49","date_gmt":"2020-03-02T05:16:49","guid":{"rendered":"https:\/\/www.porlalibreedomex.com\/?p=38042"},"modified":"2020-03-02T23:23:18","modified_gmt":"2020-03-03T05:23:18","slug":"funciona-este-mes-el-sistema-anticipado-de-inscripcion-y-distribucion-en-el-estado-de-mexico","status":"publish","type":"post","link":"https:\/\/www.porlalibreedomex.com\/?p=38042","title":{"rendered":"FUNCIONA ESTE MES EL  SISTEMA ANTICIPADO DE INSCRIPCI\u00d3N Y DISTRIBUCI\u00d3N EN EL ESTADO DE M\u00c9XICO"},"content":{"rendered":"<p>&nbsp;<\/p>\n<ul>\n<li><em><strong>\u00a0Inicia Sistema Anticipado de Inscripci\u00f3n y Distribuci\u00f3n (SAID), este lunes el registro para primer ingreso a Primaria.<\/strong><\/em><\/li>\n<li><em><strong>Pueden hacer registro en l\u00ednea ingresando a www.edomex.gob.mx.<\/strong><\/em><\/li>\n<\/ul>\n<p><strong>Toluca, Estado de M\u00e9xico, 1 de marzo de 2020<\/strong>. A partir de este 2 de marzo, padres de familia o tutores que deseen registrar a sus hijos en primer grado de Primaria para el ciclo escolar 2020-2021, en escuelas p\u00fablicas del Estado de M\u00e9xico, podr\u00e1n hacerlo mediante el Sistema Anticipado de Inscripci\u00f3n y Distribuci\u00f3n (SAID), a trav\u00e9s del portal electr\u00f3nico del Gobierno estatal www.edomex.gob.mx.<\/p>\n<p>El Secretario de Educaci\u00f3n, Alejandro Fern\u00e1ndez Campillo, inform\u00f3 que este tr\u00e1mite gratuito, que aplica por primera vez en los 125 municipios, lleva a la fecha m\u00e1s de 133 mil 800 registros para preescolar, cifra que supera lo reportado en el ciclo escolar pasado, cuando se obtuvieron 83 mil registros en este nivel.<\/p>\n<p>Las fechas de preinscripci\u00f3n ser\u00e1n de acuerdo con la letra inicial del primer apellido del menor, iniciando los d\u00edas 2 y 3 de marzo con los apellidos que inicien con las letras A, B, C, D; 4 y 5, para los de la letra E a la I; 6 y 9 para las letras de la J a M; 10 y 11, de la N a R; mientras que el 12 y 13 de marzo ser\u00e1 para los apellidos que inicien con la letra S hasta la Z.<\/p>\n<p><a href=\"https:\/\/www.porlalibreedomex.com\/wp-content\/uploads\/2020\/03\/WhatsApp-Image-2020-03-01-at-5.26.09-PM-1.jpeg\"><img loading=\"lazy\" decoding=\"async\" class=\"aligncenter size-full wp-image-38044\" src=\"https:\/\/www.porlalibreedomex.com\/wp-content\/uploads\/2020\/03\/WhatsApp-Image-2020-03-01-at-5.26.09-PM-1.jpeg\" alt=\"\" width=\"1024\" height=\"683\" srcset=\"https:\/\/www.porlalibreedomex.com\/wp-content\/uploads\/2020\/03\/WhatsApp-Image-2020-03-01-at-5.26.09-PM-1.jpeg 1024w, https:\/\/www.porlalibreedomex.com\/wp-content\/uploads\/2020\/03\/WhatsApp-Image-2020-03-01-at-5.26.09-PM-1-300x200.jpeg 300w, https:\/\/www.porlalibreedomex.com\/wp-content\/uploads\/2020\/03\/WhatsApp-Image-2020-03-01-at-5.26.09-PM-1-768x512.jpeg 768w\" sizes=\"auto, (max-width: 1024px) 100vw, 1024px\" \/><\/a><\/p>\n<p>Para realizar el registro se deben tener a la mano CURP y acta de nacimiento del aspirante, correo electr\u00f3nico, as\u00ed como nombres y direcciones de cinco escuelas cercanas a su domicilio.<\/p>\n<p>El registro para primero de secundaria inicia el 16 de marzo y los resultados del SAID en los tres niveles ser\u00e1n publicados el lunes 3 de agosto de 2020 en el Portal Electr\u00f3nico del Gobierno del Estado de M\u00e9xico www.edomex.gob.mx, y en cada una de las escuelas participantes.<\/p>\n<p>Para resolver dudas, se pone a disposici\u00f3n de los padres de familia o tutores, el Centro de Atenci\u00f3n Telef\u00f3nica del Gobierno del Estado de M\u00e9xico (CATGEM), con el n\u00famero 800-696-9696 y el correo electr\u00f3nico said.preinscripcion@edomex.gob.mx<\/p>\n","protected":false},"excerpt":{"rendered":"<p>&nbsp; \u00a0Inicia Sistema Anticipado de Inscripci\u00f3n y Distribuci\u00f3n (SAID), este lunes el registro para primer ingreso a Primaria. Pueden hacer registro en l\u00ednea ingresando a www.edomex.gob.mx. Toluca, Estado de M\u00e9xico, 1 de marzo de 2020. A partir de este 2 de marzo, padres de familia o tutores que deseen registrar a sus hijos en primer [&hellip;]<\/p>\n","protected":false},"author":3,"featured_media":38043,"comment_status":"open","ping_status":"open","sticky":false,"template":"","format":"standard","meta":{"footnotes":""},"categories":[9148,16],"tags":[9754,17038,17037],"class_list":{"0":"post-38042","1":"post","2":"type-post","3":"status-publish","4":"format-standard","5":"has-post-thumbnail","7":"category-educacion","8":"category-foto","9":"tag-alejandro-fernandez-campillo","10":"tag-edomex-preinscripcionhes","11":"tag-inscripciones-anticipadas"},"wps_subtitle":"","_links":{"self":[{"href":"https:\/\/www.porlalibreedomex.com\/index.php?rest_route=\/wp\/v2\/posts\/38042","targetHints":{"allow":["GET"]}}],"collection":[{"href":"https:\/\/www.porlalibreedomex.com\/index.php?rest_route=\/wp\/v2\/posts"}],"about":[{"href":"https:\/\/www.porlalibreedomex.com\/index.php?rest_route=\/wp\/v2\/types\/post"}],"author":[{"embeddable":true,"href":"https:\/\/www.porlalibreedomex.com\/index.php?rest_route=\/wp\/v2\/users\/3"}],"replies":[{"embeddable":true,"href":"https:\/\/www.porlalibreedomex.com\/index.php?rest_route=%2Fwp%2Fv2%2Fcomments&post=38042"}],"version-history":[{"count":1,"href":"https:\/\/www.porlalibreedomex.com\/index.php?rest_route=\/wp\/v2\/posts\/38042\/revisions"}],"predecessor-version":[{"id":38045,"href":"https:\/\/www.porlalibreedomex.com\/index.php?rest_route=\/wp\/v2\/posts\/38042\/revisions\/38045"}],"wp:featuredmedia":[{"embeddable":true,"href":"https:\/\/www.porlalibreedomex.com\/index.php?rest_route=\/wp\/v2\/media\/38043"}],"wp:attachment":[{"href":"https:\/\/www.porlalibreedomex.com\/index.php?rest_route=%2Fwp%2Fv2%2Fmedia&parent=38042"}],"wp:term":[{"taxonomy":"category","embeddable":true,"href":"https:\/\/www.porlalibreedomex.com\/index.php?rest_route=%2Fwp%2Fv2%2Fcategories&post=38042"},{"taxonomy":"post_tag","embeddable":true,"href":"https:\/\/www.porlalibreedomex.com\/index.php?rest_route=%2Fwp%2Fv2%2Ftags&post=38042"}],"curies":[{"name":"wp","href":"https:\/\/api.w.org\/{rel}","templated":true}]}}