{"id":38030,"date":"2020-03-01T22:07:50","date_gmt":"2020-03-02T04:07:50","guid":{"rendered":"https:\/\/www.porlalibreedomex.com\/?p=38030"},"modified":"2020-03-01T22:07:50","modified_gmt":"2020-03-02T04:07:50","slug":"crear-la-figura-del-juez-de-las-victimas-abonara-a-una-justicia-verdadera-gabriel-farfan-rivera","status":"publish","type":"post","link":"https:\/\/www.porlalibreedomex.com\/?p=38030","title":{"rendered":"CREAR LA FIGURA DEL JUEZ DE LAS V\u00cdCTIMAS, ABONAR\u00c1 A UNA JUSTICIA VERDADERA: GABRIEL FARF\u00c1N RIVERA"},"content":{"rendered":"<div dir=\"ltr\">\n<p>&nbsp;<\/p>\n<p>&nbsp;<\/p>\n<ul>\n<li><i>Se present\u00f3 en la CODHEM el libro \u201cEl juez de la v\u00edctima por su dignificaci\u00f3n y reparaci\u00f3n del da\u00f1o\u201d.<\/i><\/li>\n<\/ul>\n<p>&nbsp;<\/p>\n<p><b>Toluca, Estado de M\u00e9xico, 1 de marzo de 2020.-<\/b>\u00a0La Comisi\u00f3n de Derechos Humanos del Estado de M\u00e9xico (CODHEM) fue el marco para la presentaci\u00f3n del libro \u201cEl juez de la v\u00edctima por su dignificaci\u00f3n y reparaci\u00f3n del da\u00f1o\u201d, de Gabriel Vicente Farf\u00e1n Rivera, cuya propuesta es crear la figura del juez de las v\u00edctimas, para que puedan solicitar la reparaci\u00f3n del da\u00f1o o medidas precautorias sin tener que esperar a que se dicte una sentencia, es decir, para que tengan una justicia verdadera y m\u00e1s r\u00e1pida.<\/p>\n<p>La dedicatoria de su obra, dijo, es para \u201clas v\u00edctimas olvidadas. \u00a1No queremos un feminicidio m\u00e1s! \u00a1No queremos otra Ingrid!; por ella les digo que seguir\u00e9 intent\u00e1ndolo hasta que nos hagan caso\u201d; destac\u00f3 que las muertes de Ingrid, de la ni\u00f1a de siete a\u00f1os violada y lastimada y la de seis meses son conmovedoras, y llevan a reconocer que \u201cvivimos en una sociedad de furia, porque se rompi\u00f3 lo que el ser humano ten\u00eda como valores.\u201d<\/p>\n<p>&nbsp;<\/p>\n<p>Ante la moderadora y directora del Centro de Estudios en Derechos Humanos de la CODHEM, Gabriela Lara Torres, el visitador general de Toluca, V\u00edctor Delgado P\u00e9rez, y el titular de la Unidad Jur\u00eddica y Consultiva del organismo defensor, Erick Ma\u00f1\u00f3n Segundo, coincidieron en que la obra de Gabriel Vicente Farf\u00e1n es una propuesta novedosa y prepondera una postura a favor de las v\u00edctimas, ya que son quienes resienten el da\u00f1o causado pero suelen ser olvidadas.<\/p>\n<p>Delgado P\u00e9rez detall\u00f3 que la CODHEM apoya y verifica que no se afecten los derechos humanos de las personas, pero que esto sucede incluso desde que se les hace esperar mucho tiempo antes de ser atendidas; por ello consider\u00f3 relevante la aportaci\u00f3n del autor, quien analiza y reprocha que actualmente en todo proceso penal las v\u00edctimas solo son coadyuvantes de la representaci\u00f3n social, porque no tienen facultad para acudir directamente ante un juez, sino a trav\u00e9s del Ministerio P\u00fablico.<\/p>\n<p>El autor abund\u00f3 que las v\u00edctimas han sido olvidadas por las instituciones y requieren una justicia verdadera \u201cque las dignifique ante los tribunales ya que acuden a \u00e9stos con temor a ser desvaloradas\u201d, por tanto, se considera que su propuesta podr\u00eda derivar en una iniciativa de ley para crear dicha figura.<\/p>\n<p>Resalt\u00f3 que es momento de resarcir el da\u00f1o causado por largo tiempo a las v\u00edctimas; que el Estado debe dejar de ser pasivo y convertirse en\u00a0\u00a0fiel defensor y en verdadero protector de los gobernados, para devolver la tranquilidad que les fue robada por tanta inseguridad y, sobre todo, evitar que busquen justicia por su propia mano y no cambien su estatus jur\u00eddico a victimarios.<\/p>\n<p>Explic\u00f3 que su libro, dividido en siete cap\u00edtulos, se basa en tres ejes esenciales: crear una Caja resarcitoria para la indemnizaci\u00f3n y apoyo a las v\u00edctimas de delitos, la cual se alimentar\u00eda de los intereses econ\u00f3micos generados por los procesos penales, fianzas y confiscaciones materiales, entre otros elementos; por aportaci\u00f3n del trabajo carcelario as\u00ed como del gobierno federal y de la iniciativa privada.<\/p>\n<div>Tambi\u00e9n propone crear la Casa de la V\u00edctima, para utilizarla como refugio por el tiempo que sea necesario en caso de violencia de g\u00e9nero, acoso laboral y\u00a0<i>bullying<\/i>; para ello se ocupar\u00e1n inmuebles confiscados por las autoridades, ubicados en el pa\u00eds y el extranjero. Dicha casa contar\u00eda con las \u00e1reas de psicolog\u00eda, jur\u00eddica y social (para brindarles terapia ocupacional), as\u00ed como un m\u00e9dico legista.<\/div>\n<\/div>\n<div class=\"yj6qo\"><\/div>\n<div class=\"adL\"><\/div>\n","protected":false},"excerpt":{"rendered":"<p>&nbsp; &nbsp; Se present\u00f3 en la CODHEM el libro \u201cEl juez de la v\u00edctima por su dignificaci\u00f3n y reparaci\u00f3n del da\u00f1o\u201d. &nbsp; Toluca, Estado de M\u00e9xico, 1 de marzo de 2020.-\u00a0La Comisi\u00f3n de Derechos Humanos del Estado de M\u00e9xico (CODHEM) fue el marco para la presentaci\u00f3n del libro \u201cEl juez de la v\u00edctima por su [&hellip;]<\/p>\n","protected":false},"author":3,"featured_media":38031,"comment_status":"open","ping_status":"open","sticky":false,"template":"","format":"standard","meta":{"footnotes":""},"categories":[9157,16],"tags":[17,17031,17032],"class_list":{"0":"post-38030","1":"post","2":"type-post","3":"status-publish","4":"format-standard","5":"has-post-thumbnail","7":"category-edomex","8":"category-foto","9":"tag-codhem","10":"tag-gabriel-vicente-farfan-rivera","11":"tag-juez-de-victimas"},"wps_subtitle":"","_links":{"self":[{"href":"https:\/\/www.porlalibreedomex.com\/index.php?rest_route=\/wp\/v2\/posts\/38030","targetHints":{"allow":["GET"]}}],"collection":[{"href":"https:\/\/www.porlalibreedomex.com\/index.php?rest_route=\/wp\/v2\/posts"}],"about":[{"href":"https:\/\/www.porlalibreedomex.com\/index.php?rest_route=\/wp\/v2\/types\/post"}],"author":[{"embeddable":true,"href":"https:\/\/www.porlalibreedomex.com\/index.php?rest_route=\/wp\/v2\/users\/3"}],"replies":[{"embeddable":true,"href":"https:\/\/www.porlalibreedomex.com\/index.php?rest_route=%2Fwp%2Fv2%2Fcomments&post=38030"}],"version-history":[{"count":1,"href":"https:\/\/www.porlalibreedomex.com\/index.php?rest_route=\/wp\/v2\/posts\/38030\/revisions"}],"predecessor-version":[{"id":38032,"href":"https:\/\/www.porlalibreedomex.com\/index.php?rest_route=\/wp\/v2\/posts\/38030\/revisions\/38032"}],"wp:featuredmedia":[{"embeddable":true,"href":"https:\/\/www.porlalibreedomex.com\/index.php?rest_route=\/wp\/v2\/media\/38031"}],"wp:attachment":[{"href":"https:\/\/www.porlalibreedomex.com\/index.php?rest_route=%2Fwp%2Fv2%2Fmedia&parent=38030"}],"wp:term":[{"taxonomy":"category","embeddable":true,"href":"https:\/\/www.porlalibreedomex.com\/index.php?rest_route=%2Fwp%2Fv2%2Fcategories&post=38030"},{"taxonomy":"post_tag","embeddable":true,"href":"https:\/\/www.porlalibreedomex.com\/index.php?rest_route=%2Fwp%2Fv2%2Ftags&post=38030"}],"curies":[{"name":"wp","href":"https:\/\/api.w.org\/{rel}","templated":true}]}}