{"id":38025,"date":"2020-03-01T21:29:39","date_gmt":"2020-03-02T03:29:39","guid":{"rendered":"https:\/\/www.porlalibreedomex.com\/?p=38025"},"modified":"2020-03-01T21:45:07","modified_gmt":"2020-03-02T03:45:07","slug":"en-la-uaem-acciones-concretas-contra-el-acoso-y-hostigamiento-sexual","status":"publish","type":"post","link":"https:\/\/www.porlalibreedomex.com\/?p=38025","title":{"rendered":"EN LA UAEM, ACCIONES CONCRETAS CONTRA EL ACOSO Y HOSTIGAMIENTO SEXUAL"},"content":{"rendered":"<p>&nbsp;<\/p>\n<ul>\n<li><em><strong>En una semana, fueron despedidod seis profesores: tres de la Facultad de Ciencias Pol\u00edticas y Sociales, uno de la Facultad de Lenguas, uno de la Escuela de Artes Esc\u00e9nicas y uno del Plantel \u201cLic. Adolfo L\u00f3pez Mateos\u201d de la Escuela Preparatoria.<\/strong><\/em><\/li>\n<\/ul>\n<p><strong>Toluca, M\u00e9xico, 01 de marzo de 2020.<\/strong> Luego de que el pasado 20 de febrero se dio a conocer la difusi\u00f3n, por parte de un alumno, de fotograf\u00edas privadas de estudiantes de la Facultad de Ciencias de la Conducta, lo cual origin\u00f3 denuncias por acoso y hostigamiento sexual en diversos espacios universitarios, la Universidad Aut\u00f3noma del Estado de M\u00e9xico ha despedido a un total de seis profesores: tres de la Facultad de Ciencias Pol\u00edticas y Sociales, uno de la Facultad de Lenguas, uno de la Escuela de Artes Esc\u00e9nicas y uno del Plantel \u201cLic. Adolfo L\u00f3pez Mateos\u201d de la Escuela Preparatoria.<br \/>\nEl rector de la UAEM, Alfredo Barrera Baca, inform\u00f3 que tambi\u00e9n se ha ejercido la suspensi\u00f3n como medida de protecci\u00f3n, de seis profesores de la Facultad de Odontolog\u00eda y un alumno de la Facultad de Ciencias de la Conducta.<br \/>\nA ello, precis\u00f3, se suma la destituci\u00f3n por procedimiento de responsabilidad universitaria, entre 2018 y 2019, de 16 profesores, as\u00ed como la separaci\u00f3n por renuncia\/despido de cuatro m\u00e1s, de diversos organismos universitarios en todo el Estado de M\u00e9xico, haciendo un total de 20.<br \/>\nEl servidor universitario explic\u00f3 que en el caso particular del estudiante de Ciencias de la Conducta, tambi\u00e9n se apoy\u00f3 a cuatro estudiantes de la Facultad que quisieron formalizar sus denuncias ante el Ministerio P\u00fablico.<\/p>\n<p><iframe loading=\"lazy\"  id=\"_ytid_77226\"  width=\"696\" height=\"392\"  data-origwidth=\"696\" data-origheight=\"392\" src=\"https:\/\/www.youtube.com\/embed\/KGQ2uR4K8Is?enablejsapi=1&#038;autoplay=1&#038;cc_load_policy=0&#038;cc_lang_pref=&#038;iv_load_policy=1&#038;loop=0&#038;rel=1&#038;fs=1&#038;playsinline=0&#038;autohide=2&#038;theme=dark&#038;color=red&#038;controls=1&#038;disablekb=0&#038;\" class=\"__youtube_prefs__  epyt-is-override  no-lazyload\" title=\"YouTube player\"  allow=\"fullscreen; accelerometer; autoplay; clipboard-write; encrypted-media; gyroscope; picture-in-picture; web-share\" referrerpolicy=\"strict-origin-when-cross-origin\" allowfullscreen data-no-lazy=\"1\" data-skipgform_ajax_framebjll=\"\"><\/iframe><\/p>\n<p>Adem\u00e1s, se\u00f1al\u00f3 Alfredo Barrera Baca, con tal de dar seguimiento a la presunta participaci\u00f3n de dicho joven en una red de pornograf\u00eda en la capital mexiquense, sostuvimos una reuni\u00f3n con expertos de la polic\u00eda cibern\u00e9tica de la entidad.<\/p>\n<p>&nbsp;<\/p>\n","protected":false},"excerpt":{"rendered":"<p>&nbsp; En una semana, fueron despedidod seis profesores: tres de la Facultad de Ciencias Pol\u00edticas y Sociales, uno de la Facultad de Lenguas, uno de la Escuela de Artes Esc\u00e9nicas y uno del Plantel \u201cLic. Adolfo L\u00f3pez Mateos\u201d de la Escuela Preparatoria. Toluca, M\u00e9xico, 01 de marzo de 2020. Luego de que el pasado 20 [&hellip;]<\/p>\n","protected":false},"author":3,"featured_media":21689,"comment_status":"open","ping_status":"open","sticky":false,"template":"","format":"standard","meta":{"footnotes":""},"categories":[9148,9157,16],"tags":[17030,17029,9070],"class_list":{"0":"post-38025","1":"post","2":"type-post","3":"status-publish","4":"format-standard","5":"has-post-thumbnail","7":"category-educacion","8":"category-edomex","9":"category-foto","10":"tag-acciones-contra-acoso-uaem","11":"tag-docentes-uaem-despedidos","12":"tag-rector-alfredo-barrera-baca"},"wps_subtitle":"","_links":{"self":[{"href":"https:\/\/www.porlalibreedomex.com\/index.php?rest_route=\/wp\/v2\/posts\/38025","targetHints":{"allow":["GET"]}}],"collection":[{"href":"https:\/\/www.porlalibreedomex.com\/index.php?rest_route=\/wp\/v2\/posts"}],"about":[{"href":"https:\/\/www.porlalibreedomex.com\/index.php?rest_route=\/wp\/v2\/types\/post"}],"author":[{"embeddable":true,"href":"https:\/\/www.porlalibreedomex.com\/index.php?rest_route=\/wp\/v2\/users\/3"}],"replies":[{"embeddable":true,"href":"https:\/\/www.porlalibreedomex.com\/index.php?rest_route=%2Fwp%2Fv2%2Fcomments&post=38025"}],"version-history":[{"count":3,"href":"https:\/\/www.porlalibreedomex.com\/index.php?rest_route=\/wp\/v2\/posts\/38025\/revisions"}],"predecessor-version":[{"id":38029,"href":"https:\/\/www.porlalibreedomex.com\/index.php?rest_route=\/wp\/v2\/posts\/38025\/revisions\/38029"}],"wp:featuredmedia":[{"embeddable":true,"href":"https:\/\/www.porlalibreedomex.com\/index.php?rest_route=\/wp\/v2\/media\/21689"}],"wp:attachment":[{"href":"https:\/\/www.porlalibreedomex.com\/index.php?rest_route=%2Fwp%2Fv2%2Fmedia&parent=38025"}],"wp:term":[{"taxonomy":"category","embeddable":true,"href":"https:\/\/www.porlalibreedomex.com\/index.php?rest_route=%2Fwp%2Fv2%2Fcategories&post=38025"},{"taxonomy":"post_tag","embeddable":true,"href":"https:\/\/www.porlalibreedomex.com\/index.php?rest_route=%2Fwp%2Fv2%2Ftags&post=38025"}],"curies":[{"name":"wp","href":"https:\/\/api.w.org\/{rel}","templated":true}]}}