{"id":37323,"date":"2020-02-03T00:13:21","date_gmt":"2020-02-03T06:13:21","guid":{"rendered":"https:\/\/www.porlalibreedomex.com\/?p=37323"},"modified":"2020-02-04T00:24:02","modified_gmt":"2020-02-04T06:24:02","slug":"nuevas-medidas-economicas-maullidos-urbanos","status":"publish","type":"post","link":"https:\/\/www.porlalibreedomex.com\/?p=37323","title":{"rendered":"NUEVAS MEDIDAS ECON\u00d3MICAS \/ MAULLIDOS URBANOS"},"content":{"rendered":"<div class=\"gE iv gt\"><\/div>\n<div class=\"\">\n<div id=\":oh\" class=\"ii gt\">\n<div id=\":og\" class=\"a3s aXjCH \">\n<div dir=\"ltr\">\n<p>Nuevas medidas econ\u00f3micas<\/p>\n<p>Gato de Barrio<\/p>\n<p align=\"right\"><i><a href=\"mailto:gatodebarrio@yahoo.com.mx\" target=\"_blank\" rel=\"nofollow noopener noreferrer\">gatodebarrio@yahoo.com.mx<\/a><\/i><i><\/i><\/p>\n<p>Aunque el presidente Andr\u00e9s Manuel L\u00f3pez Obrador minimiz\u00f3 la contracci\u00f3n de 0.1% del crecimiento del Producto Interno Bruto, al afirmar que a \u00e9l no le interesa este tipo de indicador, en la Secretar\u00eda de Hacienda y Cr\u00e9dito P\u00fablico se toman m\u00e1s en serio este tipo de cuestiones y ya trabajan para mejorar esta cifra y alcanzar la prometida tasa del 4%.<\/p>\n<p>Para ello, Gabriel Yorio, subsecretario de Hacienda, anunci\u00f3 un\u00a0<i>cambio de tim\u00f3n<\/i>\u00a0y durante la presentaci\u00f3n del Informe de Finanzas P\u00fablicas estableci\u00f3 que \u201cvamos a tener que cambiar el modelo de crecimiento y la estructura de la econom\u00eda\u201d.<\/p>\n<p>Detall\u00f3 que se aplicar\u00e1 un\u00a0<i>set de reformas<\/i>\u00a0al sistema financiero y al marco tributario a fin de acelerar las inversiones p\u00fablico-privadas y fomentar el empleo con perspectiva de g\u00e9nero. Dijo: \u201cQueremos que paguen impuestos los que tienen que pagar, de manera progresiva; tener mayor equidad en la estructura fiscal y esto est\u00e1 pensado m\u00e1s en los sectores vulnerables\u201d.<\/p>\n<p>Puntualiz\u00f3 que primero buscar\u00e1n una reforma en el sistema financiero donde se involucre al sector bancario, de seguros, en mercados de derivados y capitales, para que sean m\u00e1s flexibles y m\u00e1s productivos.<\/p>\n<p>Yorio destac\u00f3 que desde hace dos semanas se han reunido con representantes de diversos gremios del sector financiero, para ampliar los mercados, profundizarlos m\u00e1s y hacerlos m\u00e1s participativos de las actividades productivas y, en este sentido, ir tejiendo una reforma que puede ser muy ambiciosa respecto a flexibilizar al sector financiero.<\/p>\n<p>M\u00e1s all\u00e1 de la terminolog\u00eda econ\u00f3mica, lo que se promete es que ya no se pretende exprimir m\u00e1s al contribuyente cumplido pero sin darse a conocer las estrategias para definir c\u00f3mo se proponen que los informales se integren al sistema econ\u00f3mico. Sin duda, ayudar\u00eda a la econom\u00eda, pero tambi\u00e9n se requieren m\u00e1s puestos laborales en lugar de alentar pol\u00edticas asistencialistas que provocan que la gente espere ayuda pero sin poner algo de su parte.<\/p>\n<p>Deben tener presente la par\u00e1bola de que si se le regala un pescado a una persona, podr\u00e1 comer un d\u00eda, pero si se le ense\u00f1a a pescar podr\u00e1 comer todos los d\u00edas.<\/p>\n<p>Tambi\u00e9n es muy recomendable que L\u00f3pez Obrador ofrezca verdaderos apoyos a los inversionistas, ganar su confianza, hacerles entender de que sus inversiones se mantendr\u00e1n firmes y sin futuros riesgos, ya que su participaci\u00f3n resulta indispensable para lograr el crecimiento de la econom\u00eda nacional.<\/p>\n<p>De otra forma su promesa de crecer al 4%, quedar\u00e1 solo como una buena intenci\u00f3n.<\/p>\n<\/div>\n<\/div>\n<\/div>\n<\/div>\n","protected":false},"excerpt":{"rendered":"<p>Nuevas medidas econ\u00f3micas Gato de Barrio gatodebarrio@yahoo.com.mx Aunque el presidente Andr\u00e9s Manuel L\u00f3pez Obrador minimiz\u00f3 la contracci\u00f3n de 0.1% del crecimiento del Producto Interno Bruto, al afirmar que a \u00e9l no le interesa este tipo de indicador, en la Secretar\u00eda de Hacienda y Cr\u00e9dito P\u00fablico se toman m\u00e1s en serio este tipo de cuestiones y [&hellip;]<\/p>\n","protected":false},"author":3,"featured_media":37330,"comment_status":"open","ping_status":"open","sticky":false,"template":"","format":"standard","meta":{"footnotes":""},"categories":[23,9146,16],"tags":[6315,11389,16761],"class_list":{"0":"post-37323","1":"post","2":"type-post","3":"status-publish","4":"format-standard","5":"has-post-thumbnail","7":"category-columna","8":"category-economia","9":"category-foto","10":"tag-gato-de-barrio","11":"tag-maullidos-urbanos","12":"tag-nuevas-medidas-economicas"},"wps_subtitle":"","_links":{"self":[{"href":"https:\/\/www.porlalibreedomex.com\/index.php?rest_route=\/wp\/v2\/posts\/37323","targetHints":{"allow":["GET"]}}],"collection":[{"href":"https:\/\/www.porlalibreedomex.com\/index.php?rest_route=\/wp\/v2\/posts"}],"about":[{"href":"https:\/\/www.porlalibreedomex.com\/index.php?rest_route=\/wp\/v2\/types\/post"}],"author":[{"embeddable":true,"href":"https:\/\/www.porlalibreedomex.com\/index.php?rest_route=\/wp\/v2\/users\/3"}],"replies":[{"embeddable":true,"href":"https:\/\/www.porlalibreedomex.com\/index.php?rest_route=%2Fwp%2Fv2%2Fcomments&post=37323"}],"version-history":[{"count":1,"href":"https:\/\/www.porlalibreedomex.com\/index.php?rest_route=\/wp\/v2\/posts\/37323\/revisions"}],"predecessor-version":[{"id":37325,"href":"https:\/\/www.porlalibreedomex.com\/index.php?rest_route=\/wp\/v2\/posts\/37323\/revisions\/37325"}],"wp:featuredmedia":[{"embeddable":true,"href":"https:\/\/www.porlalibreedomex.com\/index.php?rest_route=\/wp\/v2\/media\/37330"}],"wp:attachment":[{"href":"https:\/\/www.porlalibreedomex.com\/index.php?rest_route=%2Fwp%2Fv2%2Fmedia&parent=37323"}],"wp:term":[{"taxonomy":"category","embeddable":true,"href":"https:\/\/www.porlalibreedomex.com\/index.php?rest_route=%2Fwp%2Fv2%2Fcategories&post=37323"},{"taxonomy":"post_tag","embeddable":true,"href":"https:\/\/www.porlalibreedomex.com\/index.php?rest_route=%2Fwp%2Fv2%2Ftags&post=37323"}],"curies":[{"name":"wp","href":"https:\/\/api.w.org\/{rel}","templated":true}]}}