{"id":37218,"date":"2020-01-30T00:54:57","date_gmt":"2020-01-30T06:54:57","guid":{"rendered":"https:\/\/www.porlalibreedomex.com\/?p=37218"},"modified":"2020-01-31T00:55:16","modified_gmt":"2020-01-31T06:55:16","slug":"caida-del-pib-y-pronunciamientos-contradictorios-maullidos-urbanos","status":"publish","type":"post","link":"https:\/\/www.porlalibreedomex.com\/?p=37218","title":{"rendered":"CA\u00cdDA DEL PIB Y PRONUNCIAMIENTOS CONTRADICTORIOS \/ MAULLIDOS URBANOS"},"content":{"rendered":"<p>&nbsp;<\/p>\n<p><strong>Contradicciones sobre el PIB<\/strong><\/p>\n<p><strong>Gato de Barrio<\/strong><\/p>\n<p align=\"right\"><strong><i><a href=\"mailto:gatodebarrio@yahoo.com.mx\" target=\"_blank\" rel=\"nofollow noopener noreferrer\">gatodebarrio@yahoo.com.mx<\/a><\/i><i><\/i><\/strong><\/p>\n<p><strong>A<\/strong>l dar a conocer el Instituto Nacional de Estad\u00edstica y Geograf\u00eda (Inegi) las cifras desestacionalizadas, en 2019 el Producto Interno Bruto (PIB), se confirm\u00f3 lo que ya se hab\u00eda pronosticado desde meses antes: la contracci\u00f3n del 0.1% en comparaci\u00f3n al a\u00f1o anterior, cuando se registr\u00f3 un incremento del 2.1%.<\/p>\n<p>El PIB sum\u00f3 tres trimestres continuos con desempe\u00f1o negativo durante 2019, pues en el primero baj\u00f3 0.9%, el segundo y tercero fue de 0.3%, respectivamente, primera ca\u00edda desde 2009, cuando el \u00edndice cay\u00f3 5.3% en el contexto de la crisis econ\u00f3mica mundial, aunque no se maneja el t\u00e9rmino de recesi\u00f3n econ\u00f3mica pero tampoco se califica como expansi\u00f3n.<\/p>\n<p>Ante esta contracci\u00f3n, en su conferencia ma\u00f1anera el presidente Andr\u00e9s Manuel L\u00f3pez Obrador desestim\u00f3 esta situaci\u00f3n econ\u00f3mica, al afirmar que para medir el crecimiento econ\u00f3mico se debe considerar el bienestar y desarrollo de la poblaci\u00f3n, y resalt\u00f3 que actualmente \u201chay capacidad de compra con los programas sociales\u201d.<\/p>\n<p>Volvi\u00f3 a comparar su administraci\u00f3n con las anteriores al considerar que \u201cen el periodo liberal lo poco que hubo de crecimiento se acumul\u00f3 en unas cuantas manos. Es muy importante que haya una mejor distribuci\u00f3n del ingreso y que los beneficios lleguen a todos, eso es lo que me tiene tranquilo porque abajo hay m\u00e1s capacidad de compra, no hay crisis de consumo. Me importa mucho la econom\u00eda familiar\u201d,<\/p>\n<p>Al manifestar que los par\u00e1metros sobre el crecimiento econ\u00f3mico fueron establecidos en el periodo neoliberal, reiter\u00f3 que \u201clos volvieron como la base para medir el desarrollo y a m\u00ed no me importa mucho. Crecer puede significar que haya m\u00e1s dinero en unas cuantas manos, en ese periodo hubo poco crecimiento y se acumul\u00f3 en unas cuantas manos\u201d.<\/p>\n<p>Sin embargo aqu\u00ed se registra una contradicci\u00f3n ya que como una oferta de su campa\u00f1a proselitista fue el comprometerse a que la econom\u00eda crecer\u00eda a un ritmo del 4% anual, es decir lo doble de lo alcanzado durante el \u00faltimo a\u00f1o de la gesti\u00f3n de Enrique Pe\u00f1a Nieto, pero conforme avanz\u00f3 el a\u00f1o 2019 tuvo que bajar gradualmente sus estimaciones<\/p>\n<p>Ahora, tras los pobres resultados alcanzados y a pesar de que para L\u00f3pez Obrador el crecimiento econ\u00f3mico no es relevante y lo mejor es \u201cel bienestar y desarrollo de la poblaci\u00f3n\u201d; debe reconocer que los pron\u00f3sticos para el 2020 no son halagadores, incluso analistas anticipan que se mantendr\u00e1 la ca\u00edda, por lo cual resulta deseable que el gobierno establezca estrategias para ahora s\u00ed garantizar el siempre deseable crecimiento econ\u00f3mico nacional.<\/p>\n","protected":false},"excerpt":{"rendered":"<p>&nbsp; Contradicciones sobre el PIB Gato de Barrio gatodebarrio@yahoo.com.mx Al dar a conocer el Instituto Nacional de Estad\u00edstica y Geograf\u00eda (Inegi) las cifras desestacionalizadas, en 2019 el Producto Interno Bruto (PIB), se confirm\u00f3 lo que ya se hab\u00eda pronosticado desde meses antes: la contracci\u00f3n del 0.1% en comparaci\u00f3n al a\u00f1o anterior, cuando se registr\u00f3 un [&hellip;]<\/p>\n","protected":false},"author":3,"featured_media":37219,"comment_status":"open","ping_status":"open","sticky":false,"template":"","format":"standard","meta":{"footnotes":""},"categories":[23,9146,16],"tags":[16726,16725,16724,16727],"class_list":{"0":"post-37218","1":"post","2":"type-post","3":"status-publish","4":"format-standard","5":"has-post-thumbnail","7":"category-columna","8":"category-economia","9":"category-foto","10":"tag-yo-tengo-otros-datos","11":"tag-amlo-soberbia-y-mentiras","12":"tag-contradicciones-pib","13":"tag-maullidos-urbanos-pib"},"wps_subtitle":"","_links":{"self":[{"href":"https:\/\/www.porlalibreedomex.com\/index.php?rest_route=\/wp\/v2\/posts\/37218","targetHints":{"allow":["GET"]}}],"collection":[{"href":"https:\/\/www.porlalibreedomex.com\/index.php?rest_route=\/wp\/v2\/posts"}],"about":[{"href":"https:\/\/www.porlalibreedomex.com\/index.php?rest_route=\/wp\/v2\/types\/post"}],"author":[{"embeddable":true,"href":"https:\/\/www.porlalibreedomex.com\/index.php?rest_route=\/wp\/v2\/users\/3"}],"replies":[{"embeddable":true,"href":"https:\/\/www.porlalibreedomex.com\/index.php?rest_route=%2Fwp%2Fv2%2Fcomments&post=37218"}],"version-history":[{"count":1,"href":"https:\/\/www.porlalibreedomex.com\/index.php?rest_route=\/wp\/v2\/posts\/37218\/revisions"}],"predecessor-version":[{"id":37220,"href":"https:\/\/www.porlalibreedomex.com\/index.php?rest_route=\/wp\/v2\/posts\/37218\/revisions\/37220"}],"wp:featuredmedia":[{"embeddable":true,"href":"https:\/\/www.porlalibreedomex.com\/index.php?rest_route=\/wp\/v2\/media\/37219"}],"wp:attachment":[{"href":"https:\/\/www.porlalibreedomex.com\/index.php?rest_route=%2Fwp%2Fv2%2Fmedia&parent=37218"}],"wp:term":[{"taxonomy":"category","embeddable":true,"href":"https:\/\/www.porlalibreedomex.com\/index.php?rest_route=%2Fwp%2Fv2%2Fcategories&post=37218"},{"taxonomy":"post_tag","embeddable":true,"href":"https:\/\/www.porlalibreedomex.com\/index.php?rest_route=%2Fwp%2Fv2%2Ftags&post=37218"}],"curies":[{"name":"wp","href":"https:\/\/api.w.org\/{rel}","templated":true}]}}