{"id":37199,"date":"2020-01-29T00:11:39","date_gmt":"2020-01-29T06:11:39","guid":{"rendered":"https:\/\/www.porlalibreedomex.com\/?p=37199"},"modified":"2020-01-30T00:12:03","modified_gmt":"2020-01-30T06:12:03","slug":"maullidos-urbanos-insospechados-problemas-por-el-etiquetado","status":"publish","type":"post","link":"https:\/\/www.porlalibreedomex.com\/?p=37199","title":{"rendered":"Maullidos Urbanos \/ Insospechados problemas por el etiquetado"},"content":{"rendered":"<div class=\"gs\">\n<div class=\"\">\n<div id=\":nw\" class=\"ii gt\">\n<div id=\":nv\" class=\"a3s aXjCH \">\n<div dir=\"ltr\">\n<div>\n<p>&nbsp;<\/p>\n<p><strong>Gato de Barrio<\/strong><\/p>\n<p align=\"right\"><strong><i><a href=\"mailto:gatodebarrio@yahoo.com.mx\" target=\"_blank\" rel=\"nofollow noopener noreferrer\">gatodebarrio@yahoo.com.mx<\/a><\/i><i><\/i><\/strong><\/p>\n<p><strong>A<\/strong>unque ya fue aprobada la reforma a la Ley General de Salud para modificar el etiquetado de alimentos y bebidas no alcoh\u00f3licas por el Congreso desde octubre pasado, que fue publicada en el Diario Oficial de la Federaci\u00f3n el 8 de noviembre y se espera entre en vigor a mediados del a\u00f1o, ha sido impugnada por el sector empresarial mexicano y advirtieron que presentar\u00e1n amparos y recurr\u00edan a instancias internacionales.<\/p>\n<p>En conferencia de prensa Carlos Salazar Lomel\u00edn, presidente del Consejo Coordinador Empresarial llam\u00f3 al di\u00e1logo para \u201cdar marcha atr\u00e1s a la norma\u201d, que resulta mucho m\u00e1s agresiva que la chilena, la cual se tom\u00f3 como principal referencia, adem\u00e1s de que la nueva Norma Oficial Mexicana es confusa y generar\u00e1 un impacto negativo para la industria de aproximadamente unos seis mil millones de pesos.<\/p>\n<p>Debe recordarse que la reforma para modificar el etiquetado de alimentos y bebidas no alcoh\u00f3licas cambiar\u00e1 la forma como se presenta el empaque de productos que exceden niveles de calor\u00edas, az\u00facares a\u00f1adidas, grasas y sodio establecidos por la Secretar\u00eda de Salud.<\/p>\n<p>El prop\u00f3sito de esta medida es abatir el aumento excesivo en la poblaci\u00f3n que padece sobrepeso y obesidad, males que padecen gran cantidad de mexicanos y que pueden provocar enfermedades cr\u00f3nicas no transmisibles (ECNT) como diabetes e hipertensi\u00f3n.<\/p>\n<p>En el etiquetado actual se establece porcentaje de az\u00facares, grasas saturadas, grasas trans, sodio y edulcorantes o cafe\u00edna en los citados productos para el consumo diario de acuerdo con las recomendaciones m\u00e9dicas, donde la propuesta aprobada es difundir en seis oct\u00e1gonos la leyenda de \u201cAlto en&#8230;\u201d a \u201cExceso de&#8230;\u201d del contenido de esos ingredientes, la cual es rechazada por los empresarios quienes argumentan que no precisa esos niveles.<\/p>\n<p>Salazar Lomel\u00edn explic\u00f3 que durante meses hubo mesas de trabajo y se propusieron alternativas para la modificaci\u00f3n de la NOM que luchar\u00e1 contra la pandemia del sobrepeso y la obesidad, pero las propuestas del sector privado \u201cfueron ignoradas por la autoridad\u201d.<\/p>\n<p>Bosco de la Vega Valladolid, presidente del Consejo Nacional Agropecuario, dijo que el nuevo etiquetado no ayudar\u00e1 a una disminuci\u00f3n del consumo de calor\u00edas y, en cambio, afectar\u00e1 la producci\u00f3n y el empleo del sector primario por la minusval\u00eda en alimentos procesados.<\/p>\n<p>Con este anuncio iniciar\u00e1 una etapa donde empresarios y autoridades se enfrentar\u00e1n, pero no debe olvidarse que en el centro de la discusi\u00f3n est\u00e1 la salud de los consumidores y, con base en ello se deben buscar las mejores propuestas que concilien a las partes.<i style=\"color: #ffffff; font-size: x-large;\"><b>a, y le hablo de esa amante inoportuna qu<\/b><\/i><\/p>\n<\/div>\n<\/div>\n<\/div>\n<\/div>\n<div id=\":p3\" class=\"hq gt\">\n<div id=\":p5\" class=\"aQH\">\n<div class=\"aZK\"><\/div>\n<\/div>\n<\/div>\n<div class=\"hi\"><\/div>\n<\/div>\n<\/div>\n","protected":false},"excerpt":{"rendered":"<p>&nbsp; Gato de Barrio gatodebarrio@yahoo.com.mx Aunque ya fue aprobada la reforma a la Ley General de Salud para modificar el etiquetado de alimentos y bebidas no alcoh\u00f3licas por el Congreso desde octubre pasado, que fue publicada en el Diario Oficial de la Federaci\u00f3n el 8 de noviembre y se espera entre en vigor a mediados [&hellip;]<\/p>\n","protected":false},"author":3,"featured_media":37200,"comment_status":"open","ping_status":"open","sticky":false,"template":"","format":"standard","meta":{"footnotes":""},"categories":[23,16,9209],"tags":[6315,11389,16716],"class_list":{"0":"post-37199","1":"post","2":"type-post","3":"status-publish","4":"format-standard","5":"has-post-thumbnail","7":"category-columna","8":"category-foto","9":"category-salud","10":"tag-gato-de-barrio","11":"tag-maullidos-urbanos","12":"tag-problemas-por-el-etiquetado"},"wps_subtitle":"","_links":{"self":[{"href":"https:\/\/www.porlalibreedomex.com\/index.php?rest_route=\/wp\/v2\/posts\/37199","targetHints":{"allow":["GET"]}}],"collection":[{"href":"https:\/\/www.porlalibreedomex.com\/index.php?rest_route=\/wp\/v2\/posts"}],"about":[{"href":"https:\/\/www.porlalibreedomex.com\/index.php?rest_route=\/wp\/v2\/types\/post"}],"author":[{"embeddable":true,"href":"https:\/\/www.porlalibreedomex.com\/index.php?rest_route=\/wp\/v2\/users\/3"}],"replies":[{"embeddable":true,"href":"https:\/\/www.porlalibreedomex.com\/index.php?rest_route=%2Fwp%2Fv2%2Fcomments&post=37199"}],"version-history":[{"count":1,"href":"https:\/\/www.porlalibreedomex.com\/index.php?rest_route=\/wp\/v2\/posts\/37199\/revisions"}],"predecessor-version":[{"id":37201,"href":"https:\/\/www.porlalibreedomex.com\/index.php?rest_route=\/wp\/v2\/posts\/37199\/revisions\/37201"}],"wp:featuredmedia":[{"embeddable":true,"href":"https:\/\/www.porlalibreedomex.com\/index.php?rest_route=\/wp\/v2\/media\/37200"}],"wp:attachment":[{"href":"https:\/\/www.porlalibreedomex.com\/index.php?rest_route=%2Fwp%2Fv2%2Fmedia&parent=37199"}],"wp:term":[{"taxonomy":"category","embeddable":true,"href":"https:\/\/www.porlalibreedomex.com\/index.php?rest_route=%2Fwp%2Fv2%2Fcategories&post=37199"},{"taxonomy":"post_tag","embeddable":true,"href":"https:\/\/www.porlalibreedomex.com\/index.php?rest_route=%2Fwp%2Fv2%2Ftags&post=37199"}],"curies":[{"name":"wp","href":"https:\/\/api.w.org\/{rel}","templated":true}]}}