{"id":36757,"date":"2020-01-09T00:57:09","date_gmt":"2020-01-09T06:57:09","guid":{"rendered":"https:\/\/www.porlalibreedomex.com\/?p=36757"},"modified":"2020-01-10T00:57:29","modified_gmt":"2020-01-10T06:57:29","slug":"emite-la-codhem-informe-especial-sobre-el-caso-tlanixco","status":"publish","type":"post","link":"https:\/\/www.porlalibreedomex.com\/?p=36757","title":{"rendered":"EMITE LA CODHEM INFORME ESPECIAL SOBRE EL CASO TLANIXCO"},"content":{"rendered":"<p>&nbsp;<\/p>\n<ul>\n<li><i>El informe detalla y evidencia la vulneraci\u00f3n a los derechos humanos de las v\u00edctimas, y el uso indebido del derecho penal y, por tanto, la criminalizaci\u00f3n de su labor como personas defensoras de los derechos de los pueblos ind\u00edgenas.<\/i><\/li>\n<li><i>El titular de la Codhem propone garantizar la actuaci\u00f3n debida de los operadores de justicia, de la FGJEM y el TSJEM de acuerdo con la ley mexicana y los est\u00e1ndares internacionales de derechos humanos.<\/i><\/li>\n<li><i>Se solicita que las personas agraviadas sean inscritas en el Registro Estatal de V\u00edctimas.<\/i><\/li>\n<\/ul>\n<p><b>\u00a0<\/b><\/p>\n<p><b>Toluca, Estado de M\u00e9xico, 9 de enero de 2020.-<\/b>\u00a0La Comisi\u00f3n de Derechos Humanos del Estado de M\u00e9xico (Codhem), encabezada por el\u00a0<i>ombudsman<\/i>\u00a0Jorge Olvera Garc\u00eda, emiti\u00f3 el \u201cInforme Especial sobre la Situaci\u00f3n de Criminalizaci\u00f3n de Defensores de Derechos Humanos de la Comunidad ind\u00edgena de Tlanixco, Tenango del Valle\u201d, que hab\u00edan sido sentenciados a 50 a\u00f1os de prisi\u00f3n y a multas pecuniarias por los delitos de homicidio calificado y privaci\u00f3n de la libertad, en el marco de un proceso jurisdiccional afectado por la vulneraci\u00f3n a las prerrogativas fundamentales de dichas personas.<\/p>\n<p>En este informe, la Codhem da cuenta de las acciones realizadas por el Organismo aut\u00f3nomo en defensa y protecci\u00f3n de los derechos humanos de seis personas, entre ellas una mujer, cuyo enjuiciamiento y situaci\u00f3n jur\u00eddica fueron afectados por fallas cometidas por la instancia jurisdiccional al vulnerar los derechos al acceso a la justicia, a la legalidad y la seguridad jur\u00eddica, a la debida diligencia, a la fundamentaci\u00f3n y motivaci\u00f3n, a la presunci\u00f3n de inocencia, a la honra y a la buena reputaci\u00f3n; adem\u00e1s de omitir la aplicaci\u00f3n del principio pro persona, como criterio de interpretaci\u00f3n de la ley en casos relacionados con los derechos humanos.<\/p>\n<p>El informe detalla y fundamenta que las autoridades incumplieron la obligaci\u00f3n de proteger los derechos humanos de los sentenciados haciendo un evidente uso indebido del derecho penal y, por tanto, criminalizando su labor como personas defensoras de los derechos de los pueblos originarios y al no respetar sus usos y costumbres como integrantes de la comunidad ind\u00edgena nahua.<\/p>\n<p>La investigaci\u00f3n realizada por la Comisi\u00f3n de Derechos Humanos del Estado de M\u00e9xico deriv\u00f3 del oficio n\u00famero V4\/09937 suscrito por la Cuarta Visitadora General de la Comisi\u00f3n Nacional de los Derechos Humanos (CNDH), fechado el 8 de marzo de 2018, en cuyo anexo se describieron hechos presuntamente constitutivos de violaciones a derechos humanos en agravio de seis personas ind\u00edgenas de la comunidad de San Pedro Tlanixco, Tenango del Valle.<\/p>\n<p>Tras el an\u00e1lisis de la respectiva queja \u2013en su momento presentada directamente ante la CNDH-, as\u00ed como de la valoraci\u00f3n de los informes allegados, de las pruebas aportadas y dem\u00e1s evidencias reunidas con motivo de la sustanciaci\u00f3n del procedimiento de queja, el \u201cInforme Especial sobre la Situaci\u00f3n de Criminalizaci\u00f3n de Defensores de Derechos Humanos de la Comunidad ind\u00edgena de Tlanixco, Tenango del Valle\u201d hace las precisiones pertinentes del caso y de las acciones emprendidas que conllevaron al requerimiento de la libertad de los agraviados.<\/p>\n<p>Al establecer que<strong> si bien las v\u00edctimas fueron liberadas, \u00e9stas no han obtenido la justa reparaci\u00f3n ante los agravios infligidos a sus derechos humanos,<\/strong> en dicho Informe el presidente de la Codhem, Jorge Olvera Garc\u00eda, plantea varias propuestas para prevenir, investigar, sancionar y reparar las violaciones a los derechos fundamentales en los t\u00e9rminos que establece la ley.<\/p>\n<p>La primera propuesta est\u00e1 dirigida a los operadores de justicia penal, a la Fiscal\u00eda General de Justicia y al Tribunal Superior de Justicia del Estado de M\u00e9xico, para garantizar la actuaci\u00f3n debida de acuerdo con los est\u00e1ndares internacionales de derechos humanos en el sistema de justicia interno, para lo cual recomienda adoptar lineamientos, criterios, protocolos, principios e instrumentos internacionales destinados a proteger a las y los defensores.<\/p>\n<p>El titular de la Codhem solicita reconocer el trabajo de defensoras y defensores de derechos humanos y su importante rol en las sociedades democr\u00e1ticas, a trav\u00e9s de actividades de capacitaci\u00f3n a los operadores de justicia, reconociendo que su activismo no debilita al Estado, sino que lo fortalece.<\/p>\n<p>A la Secretar\u00eda de Justicia y Derechos Humanos del gobierno estatal, se le propone que por conducto de la Comisi\u00f3n Ejecutiva de Atenci\u00f3n a V\u00edctimas del Estado de M\u00e9xico, las referidas personas agraviadas sean inscritas en el Registro Estatal de V\u00edctimas del Estado de M\u00e9xico, a fin de que accedan a los derechos y garant\u00edas establecidos en la ley, as\u00ed como al Fondo Estatal de Ayuda, Asistencia y Reparaci\u00f3n Integral, considerando siempre su condici\u00f3n de personas ind\u00edgenas y su labor en la defensa de los derechos humanos de su comunidad.<\/p>\n","protected":false},"excerpt":{"rendered":"<p>&nbsp; El informe detalla y evidencia la vulneraci\u00f3n a los derechos humanos de las v\u00edctimas, y el uso indebido del derecho penal y, por tanto, la criminalizaci\u00f3n de su labor como personas defensoras de los derechos de los pueblos ind\u00edgenas. El titular de la Codhem propone garantizar la actuaci\u00f3n debida de los operadores de justicia, [&hellip;]<\/p>\n","protected":false},"author":3,"featured_media":36758,"comment_status":"open","ping_status":"open","sticky":false,"template":"","format":"standard","meta":{"footnotes":""},"categories":[16,9149],"tags":[8777,16539,15760,16540],"class_list":{"0":"post-36757","1":"post","2":"type-post","3":"status-publish","4":"format-standard","5":"has-post-thumbnail","7":"category-foto","8":"category-policiaca","9":"tag-atencion-a-victimas","10":"tag-informe-caso-tlanixco","11":"tag-informe-codhem","12":"tag-victimas-liberadas"},"wps_subtitle":"V\u00edctimas liberadas, pero no resarcidas","_links":{"self":[{"href":"https:\/\/www.porlalibreedomex.com\/index.php?rest_route=\/wp\/v2\/posts\/36757","targetHints":{"allow":["GET"]}}],"collection":[{"href":"https:\/\/www.porlalibreedomex.com\/index.php?rest_route=\/wp\/v2\/posts"}],"about":[{"href":"https:\/\/www.porlalibreedomex.com\/index.php?rest_route=\/wp\/v2\/types\/post"}],"author":[{"embeddable":true,"href":"https:\/\/www.porlalibreedomex.com\/index.php?rest_route=\/wp\/v2\/users\/3"}],"replies":[{"embeddable":true,"href":"https:\/\/www.porlalibreedomex.com\/index.php?rest_route=%2Fwp%2Fv2%2Fcomments&post=36757"}],"version-history":[{"count":2,"href":"https:\/\/www.porlalibreedomex.com\/index.php?rest_route=\/wp\/v2\/posts\/36757\/revisions"}],"predecessor-version":[{"id":36760,"href":"https:\/\/www.porlalibreedomex.com\/index.php?rest_route=\/wp\/v2\/posts\/36757\/revisions\/36760"}],"wp:featuredmedia":[{"embeddable":true,"href":"https:\/\/www.porlalibreedomex.com\/index.php?rest_route=\/wp\/v2\/media\/36758"}],"wp:attachment":[{"href":"https:\/\/www.porlalibreedomex.com\/index.php?rest_route=%2Fwp%2Fv2%2Fmedia&parent=36757"}],"wp:term":[{"taxonomy":"category","embeddable":true,"href":"https:\/\/www.porlalibreedomex.com\/index.php?rest_route=%2Fwp%2Fv2%2Fcategories&post=36757"},{"taxonomy":"post_tag","embeddable":true,"href":"https:\/\/www.porlalibreedomex.com\/index.php?rest_route=%2Fwp%2Fv2%2Ftags&post=36757"}],"curies":[{"name":"wp","href":"https:\/\/api.w.org\/{rel}","templated":true}]}}