{"id":36600,"date":"2020-01-01T01:24:11","date_gmt":"2020-01-01T07:24:11","guid":{"rendered":"https:\/\/www.porlalibreedomex.com\/?p=36600"},"modified":"2020-01-02T01:24:45","modified_gmt":"2020-01-02T07:24:45","slug":"primer-mexiquense-de-2020-nace-en-hospital-del-instituto-de-salud-en-ecatepec","status":"publish","type":"post","link":"https:\/\/www.porlalibreedomex.com\/?p=36600","title":{"rendered":"PRIMER MEXIQUENSE DE 2020, NACE EN HOSPITAL DEL INSTITUTO DE SALUD EN ECATEPEC"},"content":{"rendered":"<p>&nbsp;<\/p>\n<ul>\n<li><i>Es ecatepequense el primer mexiquense de esta d\u00e9cada.<\/i><\/li>\n<li><i>Se encuentra en buenas condiciones y esperan que sea dado de alta el pr\u00f3ximo 3 de enero.<\/i><\/li>\n<\/ul>\n<p><u><\/u>\u00a0<u><\/u><\/p>\n<p><b>Ecatepec, Estado de M\u00e9xico, 1\u00b0 de enero de 2020.<\/b>\u00a0En punto de las 00:00 horas de este d\u00eda, naci\u00f3 en el Hospital General de Ecatepec \u201cDr. Jos\u00e9 Mar\u00eda Rodr\u00edguez\u201d, el m\u00e1s peque\u00f1o integrante de la familia Acosta Sierra, quien se convierte en el primer mexiquense de 2020.<\/p>\n<p>Con un peso de 2 kilos 585 gramos y\u00a0\u00a0una talla de 50 cent\u00edmetros, el beb\u00e9 fue recibido con alegr\u00eda por sus padres Marisol Sierra Santos, de 38 a\u00f1os, y C\u00e9sar Acosta V\u00e1zquez, de 42 a\u00f1os, quienes viven en la colonia Ciudad Cuauht\u00e9moc de este municipio y con el arribo del nuevo miembro, completan su familia, pues ya tienen otros tres hijos.<\/p>\n<p><u><\/u> <a href=\"https:\/\/www.porlalibreedomex.com\/wp-content\/uploads\/2020\/01\/Primer-mexiquense-2020-de-Ecatepec.jpeg\"><img loading=\"lazy\" decoding=\"async\" class=\"aligncenter size-full wp-image-36602\" src=\"https:\/\/www.porlalibreedomex.com\/wp-content\/uploads\/2020\/01\/Primer-mexiquense-2020-de-Ecatepec.jpeg\" alt=\"\" width=\"991\" height=\"545\" srcset=\"https:\/\/www.porlalibreedomex.com\/wp-content\/uploads\/2020\/01\/Primer-mexiquense-2020-de-Ecatepec.jpeg 991w, https:\/\/www.porlalibreedomex.com\/wp-content\/uploads\/2020\/01\/Primer-mexiquense-2020-de-Ecatepec-300x165.jpeg 300w, https:\/\/www.porlalibreedomex.com\/wp-content\/uploads\/2020\/01\/Primer-mexiquense-2020-de-Ecatepec-768x422.jpeg 768w\" sizes=\"auto, (max-width: 991px) 100vw, 991px\" \/><\/a><u><\/u><\/p>\n<p>El nuevo mexiquense y su mam\u00e1 se encuentran en perfectas condiciones de salud y el nacimiento por ces\u00e1rea, fue atendido por un equipo de profesionales integrados por la ginec\u00f3loga, \u00c9rika Alem\u00e1n Salinas, su primer ayudante, Janet Ballesteros Hern\u00e1ndez, la anestesi\u00f3loga, Nayeli Chora Fuentes, la enfermera perinatal, Elena Gabriela Hern\u00e1ndez Santos, y el enfermero Iv\u00e1n Rodr\u00edguez.<\/p>\n<p><u><\/u>\u00a0<u><\/u>La puntuaci\u00f3n del peque\u00f1o en la prueba Apgar fue de 8.9, naci\u00f3 a las 41 semanas de gestaci\u00f3n y se espera que junto con su mam\u00e1, sean dados de alta el pr\u00f3ximo 3 de enero.<\/p>\n<p><u><\/u>\u00a0<u><\/u>\u00a0Cabe destacar que <strong>el Hospital General de Ecatepec \u201cDr. Jos\u00e9 Mar\u00eda Rodr\u00edguez\u201d, atiende al a\u00f1o entre 3 mil 500 y 4 mil nacimientos<\/strong> y es un nosocomio que fue nominado en 2017 como \u201cHospital Amigo del Ni\u00f1o y de la Ni\u00f1a\u201d.<\/p>\n<p>&nbsp;<\/p>\n","protected":false},"excerpt":{"rendered":"<p>&nbsp; Es ecatepequense el primer mexiquense de esta d\u00e9cada. Se encuentra en buenas condiciones y esperan que sea dado de alta el pr\u00f3ximo 3 de enero. \u00a0 Ecatepec, Estado de M\u00e9xico, 1\u00b0 de enero de 2020.\u00a0En punto de las 00:00 horas de este d\u00eda, naci\u00f3 en el Hospital General de Ecatepec \u201cDr. Jos\u00e9 Mar\u00eda Rodr\u00edguez\u201d, [&hellip;]<\/p>\n","protected":false},"author":3,"featured_media":36601,"comment_status":"open","ping_status":"open","sticky":false,"template":"","format":"standard","meta":{"footnotes":""},"categories":[9157,16,9209],"tags":[],"class_list":{"0":"post-36600","1":"post","2":"type-post","3":"status-publish","4":"format-standard","5":"has-post-thumbnail","7":"category-edomex","8":"category-foto","9":"category-salud"},"wps_subtitle":"","_links":{"self":[{"href":"https:\/\/www.porlalibreedomex.com\/index.php?rest_route=\/wp\/v2\/posts\/36600","targetHints":{"allow":["GET"]}}],"collection":[{"href":"https:\/\/www.porlalibreedomex.com\/index.php?rest_route=\/wp\/v2\/posts"}],"about":[{"href":"https:\/\/www.porlalibreedomex.com\/index.php?rest_route=\/wp\/v2\/types\/post"}],"author":[{"embeddable":true,"href":"https:\/\/www.porlalibreedomex.com\/index.php?rest_route=\/wp\/v2\/users\/3"}],"replies":[{"embeddable":true,"href":"https:\/\/www.porlalibreedomex.com\/index.php?rest_route=%2Fwp%2Fv2%2Fcomments&post=36600"}],"version-history":[{"count":2,"href":"https:\/\/www.porlalibreedomex.com\/index.php?rest_route=\/wp\/v2\/posts\/36600\/revisions"}],"predecessor-version":[{"id":36604,"href":"https:\/\/www.porlalibreedomex.com\/index.php?rest_route=\/wp\/v2\/posts\/36600\/revisions\/36604"}],"wp:featuredmedia":[{"embeddable":true,"href":"https:\/\/www.porlalibreedomex.com\/index.php?rest_route=\/wp\/v2\/media\/36601"}],"wp:attachment":[{"href":"https:\/\/www.porlalibreedomex.com\/index.php?rest_route=%2Fwp%2Fv2%2Fmedia&parent=36600"}],"wp:term":[{"taxonomy":"category","embeddable":true,"href":"https:\/\/www.porlalibreedomex.com\/index.php?rest_route=%2Fwp%2Fv2%2Fcategories&post=36600"},{"taxonomy":"post_tag","embeddable":true,"href":"https:\/\/www.porlalibreedomex.com\/index.php?rest_route=%2Fwp%2Fv2%2Ftags&post=36600"}],"curies":[{"name":"wp","href":"https:\/\/api.w.org\/{rel}","templated":true}]}}