{"id":36533,"date":"2019-12-14T15:32:55","date_gmt":"2019-12-14T21:32:55","guid":{"rendered":"https:\/\/www.porlalibreedomex.com\/?p=36533"},"modified":"2019-12-28T15:33:24","modified_gmt":"2019-12-28T21:33:24","slug":"secretaria-de-seguridad-realizo-tradicional-posada-para-mujeres-privadas-de-la-libertad","status":"publish","type":"post","link":"https:\/\/www.porlalibreedomex.com\/?p=36533","title":{"rendered":"SECRETAR\u00cdA DE SEGURIDAD REALIZ\u00d3 TRADICIONAL POSADA PARA MUJERES PRIVADAS DE LA LIBERTAD"},"content":{"rendered":"<p>&nbsp;<\/p>\n<ul>\n<li>\u00a0<strong>La actividad fue coordinada con la Fundaci\u00f3n Plan B<\/strong><\/li>\n<\/ul>\n<p>&nbsp;<\/p>\n<p>Como parte de las acciones para incentivar la reinserci\u00f3n social de Personas Privadas de la Libertad (PPL), la Secretar\u00eda de Seguridad (SS), a trav\u00e9s de la Subsecretar\u00eda de Control Penitenciaro y en coordinaci\u00f3n con la Fundaci\u00f3n Plan B, llev\u00f3 a cabo una tradicional posada en el Centro de Prevenci\u00f3n y Reinserci\u00f3n Social de Santiaguito.<\/p>\n<p><a href=\"https:\/\/www.porlalibreedomex.com\/wp-content\/uploads\/2019\/12\/1315-4.jpeg\"><img loading=\"lazy\" decoding=\"async\" class=\"aligncenter size-full wp-image-36535\" src=\"https:\/\/www.porlalibreedomex.com\/wp-content\/uploads\/2019\/12\/1315-4.jpeg\" alt=\"\" width=\"1280\" height=\"851\" srcset=\"https:\/\/www.porlalibreedomex.com\/wp-content\/uploads\/2019\/12\/1315-4.jpeg 1280w, https:\/\/www.porlalibreedomex.com\/wp-content\/uploads\/2019\/12\/1315-4-300x199.jpeg 300w, https:\/\/www.porlalibreedomex.com\/wp-content\/uploads\/2019\/12\/1315-4-768x511.jpeg 768w, https:\/\/www.porlalibreedomex.com\/wp-content\/uploads\/2019\/12\/1315-4-1024x681.jpeg 1024w\" sizes=\"auto, (max-width: 1280px) 100vw, 1280px\" \/><\/a><\/p>\n<p>En el \u00e1rea comunal del dormitorio 14, un aproximado de 300 mujeres internas en este Centro Penitenciario, disfrutaron de un convivio en el que pudieron degustar alimentos que fueron donados por miembros de la asociaci\u00f3n, as\u00ed como algunas cobijas y juguetes.<\/p>\n<p>Con el objetivo de ofrecer un momento de sano esparcimiento, se ameniz\u00f3 la tarde con m\u00fasica de diferentes g\u00e9neros musicales para bailar y finalmente romper pi\u00f1atas, actividad caracter\u00edstica en las celebraciones de la temporada decembrina.<\/p>\n<figure id=\"attachment_36534\" aria-describedby=\"caption-attachment-36534\" style=\"width: 1280px\" class=\"wp-caption aligncenter\"><a href=\"https:\/\/www.porlalibreedomex.com\/wp-content\/uploads\/2019\/12\/1315-2.jpeg\"><img loading=\"lazy\" decoding=\"async\" class=\"size-full wp-image-36534\" src=\"https:\/\/www.porlalibreedomex.com\/wp-content\/uploads\/2019\/12\/1315-2.jpeg\" alt=\"\" width=\"1280\" height=\"851\" srcset=\"https:\/\/www.porlalibreedomex.com\/wp-content\/uploads\/2019\/12\/1315-2.jpeg 1280w, https:\/\/www.porlalibreedomex.com\/wp-content\/uploads\/2019\/12\/1315-2-300x199.jpeg 300w, https:\/\/www.porlalibreedomex.com\/wp-content\/uploads\/2019\/12\/1315-2-768x511.jpeg 768w, https:\/\/www.porlalibreedomex.com\/wp-content\/uploads\/2019\/12\/1315-2-1024x681.jpeg 1024w\" sizes=\"auto, (max-width: 1280px) 100vw, 1280px\" \/><\/a><figcaption id=\"caption-attachment-36534\" class=\"wp-caption-text\">POSADA PARA MUJERES EN EL PENAL DE SANTIAGUITO, CON SABOR A LIBERTAD&#8230;<\/figcaption><\/figure>\n<p>La Secretar\u00eda de Seguridad le recuerda que los tel\u00e9fonos de Denuncia An\u00f3nima 089, y N\u00famero de Emergencias 9-1-1, operan las 24 horas del d\u00eda. Puede contactarnos a trav\u00e9s de nuestras redes sociales Facebook @SS.Edomex, y Twitter @SS_Edomex<\/p>\n<p>&nbsp;<\/p>\n","protected":false},"excerpt":{"rendered":"<p>&nbsp; \u00a0La actividad fue coordinada con la Fundaci\u00f3n Plan B &nbsp; Como parte de las acciones para incentivar la reinserci\u00f3n social de Personas Privadas de la Libertad (PPL), la Secretar\u00eda de Seguridad (SS), a trav\u00e9s de la Subsecretar\u00eda de Control Penitenciaro y en coordinaci\u00f3n con la Fundaci\u00f3n Plan B, llev\u00f3 a cabo una tradicional posada [&hellip;]<\/p>\n","protected":false},"author":3,"featured_media":36536,"comment_status":"open","ping_status":"open","sticky":false,"template":"","format":"standard","meta":{"footnotes":""},"categories":[9157,16],"tags":[16443,16442,16444],"class_list":{"0":"post-36533","1":"post","2":"type-post","3":"status-publish","4":"format-standard","5":"has-post-thumbnail","7":"category-edomex","8":"category-foto","9":"tag-la-ssem-les-hace-posada-a-reclusas","10":"tag-mujeres-privadas-de-la-lkibertad","11":"tag-posada-femenina-en-almoloyita"},"wps_subtitle":"","_links":{"self":[{"href":"https:\/\/www.porlalibreedomex.com\/index.php?rest_route=\/wp\/v2\/posts\/36533","targetHints":{"allow":["GET"]}}],"collection":[{"href":"https:\/\/www.porlalibreedomex.com\/index.php?rest_route=\/wp\/v2\/posts"}],"about":[{"href":"https:\/\/www.porlalibreedomex.com\/index.php?rest_route=\/wp\/v2\/types\/post"}],"author":[{"embeddable":true,"href":"https:\/\/www.porlalibreedomex.com\/index.php?rest_route=\/wp\/v2\/users\/3"}],"replies":[{"embeddable":true,"href":"https:\/\/www.porlalibreedomex.com\/index.php?rest_route=%2Fwp%2Fv2%2Fcomments&post=36533"}],"version-history":[{"count":1,"href":"https:\/\/www.porlalibreedomex.com\/index.php?rest_route=\/wp\/v2\/posts\/36533\/revisions"}],"predecessor-version":[{"id":36537,"href":"https:\/\/www.porlalibreedomex.com\/index.php?rest_route=\/wp\/v2\/posts\/36533\/revisions\/36537"}],"wp:featuredmedia":[{"embeddable":true,"href":"https:\/\/www.porlalibreedomex.com\/index.php?rest_route=\/wp\/v2\/media\/36536"}],"wp:attachment":[{"href":"https:\/\/www.porlalibreedomex.com\/index.php?rest_route=%2Fwp%2Fv2%2Fmedia&parent=36533"}],"wp:term":[{"taxonomy":"category","embeddable":true,"href":"https:\/\/www.porlalibreedomex.com\/index.php?rest_route=%2Fwp%2Fv2%2Fcategories&post=36533"},{"taxonomy":"post_tag","embeddable":true,"href":"https:\/\/www.porlalibreedomex.com\/index.php?rest_route=%2Fwp%2Fv2%2Ftags&post=36533"}],"curies":[{"name":"wp","href":"https:\/\/api.w.org\/{rel}","templated":true}]}}