{"id":36302,"date":"2019-12-16T23:54:40","date_gmt":"2019-12-17T05:54:40","guid":{"rendered":"https:\/\/www.porlalibreedomex.com\/?p=36302"},"modified":"2019-12-16T23:54:40","modified_gmt":"2019-12-17T05:54:40","slug":"todo-indica-que-si-habra-aumento-de-tarifas-al-transporte-publico","status":"publish","type":"post","link":"https:\/\/www.porlalibreedomex.com\/?p=36302","title":{"rendered":"TODO INDICA QUE S\u00cd HABR\u00c1 AUMENTO DE TARIFAS AL TRANSPORTE P\u00daBLICO"},"content":{"rendered":"<ul>\n<li><em><strong>Contin\u00faa la Secretar\u00eda de Movilidad en pl\u00e1ticas con Concesionarios para definir \u00abajuste\u00bb en el monto de la tarifa.<\/strong><\/em><\/li>\n<\/ul>\n<p><strong>Toluca, Estado de M\u00e9xico, 16 de diciembre de 2019.<\/strong> Con relaci\u00f3n a la movilizaci\u00f3n de usuarios del transporte p\u00fablico concesionado en el Estado de M\u00e9xico, la Secretar\u00eda de Movilidad informa que hasta el momento no se ha definido el monto del ajuste tarifario, pues contin\u00faan las pl\u00e1ticas con los empresarios del transporte.<\/p>\n<p>En dichas pl\u00e1ticas se toma en cuenta la capacidad econ\u00f3mica de los usuarios, as\u00ed como la revisi\u00f3n t\u00e9cnica de los estudios de costos presentados en su momento por los empresarios del transporte.<\/p>\n<p>De igual forma, indica que el ajuste tarifario deber\u00e1 estar acompa\u00f1ado de una mejora sustancial en el servicio.<\/p>\n<p>Es necesario recordar que en el Estado de M\u00e9xico no hay subsidios al transporte, sino que los gastos, tanto de regularizaci\u00f3n, renovaci\u00f3n de unidades, tecnolog\u00eda para la seguridad y otras metas contempladas para 2020, corren a cargo exclusivamente de los concesionarios.<\/p>\n","protected":false},"excerpt":{"rendered":"<p>Contin\u00faa la Secretar\u00eda de Movilidad en pl\u00e1ticas con Concesionarios para definir \u00abajuste\u00bb en el monto de la tarifa. Toluca, Estado de M\u00e9xico, 16 de diciembre de 2019. Con relaci\u00f3n a la movilizaci\u00f3n de usuarios del transporte p\u00fablico concesionado en el Estado de M\u00e9xico, la Secretar\u00eda de Movilidad informa que hasta el momento no se ha [&hellip;]<\/p>\n","protected":false},"author":3,"featured_media":36303,"comment_status":"open","ping_status":"open","sticky":false,"template":"","format":"standard","meta":{"footnotes":""},"categories":[12273,16],"tags":[16326,16327,11107],"class_list":{"0":"post-36302","1":"post","2":"type-post","3":"status-publish","4":"format-standard","5":"has-post-thumbnail","7":"category-comunicaciones-y-transportes","8":"category-foto","9":"tag-aumento-al-transporte","10":"tag-no-hay-subsidios-al-transporte-en-edomex","11":"tag-secretaria-de-movilidad"},"wps_subtitle":"","_links":{"self":[{"href":"https:\/\/www.porlalibreedomex.com\/index.php?rest_route=\/wp\/v2\/posts\/36302","targetHints":{"allow":["GET"]}}],"collection":[{"href":"https:\/\/www.porlalibreedomex.com\/index.php?rest_route=\/wp\/v2\/posts"}],"about":[{"href":"https:\/\/www.porlalibreedomex.com\/index.php?rest_route=\/wp\/v2\/types\/post"}],"author":[{"embeddable":true,"href":"https:\/\/www.porlalibreedomex.com\/index.php?rest_route=\/wp\/v2\/users\/3"}],"replies":[{"embeddable":true,"href":"https:\/\/www.porlalibreedomex.com\/index.php?rest_route=%2Fwp%2Fv2%2Fcomments&post=36302"}],"version-history":[{"count":1,"href":"https:\/\/www.porlalibreedomex.com\/index.php?rest_route=\/wp\/v2\/posts\/36302\/revisions"}],"predecessor-version":[{"id":36304,"href":"https:\/\/www.porlalibreedomex.com\/index.php?rest_route=\/wp\/v2\/posts\/36302\/revisions\/36304"}],"wp:featuredmedia":[{"embeddable":true,"href":"https:\/\/www.porlalibreedomex.com\/index.php?rest_route=\/wp\/v2\/media\/36303"}],"wp:attachment":[{"href":"https:\/\/www.porlalibreedomex.com\/index.php?rest_route=%2Fwp%2Fv2%2Fmedia&parent=36302"}],"wp:term":[{"taxonomy":"category","embeddable":true,"href":"https:\/\/www.porlalibreedomex.com\/index.php?rest_route=%2Fwp%2Fv2%2Fcategories&post=36302"},{"taxonomy":"post_tag","embeddable":true,"href":"https:\/\/www.porlalibreedomex.com\/index.php?rest_route=%2Fwp%2Fv2%2Ftags&post=36302"}],"curies":[{"name":"wp","href":"https:\/\/api.w.org\/{rel}","templated":true}]}}