{"id":36174,"date":"2019-12-09T00:28:00","date_gmt":"2019-12-09T06:28:00","guid":{"rendered":"https:\/\/www.porlalibreedomex.com\/?p=36174"},"modified":"2019-12-10T00:28:22","modified_gmt":"2019-12-10T06:28:22","slug":"la-uaem-presento-narrar-la-ciencia-una-mirada-desde-el-periodismo-en-la-fil","status":"publish","type":"post","link":"https:\/\/www.porlalibreedomex.com\/?p=36174","title":{"rendered":"La UAEM present\u00f3\u00a0Narrar la ciencia: una mirada desde el periodismo\u00a0en la FIL"},"content":{"rendered":"<p align=\"right\"><span lang=\"ES-MX\">\u00a0<u><\/u><\/span><b><span lang=\"ES-MX\"><u><\/u>\u00a0<u><\/u><\/span><\/b><\/p>\n<ul>\n<li><i><span lang=\"ES-TRAD\">Este trabajo editorial re\u00fane 10<\/span><\/i><i><span lang=\"ES-TRAD\">\u00a0reportajes elaborados por reporteros del noticiero Criterio de Uni Radio 99.7, galardonados en cert\u00e1menes estatales y nacionales de periodismo.<\/span><\/i><i><\/i><\/li>\n<\/ul>\n<p><b><i><span lang=\"ES-TRAD\"><u><\/u>\u00a0<u><\/u><\/span><\/i><\/b><\/p>\n<p><b><span lang=\"ES-MX\">Guadalajara, Jalisco \u2013 09 de diciembre de 2019.\u00a0<\/span><\/b><span lang=\"ES-MX\">En el marco de la Feria Internacional del Libro (FIL) de Guadalajara, la\u00a0Universidad Aut\u00f3noma del Estado de M\u00e9xico present\u00f3\u00a0el libro\u00a0<i>Narrar la ciencia: una mirada desde el periodismo<\/i>,\u00a0<\/span><span lang=\"ES-MX\">que re\u00fane 10 reportajes elaborados por reporteros del noticiero Criterio de Uni Radio 99.7, la radiodifusora de la instituci\u00f3n educativa.<\/span><\/p>\n<p><span lang=\"ES-MX\">Durante la presentaci\u00f3n de este trabajo editorial, integrado con textos galardonados en cert\u00e1menes estatales y nacionales de periodismo y que abordan temas de salud, medio ambiente y fen\u00f3menos sociales,\u00a0los compiladores del libro, Carlos Hern\u00e1ndez Zarza y Ginarely Valencia Alc\u00e1ntara, destacaron que el prop\u00f3sito de Criterio Noticias es ofrecer contenidos noticiosos con mayor calidad, que contribuyan a ampliar el conocimiento cient\u00edfico entre la poblaci\u00f3n.<\/span><\/p>\n<p><span lang=\"ES-MX\">\u00abLa ciencia permite tener una mirada m\u00e1s aguda para abordar distintos t\u00f3picos de la agenda p\u00fablica, as\u00ed que este libro es una invitaci\u00f3n a practicar el periodismo de calidad y despertar el inter\u00e9s p\u00fablico sobre temas cient\u00edficos\u00bb, se\u00f1al\u00f3 Carlos Hern\u00e1ndez, subdirector de noticias de la radiodifusora de la UAEM.<\/span><\/p>\n<p><span lang=\"ES-MX\">Al comentar el libro, H\u00e9ctor Claudio Farina Ojeda, periodista, profesor e investigador de la Universidad de Guadalajara, destac\u00f3 la relevancia de\u00a0<i>Narrar la ciencia: una mirada desde el periodismo<\/i>\u00a0y reconoci\u00f3 la importancia de incorporar la narrativa para comunicar de mejor manera la ciencia.<\/span><\/p>\n<p><span lang=\"ES-MX\">\u00abLos cient\u00edficos hablan para ellos, se comunican entre ellos. Es importante que a trav\u00e9s del periodismo de ciencia la gente pueda conocer aquello que pasa en un fen\u00f3meno complejo con la sencillez de la narrativa\u00bb.<\/span><\/p>\n<p><span lang=\"ES-MX\">La reportera de la UAEM, Greta D\u00edaz Gonz\u00e1lez V\u00e1zquez, sostuvo que el objetivo de Criterio Noticias es humanizar el periodismo, al darle voz a las personas que viven las consecuencias de alguna problem\u00e1tica y promover la reflexi\u00f3n sobre temas de actualidad como la contaminaci\u00f3n.<\/span><\/p>\n<p><span lang=\"ES-MX\">Daniela Sandoval \u00c1lamo, tambi\u00e9n reportera, resalt\u00f3 la importancia de que en el periodismo se retomen las ciencias sociales y se escuch\u00e9 a las audiencias para generar contenidos que sean de inter\u00e9s de la sociedad.<\/span><\/p>\n<p><i><span lang=\"ES-MX\">Narrar la ciencia: una mirada desde el periodismo<\/span><\/i><span lang=\"ES-MX\">\u00a0est\u00e1 disponible en las librer\u00edas de la UAEM y su versi\u00f3n digital puede consultarse en el Repositorio Institucional (RI) de esta casa de estudios:<\/span><span lang=\"ES-MX\">\u00a0<\/span><span lang=\"ES-MX\"><a href=\"http:\/\/ri.uaemex.mx\/handle\/20.500.11799\/100115\" target=\"_blank\" rel=\"noopener noreferrer\" data-saferedirecturl=\"https:\/\/www.google.com\/url?q=http:\/\/ri.uaemex.mx\/handle\/20.500.11799\/100115&amp;source=gmail&amp;ust=1576045060915000&amp;usg=AFQjCNEube848YRF9ko3THiJLUNZHQIV9Q\">http:\/\/ri.uaemex.mx\/handle\/20.<wbr \/>500.11799\/100115<\/a><\/span><span lang=\"ES-MX\">.<\/span><\/p>\n","protected":false},"excerpt":{"rendered":"<p>\u00a0\u00a0 Este trabajo editorial re\u00fane 10\u00a0reportajes elaborados por reporteros del noticiero Criterio de Uni Radio 99.7, galardonados en cert\u00e1menes estatales y nacionales de periodismo. \u00a0 Guadalajara, Jalisco \u2013 09 de diciembre de 2019.\u00a0En el marco de la Feria Internacional del Libro (FIL) de Guadalajara, la\u00a0Universidad Aut\u00f3noma del Estado de M\u00e9xico present\u00f3\u00a0el libro\u00a0Narrar la ciencia: una [&hellip;]<\/p>\n","protected":false},"author":3,"featured_media":36175,"comment_status":"open","ping_status":"open","sticky":false,"template":"","format":"standard","meta":{"footnotes":""},"categories":[9148,9157,16],"tags":[16277,16274,16275,16276],"class_list":{"0":"post-36174","1":"post","2":"type-post","3":"status-publish","4":"format-standard","5":"has-post-thumbnail","7":"category-educacion","8":"category-edomex","9":"category-foto","10":"tag-divulgacion-de-la-ciencia","11":"tag-la-uaem-en-la-fil-de-guadalajara","12":"tag-narrar-la-ciencia","13":"tag-trabajo-de-uniradio"},"wps_subtitle":"","_links":{"self":[{"href":"https:\/\/www.porlalibreedomex.com\/index.php?rest_route=\/wp\/v2\/posts\/36174","targetHints":{"allow":["GET"]}}],"collection":[{"href":"https:\/\/www.porlalibreedomex.com\/index.php?rest_route=\/wp\/v2\/posts"}],"about":[{"href":"https:\/\/www.porlalibreedomex.com\/index.php?rest_route=\/wp\/v2\/types\/post"}],"author":[{"embeddable":true,"href":"https:\/\/www.porlalibreedomex.com\/index.php?rest_route=\/wp\/v2\/users\/3"}],"replies":[{"embeddable":true,"href":"https:\/\/www.porlalibreedomex.com\/index.php?rest_route=%2Fwp%2Fv2%2Fcomments&post=36174"}],"version-history":[{"count":1,"href":"https:\/\/www.porlalibreedomex.com\/index.php?rest_route=\/wp\/v2\/posts\/36174\/revisions"}],"predecessor-version":[{"id":36176,"href":"https:\/\/www.porlalibreedomex.com\/index.php?rest_route=\/wp\/v2\/posts\/36174\/revisions\/36176"}],"wp:featuredmedia":[{"embeddable":true,"href":"https:\/\/www.porlalibreedomex.com\/index.php?rest_route=\/wp\/v2\/media\/36175"}],"wp:attachment":[{"href":"https:\/\/www.porlalibreedomex.com\/index.php?rest_route=%2Fwp%2Fv2%2Fmedia&parent=36174"}],"wp:term":[{"taxonomy":"category","embeddable":true,"href":"https:\/\/www.porlalibreedomex.com\/index.php?rest_route=%2Fwp%2Fv2%2Fcategories&post=36174"},{"taxonomy":"post_tag","embeddable":true,"href":"https:\/\/www.porlalibreedomex.com\/index.php?rest_route=%2Fwp%2Fv2%2Ftags&post=36174"}],"curies":[{"name":"wp","href":"https:\/\/api.w.org\/{rel}","templated":true}]}}