{"id":36151,"date":"2019-12-09T23:17:42","date_gmt":"2019-12-10T05:17:42","guid":{"rendered":"https:\/\/www.porlalibreedomex.com\/?p=36151"},"modified":"2019-12-09T23:17:42","modified_gmt":"2019-12-10T05:17:42","slug":"atiende-el-issemym-a-derechohabientes-que-padecen-depresion","status":"publish","type":"post","link":"https:\/\/www.porlalibreedomex.com\/?p=36151","title":{"rendered":"ATIENDE EL ISSEMYM A DERECHOHABIENTES QUE PADECEN DEPRESI\u00d3N"},"content":{"rendered":"<p style=\"font-weight: 400;\"><strong>\u00a0<\/strong><\/p>\n<p style=\"font-weight: 400;\">\n<ul>\n<li style=\"font-weight: 400;\"><em>El 45 por ciento de atenciones en servicio de urgencias, en el \u00faltimo a\u00f1o, fueron a j\u00f3venes de 15 a 29 a\u00f1os, con heridas autoinfligidas.<\/em><\/li>\n<li style=\"font-weight: 400;\"><em> Pueden prevenir la mayor\u00eda de los suicidios con orientaci\u00f3n psicol\u00f3gica y soporte familiar.<\/em><\/li>\n<\/ul>\n<p style=\"font-weight: 400;\">\n<p style=\"font-weight: 400;\"><strong>Toluca, Estado de M\u00e9xico, 9 de diciembre de 2019.<\/strong>\u00a0Con el prop\u00f3sito de ayudar a los derechohabientes que atraviesan por cuadros depresivos o que sufren alg\u00fan trastorno mental, el Instituto de Seguridad Social del Estado de M\u00e9xico y Municipios (ISSEMyM) capacita constantemente a sus profesionales.<\/p>\n<p style=\"font-weight: 400;\">Mara G\u00f3mora Culberth, Subdirectora de Salud del ISSEMyM, explic\u00f3 que psic\u00f3logos y psiquiatras refuerzan peri\u00f3dicamente sus conocimientos y t\u00e9cnicas para detectar las primeras se\u00f1ales de un intento de suicidio y as\u00ed ser capaces de implementar acciones inmediatas con aquellos pacientes que llegan en momentos de crisis.<\/p>\n<p style=\"font-weight: 400;\">Detall\u00f3 que 45 por ciento de los derechohabientes que acudieron a los servicios de urgencias que ofrece este instituto, en el \u00faltimo a\u00f1o, presentaron lesiones autoinfligidas y fueron j\u00f3venes de entre 15 a 29 a\u00f1os de edad, y 61.3 de las atenciones fueron a mujeres.<\/p>\n<p style=\"font-weight: 400;\"><a href=\"https:\/\/www.porlalibreedomex.com\/wp-content\/uploads\/2019\/12\/ISSEMYM-DEPRESI\u00d3N-1.jpeg\"><img loading=\"lazy\" decoding=\"async\" class=\"aligncenter size-large wp-image-36153\" src=\"https:\/\/www.porlalibreedomex.com\/wp-content\/uploads\/2019\/12\/ISSEMYM-DEPRESI\u00d3N-1-1024x680.jpeg\" alt=\"\" width=\"800\" height=\"531\" srcset=\"https:\/\/www.porlalibreedomex.com\/wp-content\/uploads\/2019\/12\/ISSEMYM-DEPRESI\u00d3N-1-1024x680.jpeg 1024w, https:\/\/www.porlalibreedomex.com\/wp-content\/uploads\/2019\/12\/ISSEMYM-DEPRESI\u00d3N-1-300x199.jpeg 300w, https:\/\/www.porlalibreedomex.com\/wp-content\/uploads\/2019\/12\/ISSEMYM-DEPRESI\u00d3N-1-768x510.jpeg 768w, https:\/\/www.porlalibreedomex.com\/wp-content\/uploads\/2019\/12\/ISSEMYM-DEPRESI\u00d3N-1.jpeg 1280w\" sizes=\"auto, (max-width: 800px) 100vw, 800px\" \/><\/a><\/p>\n<p style=\"font-weight: 400;\">La funcionaria precis\u00f3 que la mayor\u00eda de los suicidios pueden prevenirse con una buena orientaci\u00f3n psicol\u00f3gica y soporte familiar.<\/p>\n<p style=\"font-weight: 400;\">Recomend\u00f3 a las personas a acercarse con los especialistas, con el fin de que ellos puedan ayudarles a salir de la depresi\u00f3n, la cual es el principal factor de riesgo para que una persona se quite la vida.<\/p>\n<p style=\"font-weight: 400;\">\u201cEn el ISSEMyM se crearon dos Cl\u00ednicas de Estr\u00e9s Postraum\u00e1tico ubicadas en los Hospitales Regionales de Toluca y Tlalnepantla, las cuales est\u00e1n integradas por psic\u00f3logos cl\u00ednicos, m\u00e9dicos psiquiatras y m\u00e9dicos generales con especializaciones espec\u00edficas en urgencias, intervenci\u00f3n en crisis y manejo del estr\u00e9s, que les permite con experiencia ayudar al paciente y orientar de mejor forma seg\u00fan sea su caso\u201d, ahond\u00f3.<\/p>\n<p style=\"font-weight: 400;\"><strong>Abund\u00f3 que el suicidio no ocurre abruptamente, sino que va de forma paulatina, ya que con anticipaci\u00f3n hay avisos no verbales, y en el caso de los j\u00f3venes es com\u00fan observar la baja de calificaciones, falta del arreglo y cuidado personal, aunado a la manifestaci\u00f3n verbal de querer quitarse la vida.<\/strong><\/p>\n<p style=\"font-weight: 400;\">Explic\u00f3 que, en ocasiones, el abuso sexual, la violencia intrafamiliar o escolar, el consumo o adicci\u00f3n a las drogas, una ruptura de pareja o desilusi\u00f3n amorosa, la muerte de un ser querido, conflictos sociales, econ\u00f3micos e incluso antecedentes de familiares con depresi\u00f3n, pueden ser factores que conduzcan a una persona al suicidio, sobre todo cuando no sabe c\u00f3mo superar y manejar esas situaciones.<\/p>\n","protected":false},"excerpt":{"rendered":"<p>\u00a0 El 45 por ciento de atenciones en servicio de urgencias, en el \u00faltimo a\u00f1o, fueron a j\u00f3venes de 15 a 29 a\u00f1os, con heridas autoinfligidas. Pueden prevenir la mayor\u00eda de los suicidios con orientaci\u00f3n psicol\u00f3gica y soporte familiar. Toluca, Estado de M\u00e9xico, 9 de diciembre de 2019.\u00a0Con el prop\u00f3sito de ayudar a los derechohabientes [&hellip;]<\/p>\n","protected":false},"author":3,"featured_media":36152,"comment_status":"open","ping_status":"open","sticky":false,"template":"","format":"standard","meta":{"footnotes":""},"categories":[16,9209],"tags":[16261,16260],"class_list":{"0":"post-36151","1":"post","2":"type-post","3":"status-publish","4":"format-standard","5":"has-post-thumbnail","7":"category-foto","8":"category-salud","9":"tag-issemym-derechohabientes","10":"tag-issemym-pacientes-depresion"},"wps_subtitle":"","_links":{"self":[{"href":"https:\/\/www.porlalibreedomex.com\/index.php?rest_route=\/wp\/v2\/posts\/36151","targetHints":{"allow":["GET"]}}],"collection":[{"href":"https:\/\/www.porlalibreedomex.com\/index.php?rest_route=\/wp\/v2\/posts"}],"about":[{"href":"https:\/\/www.porlalibreedomex.com\/index.php?rest_route=\/wp\/v2\/types\/post"}],"author":[{"embeddable":true,"href":"https:\/\/www.porlalibreedomex.com\/index.php?rest_route=\/wp\/v2\/users\/3"}],"replies":[{"embeddable":true,"href":"https:\/\/www.porlalibreedomex.com\/index.php?rest_route=%2Fwp%2Fv2%2Fcomments&post=36151"}],"version-history":[{"count":1,"href":"https:\/\/www.porlalibreedomex.com\/index.php?rest_route=\/wp\/v2\/posts\/36151\/revisions"}],"predecessor-version":[{"id":36154,"href":"https:\/\/www.porlalibreedomex.com\/index.php?rest_route=\/wp\/v2\/posts\/36151\/revisions\/36154"}],"wp:featuredmedia":[{"embeddable":true,"href":"https:\/\/www.porlalibreedomex.com\/index.php?rest_route=\/wp\/v2\/media\/36152"}],"wp:attachment":[{"href":"https:\/\/www.porlalibreedomex.com\/index.php?rest_route=%2Fwp%2Fv2%2Fmedia&parent=36151"}],"wp:term":[{"taxonomy":"category","embeddable":true,"href":"https:\/\/www.porlalibreedomex.com\/index.php?rest_route=%2Fwp%2Fv2%2Fcategories&post=36151"},{"taxonomy":"post_tag","embeddable":true,"href":"https:\/\/www.porlalibreedomex.com\/index.php?rest_route=%2Fwp%2Fv2%2Ftags&post=36151"}],"curies":[{"name":"wp","href":"https:\/\/api.w.org\/{rel}","templated":true}]}}