{"id":35615,"date":"2019-11-12T23:36:10","date_gmt":"2019-11-13T05:36:10","guid":{"rendered":"https:\/\/www.porlalibreedomex.com\/?p=35615"},"modified":"2019-11-12T23:36:10","modified_gmt":"2019-11-13T05:36:10","slug":"lanza-la-codhem-convocatoria-del-premio-humaniza-2019","status":"publish","type":"post","link":"https:\/\/www.porlalibreedomex.com\/?p=35615","title":{"rendered":"LANZA LA CODHEM CONVOCATORIA DEL PREMIO HUMANIZA 2019  \u00a0"},"content":{"rendered":"<div>\n<p>&nbsp;<\/p>\n<ul>\n<li><strong><i>En 16 categor\u00edas ser\u00e1n reconocidas las personas y grupos que trabajan a favor de la protecci\u00f3n, divulgaci\u00f3n o defensa de los derechos humanos.<\/i><\/strong><\/li>\n<li><strong><i>El Premio se entregar\u00e1\u00a0\u00a0en febrero de 2020.<\/i><\/strong><\/li>\n<\/ul>\n<p>&nbsp;<\/p>\n<p><b>Toluca, M\u00e9xico; 12 de noviembre de 2019.-<\/b>\u00a0La Comisi\u00f3n de Derechos Humanos del Estado de M\u00e9xico (Codhem) ha publicado la Convocatoria 2019 del Premio en Derechos Humanos \u201cHumaniza\u201d, mediante el cual se reconocer\u00e1 el trabajo de las personas u organizaciones que han hecho de la defensa y protecci\u00f3n de los derechos humanos su forma de vida contribuyendo a mejorar el entorno social en la entidad mexiquense.<\/p>\n<p>La Convocatoria, que en esta ocasi\u00f3n considera 16 categor\u00edas, est\u00e1 abierta desde esta fecha; las inscripciones son gratuitas, cierran el 10 de enero de 2020 y los nombres de las y los ganadores ser\u00e1n dados a conocer el 24 de enero de 2020.<\/p>\n<p>Podr\u00e1n participar personas f\u00edsicas o jur\u00eddico-colectivas, asociaciones civiles, organizaciones no gubernamentales, fundaciones sin fines de lucro, empresas, instituciones p\u00fablicas, organismos p\u00fablicos protectores de derechos humanos y ciudadan\u00eda en general, que cumplan con los requisitos de ser mexiquense por nacimiento residencia y que sus acciones tengan impacto favorable para la protecci\u00f3n, divulgaci\u00f3n o defensa de los derechos humanos en los \u00e1mbitos local, estatal, nacional y\/o internacional.<\/p>\n<p>Las categor\u00edas en que podr\u00e1n inscribirse son: Promoci\u00f3n cultural, investigaci\u00f3n y educaci\u00f3n en los derechos humanos; Reconocimiento a la empresa incluyente; Combate a la trata de personas y la desaparici\u00f3n forzada; Protecci\u00f3n y ayuda humanitaria a las personas migrantes; Preservaci\u00f3n, restauraci\u00f3n y mejoramiento del medio ambiente; Protecci\u00f3n y cuidado de los animales; Salvaguarda activa de los derechos humanos de periodistas, comunicadores y personas defensoras de derechos humanos.<\/p>\n<p>Los otros rubros que ameritar\u00e1n reconocimiento son: Protecci\u00f3n y defensa de ni\u00f1as, ni\u00f1os y adolescentes; Prevenci\u00f3n y combate a la violencia de g\u00e9nero y el feminicidio; Protecci\u00f3n y defensa de la poblaci\u00f3n LGBTTTI; Defensa y reivindicaci\u00f3n de los derechos de los pueblos y comunidades ind\u00edgenas; M\u00e9rito municipal; Protecci\u00f3n, defensa e inclusi\u00f3n de las personas con discapacidad; Protecci\u00f3n a las personas adultas mayores; Combate a la tortura, y Desempe\u00f1o p\u00fablico en materia de derechos humanos.<\/p>\n<p>El registro de candidaturas se recibir\u00e1 de las 9 a las 18 horas, en d\u00edas h\u00e1biles, en el edificio central de la Codhem, sito en Av. Nicol\u00e1s San Juan, n\u00famero 113, colonia Ex Rancho Cuauht\u00e9moc, C\u00f3digo Postal 50010, en Toluca; as\u00ed como en las Visitadur\u00edas Generales del organismo ubicadas en los diversos municipios de la entidad; tambi\u00e9n podr\u00e1n ser enviadas al correo electr\u00f3nico\u00a0<a href=\"mailto:premiohumaniza.codhem@gmail.com\" target=\"_blank\" rel=\"noopener noreferrer\">premiohumaniza.codhem@gmail.<wbr \/>com<\/a>; la convocatoria completa se puede consultar en el portal oficial de la Comisi\u00f3n:\u00a0<a href=\"http:\/\/www.codhem.org.mx\/\" target=\"_blank\" rel=\"nofollow noopener noreferrer\" data-saferedirecturl=\"https:\/\/www.google.com\/url?q=http:\/\/www.codhem.org.mx&amp;source=gmail&amp;ust=1573706380288000&amp;usg=AFQjCNFUIyvVET9d-LXSTJIEkosUX3fYTg\">www.codhem.org.mx<\/a>, y se proporcionar\u00e1n mayores informes en el tel\u00e9fono 800 999 4000.<\/p>\n<div class=\"yj6qo\"><\/div>\n<div class=\"adL\"><\/div>\n<div class=\"adL\"><\/div>\n<\/div>\n<div class=\"adL\"><\/div>\n<div class=\"adL\"><\/div>\n<div class=\"adL\"><\/div>\n","protected":false},"excerpt":{"rendered":"<p>&nbsp; En 16 categor\u00edas ser\u00e1n reconocidas las personas y grupos que trabajan a favor de la protecci\u00f3n, divulgaci\u00f3n o defensa de los derechos humanos. El Premio se entregar\u00e1\u00a0\u00a0en febrero de 2020. &nbsp; Toluca, M\u00e9xico; 12 de noviembre de 2019.-\u00a0La Comisi\u00f3n de Derechos Humanos del Estado de M\u00e9xico (Codhem) ha publicado la Convocatoria 2019 del Premio [&hellip;]<\/p>\n","protected":false},"author":3,"featured_media":35616,"comment_status":"open","ping_status":"open","sticky":false,"template":"","format":"standard","meta":{"footnotes":""},"categories":[9157,16],"tags":[16045,16044,488],"class_list":{"0":"post-35615","1":"post","2":"type-post","3":"status-publish","4":"format-standard","5":"has-post-thumbnail","7":"category-edomex","8":"category-foto","9":"tag-codhem-premio-humaniza","10":"tag-convocatoria-codhem","11":"tag-jorge-olvera-garcia"},"wps_subtitle":"","_links":{"self":[{"href":"https:\/\/www.porlalibreedomex.com\/index.php?rest_route=\/wp\/v2\/posts\/35615","targetHints":{"allow":["GET"]}}],"collection":[{"href":"https:\/\/www.porlalibreedomex.com\/index.php?rest_route=\/wp\/v2\/posts"}],"about":[{"href":"https:\/\/www.porlalibreedomex.com\/index.php?rest_route=\/wp\/v2\/types\/post"}],"author":[{"embeddable":true,"href":"https:\/\/www.porlalibreedomex.com\/index.php?rest_route=\/wp\/v2\/users\/3"}],"replies":[{"embeddable":true,"href":"https:\/\/www.porlalibreedomex.com\/index.php?rest_route=%2Fwp%2Fv2%2Fcomments&post=35615"}],"version-history":[{"count":1,"href":"https:\/\/www.porlalibreedomex.com\/index.php?rest_route=\/wp\/v2\/posts\/35615\/revisions"}],"predecessor-version":[{"id":35617,"href":"https:\/\/www.porlalibreedomex.com\/index.php?rest_route=\/wp\/v2\/posts\/35615\/revisions\/35617"}],"wp:featuredmedia":[{"embeddable":true,"href":"https:\/\/www.porlalibreedomex.com\/index.php?rest_route=\/wp\/v2\/media\/35616"}],"wp:attachment":[{"href":"https:\/\/www.porlalibreedomex.com\/index.php?rest_route=%2Fwp%2Fv2%2Fmedia&parent=35615"}],"wp:term":[{"taxonomy":"category","embeddable":true,"href":"https:\/\/www.porlalibreedomex.com\/index.php?rest_route=%2Fwp%2Fv2%2Fcategories&post=35615"},{"taxonomy":"post_tag","embeddable":true,"href":"https:\/\/www.porlalibreedomex.com\/index.php?rest_route=%2Fwp%2Fv2%2Ftags&post=35615"}],"curies":[{"name":"wp","href":"https:\/\/api.w.org\/{rel}","templated":true}]}}