{"id":35424,"date":"2019-11-06T23:10:01","date_gmt":"2019-11-07T05:10:01","guid":{"rendered":"https:\/\/www.porlalibreedomex.com\/?p=35424"},"modified":"2019-11-06T23:10:31","modified_gmt":"2019-11-07T05:10:31","slug":"instalan-consejo-de-premiacion-de-la-presea-estado-de-mexico-2019","status":"publish","type":"post","link":"https:\/\/www.porlalibreedomex.com\/?p=35424","title":{"rendered":"INSTALAN CONSEJO DE PREMIACI\u00d3N DE LA PRESEA ESTADO DE M\u00c9XICO 2019"},"content":{"rendered":"<p>&nbsp;<\/p>\n<ul>\n<li><i>Reconoce Secretario General de Gobierno, Alejandro Ozuna Rivero, la participaci\u00f3n y la solidaridad de miembros del Consejo de Premiaci\u00f3n.<\/i><\/li>\n<li><i>Aprueban integraci\u00f3n de los jurados que distinguir\u00e1n a los ciudadanos que, por su trabajo, son ejemplo para la sociedad mexiquense.<\/i><\/li>\n<\/ul>\n<p>&nbsp;<\/p>\n<p><b>Toluca, Estado de M\u00e9xico, 6 de noviembre de 2019.<\/b>\u00a0De acuerdo con el Reglamento del M\u00e9rito Civil del Estado de M\u00e9xico, el Secretario General de Gobierno, Alejandro Ozuna Rivero, declar\u00f3 instalado el Consejo de Premiaci\u00f3n de la Presea Estado de M\u00e9xico 2019, con lo que, a nombre del Gobernador Alfredo Del Mazo, iniciaron las actividades para realizar este certamen en la entidad.<\/p>\n<p>Con representantes de la Legislatura local, del Tribunal Superior de Justicia y de las Secretar\u00edas de Educaci\u00f3n y Finanzas, se dio a conocer la estrategia de difusi\u00f3n, las sedes de registro, las denominaciones de la presea, los nombres de los integrantes del Consejo de Premiaci\u00f3n, las actividades del proceso de este reconocimiento y el cronograma de las actividades que concluir\u00e1n el 2 de marzo de 2020, con la entrega de la Presea Estado de M\u00e9xico 2019.<\/p>\n<p><a href=\"https:\/\/www.porlalibreedomex.com\/wp-content\/uploads\/2019\/11\/DSC_0078.jpg\"><img loading=\"lazy\" decoding=\"async\" class=\"aligncenter size-full wp-image-35425\" src=\"https:\/\/www.porlalibreedomex.com\/wp-content\/uploads\/2019\/11\/DSC_0078.jpg\" alt=\"\" width=\"1276\" height=\"850\" srcset=\"https:\/\/www.porlalibreedomex.com\/wp-content\/uploads\/2019\/11\/DSC_0078.jpg 1276w, https:\/\/www.porlalibreedomex.com\/wp-content\/uploads\/2019\/11\/DSC_0078-300x200.jpg 300w, https:\/\/www.porlalibreedomex.com\/wp-content\/uploads\/2019\/11\/DSC_0078-768x512.jpg 768w, https:\/\/www.porlalibreedomex.com\/wp-content\/uploads\/2019\/11\/DSC_0078-1024x682.jpg 1024w\" sizes=\"auto, (max-width: 1276px) 100vw, 1276px\" \/><\/a><\/p>\n<p>Con excepci\u00f3n de la \u201cPresea Jos\u00e9 Luis Mora\u201d, que se otorga a quienes no son oriundos ni habitantes del Estado de M\u00e9xico, pero que tienen m\u00e9ritos o han prestado servicios eminentes, al igual que en las ediciones anteriores, la Presea Estado de M\u00e9xico se entrega en 17 rubros, y todas son para mexiquenses por nacimiento o vecindad.<\/p>\n<p>Ozuna Rivero reconoci\u00f3 la solidaridad de quienes integran este Consejo, al preservar la identidad estatal, y los exhort\u00f3 a poner su mejor empe\u00f1o en la tarea de distinguir p\u00fablicamente a las mujeres y los hombres mexiquenses, cuyo trabajo constituye un ejemplo para la sociedad.<\/p>\n<p>En esta sesi\u00f3n tambi\u00e9n se aprob\u00f3 la propuesta de integraci\u00f3n de los jurados calificadores.<\/p>\n","protected":false},"excerpt":{"rendered":"<p>&nbsp; Reconoce Secretario General de Gobierno, Alejandro Ozuna Rivero, la participaci\u00f3n y la solidaridad de miembros del Consejo de Premiaci\u00f3n. Aprueban integraci\u00f3n de los jurados que distinguir\u00e1n a los ciudadanos que, por su trabajo, son ejemplo para la sociedad mexiquense. &nbsp; Toluca, Estado de M\u00e9xico, 6 de noviembre de 2019.\u00a0De acuerdo con el Reglamento del [&hellip;]<\/p>\n","protected":false},"author":3,"featured_media":35426,"comment_status":"open","ping_status":"open","sticky":false,"template":"","format":"standard","meta":{"footnotes":""},"categories":[16,9150],"tags":[9744,15972,15973,6173],"class_list":{"0":"post-35424","1":"post","2":"type-post","3":"status-publish","4":"format-standard","5":"has-post-thumbnail","7":"category-foto","8":"category-politica","9":"tag-alejandro-ozuna-rivero","10":"tag-consejo-de-premiacion-de-la-presea","11":"tag-jurados-calificadores","12":"tag-presea-estado-de-mexico"},"wps_subtitle":"","_links":{"self":[{"href":"https:\/\/www.porlalibreedomex.com\/index.php?rest_route=\/wp\/v2\/posts\/35424","targetHints":{"allow":["GET"]}}],"collection":[{"href":"https:\/\/www.porlalibreedomex.com\/index.php?rest_route=\/wp\/v2\/posts"}],"about":[{"href":"https:\/\/www.porlalibreedomex.com\/index.php?rest_route=\/wp\/v2\/types\/post"}],"author":[{"embeddable":true,"href":"https:\/\/www.porlalibreedomex.com\/index.php?rest_route=\/wp\/v2\/users\/3"}],"replies":[{"embeddable":true,"href":"https:\/\/www.porlalibreedomex.com\/index.php?rest_route=%2Fwp%2Fv2%2Fcomments&post=35424"}],"version-history":[{"count":2,"href":"https:\/\/www.porlalibreedomex.com\/index.php?rest_route=\/wp\/v2\/posts\/35424\/revisions"}],"predecessor-version":[{"id":35428,"href":"https:\/\/www.porlalibreedomex.com\/index.php?rest_route=\/wp\/v2\/posts\/35424\/revisions\/35428"}],"wp:featuredmedia":[{"embeddable":true,"href":"https:\/\/www.porlalibreedomex.com\/index.php?rest_route=\/wp\/v2\/media\/35426"}],"wp:attachment":[{"href":"https:\/\/www.porlalibreedomex.com\/index.php?rest_route=%2Fwp%2Fv2%2Fmedia&parent=35424"}],"wp:term":[{"taxonomy":"category","embeddable":true,"href":"https:\/\/www.porlalibreedomex.com\/index.php?rest_route=%2Fwp%2Fv2%2Fcategories&post=35424"},{"taxonomy":"post_tag","embeddable":true,"href":"https:\/\/www.porlalibreedomex.com\/index.php?rest_route=%2Fwp%2Fv2%2Ftags&post=35424"}],"curies":[{"name":"wp","href":"https:\/\/api.w.org\/{rel}","templated":true}]}}