{"id":35420,"date":"2019-11-06T22:59:36","date_gmt":"2019-11-07T04:59:36","guid":{"rendered":"https:\/\/www.porlalibreedomex.com\/?p=35420"},"modified":"2019-11-06T22:59:36","modified_gmt":"2019-11-07T04:59:36","slug":"se-solidariza-la-diputada-ana-lilia-herrera-con-estudiantes-que-piden-no-desaparecer-la-prepa-en-linea","status":"publish","type":"post","link":"https:\/\/www.porlalibreedomex.com\/?p=35420","title":{"rendered":"SE SOLIDARIZA LA DIPUTADA ANA LILIA HERRERA CON ESTUDIANTES QUE PIDEN NO DESAPARECER LA PREPA EN L\u00cdNEA"},"content":{"rendered":"<ul>\n<li><em><strong>El acceso a la educaci\u00f3n es un derecho, no un privilegio, se\u00f1al\u00f3.<\/strong><\/em><\/li>\n<li><em><strong>Es un acto de discriminaci\u00f3n no apoyar a los alumnos que por diversos motivos no pueden cursar sus estudios de manera presencial.<\/strong><\/em><\/li>\n<\/ul>\n<p>&nbsp;<\/p>\n<p style=\"font-weight: 400;\"><strong>Ciudad de M\u00e9xico, 6 de noviembre del 2019<\/strong>: La diputada Ana Lilia Herrera se sum\u00f3 a la exigencia de estudiantes, padres de familia y trabajadores que se manifestaron en San L\u00e1zaro para que contin\u00fae el programa \u201cPrepa en L\u00ednea\u201d de la Secretar\u00eda de Educaci\u00f3n P\u00fablica.<\/p>\n<p style=\"font-weight: 400;\">Las inconformidades surgieron al conocerse que el gobierno federal propuso que en el Presupuesto 2020 se destinen solo 6.6 millones de pesos para el programa, \u00a0que actualmente beneficia a m\u00e1s de 147 mil personas, lo que representa una reducci\u00f3n de casi el 97%.<\/p>\n<figure id=\"attachment_35421\" aria-describedby=\"caption-attachment-35421\" style=\"width: 1024px\" class=\"wp-caption aligncenter\"><a href=\"https:\/\/www.porlalibreedomex.com\/wp-content\/uploads\/2019\/11\/PHOTO56.jpeg\"><img loading=\"lazy\" decoding=\"async\" class=\"size-full wp-image-35421\" src=\"https:\/\/www.porlalibreedomex.com\/wp-content\/uploads\/2019\/11\/PHOTO56.jpeg\" alt=\"\" width=\"1024\" height=\"768\" srcset=\"https:\/\/www.porlalibreedomex.com\/wp-content\/uploads\/2019\/11\/PHOTO56.jpeg 1024w, https:\/\/www.porlalibreedomex.com\/wp-content\/uploads\/2019\/11\/PHOTO56-300x225.jpeg 300w, https:\/\/www.porlalibreedomex.com\/wp-content\/uploads\/2019\/11\/PHOTO56-768x576.jpeg 768w\" sizes=\"auto, (max-width: 1024px) 100vw, 1024px\" \/><\/a><figcaption id=\"caption-attachment-35421\" class=\"wp-caption-text\">La diputada federal Ana Lilia Herrera Anzaldo considera que hay discriminaci\u00f3pn al pr\u00e1cticamente desaparecer la Preparatoria en L\u00ednea de la SEP. Autoridades dicen que no la desaparexcen; s\u00f3lo le quitan 97 por ciento de su presupuesto.<\/figcaption><\/figure>\n<p style=\"font-weight: 400;\">La ex secretaria de educaci\u00f3n mexiquense resalt\u00f3 que el acceso a la educaci\u00f3n es un derecho, no un privilegio y se\u00f1al\u00f3 que es un acto de discriminaci\u00f3n no apoyar a los alumnos que por diversos motivos no pueden cursar sus estudios de manera presencial.<\/p>\n<p style=\"font-weight: 400;\">Prepa en l\u00ednea tiene presencia en 2,039 municipios con rezago social, 58% de los estudiantes trabajan, 59% tiene hijos y 35% de sus egresados ya cursan estudios universitarios.<\/p>\n<p style=\"font-weight: 400;\">La legisladora reafirm\u00f3 su respaldo total a la ampliaci\u00f3n presupuestal a lo proyectado para 2020, considerando que es una injusticia que debido a los recortes presupuestales, cientos de mexicanos no puedan acceder a la educaci\u00f3n p\u00fablica y gratuita, coartando as\u00ed muchos otros derechos.<\/p>\n","protected":false},"excerpt":{"rendered":"<p>El acceso a la educaci\u00f3n es un derecho, no un privilegio, se\u00f1al\u00f3. Es un acto de discriminaci\u00f3n no apoyar a los alumnos que por diversos motivos no pueden cursar sus estudios de manera presencial. &nbsp; Ciudad de M\u00e9xico, 6 de noviembre del 2019: La diputada Ana Lilia Herrera se sum\u00f3 a la exigencia de estudiantes, [&hellip;]<\/p>\n","protected":false},"author":3,"featured_media":35422,"comment_status":"open","ping_status":"open","sticky":false,"template":"","format":"standard","meta":{"footnotes":""},"categories":[16,9150],"tags":[15969,15971,13228,15970,15968],"class_list":{"0":"post-35420","1":"post","2":"type-post","3":"status-publish","4":"format-standard","5":"has-post-thumbnail","7":"category-foto","8":"category-politica","9":"tag-cancela-amlo-preparatoria-en-linea","10":"tag-diputada-ana-lilia-herrera","11":"tag-diputada-ana-lilia-herrera-anzaldo","12":"tag-le-quitan-97-de-presupuesto","13":"tag-prepatoria-en-linea-sep"},"wps_subtitle":"Son 150 mil estudiantes por este sistema de la SEP, y le quitan el 97% de su presupuesto","_links":{"self":[{"href":"https:\/\/www.porlalibreedomex.com\/index.php?rest_route=\/wp\/v2\/posts\/35420","targetHints":{"allow":["GET"]}}],"collection":[{"href":"https:\/\/www.porlalibreedomex.com\/index.php?rest_route=\/wp\/v2\/posts"}],"about":[{"href":"https:\/\/www.porlalibreedomex.com\/index.php?rest_route=\/wp\/v2\/types\/post"}],"author":[{"embeddable":true,"href":"https:\/\/www.porlalibreedomex.com\/index.php?rest_route=\/wp\/v2\/users\/3"}],"replies":[{"embeddable":true,"href":"https:\/\/www.porlalibreedomex.com\/index.php?rest_route=%2Fwp%2Fv2%2Fcomments&post=35420"}],"version-history":[{"count":1,"href":"https:\/\/www.porlalibreedomex.com\/index.php?rest_route=\/wp\/v2\/posts\/35420\/revisions"}],"predecessor-version":[{"id":35423,"href":"https:\/\/www.porlalibreedomex.com\/index.php?rest_route=\/wp\/v2\/posts\/35420\/revisions\/35423"}],"wp:featuredmedia":[{"embeddable":true,"href":"https:\/\/www.porlalibreedomex.com\/index.php?rest_route=\/wp\/v2\/media\/35422"}],"wp:attachment":[{"href":"https:\/\/www.porlalibreedomex.com\/index.php?rest_route=%2Fwp%2Fv2%2Fmedia&parent=35420"}],"wp:term":[{"taxonomy":"category","embeddable":true,"href":"https:\/\/www.porlalibreedomex.com\/index.php?rest_route=%2Fwp%2Fv2%2Fcategories&post=35420"},{"taxonomy":"post_tag","embeddable":true,"href":"https:\/\/www.porlalibreedomex.com\/index.php?rest_route=%2Fwp%2Fv2%2Ftags&post=35420"}],"curies":[{"name":"wp","href":"https:\/\/api.w.org\/{rel}","templated":true}]}}