{"id":3520,"date":"2014-08-26T13:46:14","date_gmt":"2014-08-26T22:46:14","guid":{"rendered":"http:\/\/porlalibre.info\/?p=3520"},"modified":"2014-08-26T13:46:14","modified_gmt":"2014-08-26T22:46:14","slug":"mas-resultados-con-menos-pluris-cesar-camacho","status":"publish","type":"post","link":"https:\/\/www.porlalibreedomex.com\/?p=3520","title":{"rendered":"&quot;M\u00c1S RESULTADOS CON MENOS PLURIS&quot;: C\u00c9SAR CAMACHO"},"content":{"rendered":"<p style=\"font-weight: normal; color: #000000;\"><strong>Por C\u00e9sar Camacho*<\/strong><\/p>\n<p style=\"font-weight: normal; color: #000000; text-align: justify;\">M\u00e9xico sabe que es posible contar con una democracia eficiente para que el Estado sea eficaz; es decir, que los poderes p\u00fablicos sirvan de mejor manera a la poblaci\u00f3n. Los mexicanos queremos una democracia en la que los poderes Ejecutivo y Legislativo establezcan un di\u00e1logo propositivo y edificante que asegure m\u00e1s y mejores resultados pol\u00edticos, que se traduzcan en beneficios sociales, m\u00e1s pronto y a menor costo. Y trat\u00e1ndose de un asunto trascendente para los ciudadanos mexicanos, el PRI quiere consultar a la ciudadan\u00eda, aprovechando las herramientas legales que el marco jur\u00eddico recientemente aprobado prev\u00e9.<a href=\"http:\/\/porlalibre.info\/?attachment_id=3521#main\" rel=\"attachment wp-att-3521\"><img loading=\"lazy\" decoding=\"async\" class=\"alignright size-medium wp-image-3521\" src=\"http:\/\/porlalibre.info\/wp-content\/uploads\/2014\/08\/CESAR-CAMACHO-PODIUM-300x172.jpg\" alt=\"CESAR CAMACHO-PODIUM\" width=\"300\" height=\"172\" \/><\/a><\/p>\n<p style=\"font-weight: normal; color: #000000; text-align: justify;\">Efectivamente, el asunto no es nuevo, hace tres a\u00f1os el entonces precandidato Enrique Pe\u00f1a Nieto, en la b\u00fasqueda de consolidar un Estado m\u00e1s eficaz, respecto a la construcci\u00f3n de acuerdos entre los poderes, escribi\u00f3 en la p\u00e1gina 46 de su libro titulado: \u201cM\u00e9xico, la gran esperanza\u201d que: favorecer\u00eda la formaci\u00f3n de mayor\u00edas la eliminaci\u00f3n de cien diputados de representaci\u00f3n proporcional. Propuesta que defendi\u00f3 durante su campa\u00f1a y que probablemente haya sido raz\u00f3n para que muchos de los millones de electores que as\u00ed lo hicieron votaran por \u00e9l.<\/p>\n<p style=\"font-weight: normal; color: #000000; text-align: justify;\">Los beneficios de esta medida saltan a la vista, pues contribuye a disminuir el gasto p\u00fablico, facilita la construcci\u00f3n de acuerdos, favorece la toma oportuna de decisiones, fortalece la efectividad del voto emitido por los ciudadanos al contar con un mayor n\u00famero de diputados electos por el principio de mayor\u00eda relativa, en proporci\u00f3n con los llamados plurinominales; mantiene el sistema mixto de representatividad que nuestro pa\u00eds se ha dado y que ha permitido la correcta representaci\u00f3n de la mayor\u00eda, sin detrimento de la representatividad de las minor\u00edas; permite la adecuada participaci\u00f3n de todas las fuerzas pol\u00edticas, en su respectiva proporci\u00f3n; preserva la garant\u00eda de la representatividad de todos los ciudadanos; promueve una mayor calidad del debate parlamentario, manteniendo la riqueza de la pluralidad; responde a una exigencia expresada por diversos sectores y actores sociales; y mejora el funcionamiento democr\u00e1tico sin cambiar el sistema electoral, pues no implica reformar los art\u00edculos del 39 al 41 constitucionales que versan sobre asuntos electorales, sino los art\u00edculos 52 y 56, que tratan de la integraci\u00f3n de las c\u00e1maras de diputados y senadores, respectivamente, raz\u00f3n por la cual s\u00ed puede ser sometida a una consulta ciudadana.<\/p>\n<p style=\"font-weight: normal; color: #000000; text-align: justify;\">Persuadidos de los anteriores aspectos positivos, nuestra \u201cPlataforma Electoral 2012\u20132018\u201d retom\u00f3 este planteamiento entre sus objetivos estrat\u00e9gicos, para \u201cModernizar y dar funcionalidad al r\u00e9gimen pol\u00edtico\u201d, para lo cual propuso en la p\u00e1gina 12: \u201cvalorar las propuestas de reducci\u00f3n del n\u00famero de legisladores,\u201d lo cual incluye, adem\u00e1s de la de diputados, a la C\u00e1mara de Senadores.<\/p>\n<p style=\"font-weight: normal; color: #000000; text-align: justify;\">Por lo anterior, y con base en la Ley Federal de Consulta Popular aprobada en el reciente periodo transformador, el partido quiere consultar a los mexicanos si estar\u00edan \u201cde acuerdo en que se modifique la constituci\u00f3n para que se eliminen 100 de las 200 diputaciones plurinominales y las 32 senadur\u00edas plurinominales\u201d.<\/p>\n<p style=\"font-weight: normal; color: #000000; text-align: justify;\">En el af\u00e1n de concluir la transici\u00f3n democr\u00e1tica, tambi\u00e9n en lo tocante al r\u00e9gimen pol\u00edtico, el PRI propone cambiar una disposici\u00f3n que aprobamos hace 28 a\u00f1os, cuando las condiciones sociales y pol\u00edticas eran otras; ahora que los partidos son competitivos, es momento de alcanzar m\u00e1s y mejores resultados legislativos, con menos senadores y diputados plurinominales.<\/p>\n<p style=\"font-weight: normal; color: #000000; text-align: justify;\">*Presidente del PRI.<\/p>\n<p style=\"font-weight: normal; color: #000000;\"><a style=\"font-weight: inherit; font-style: inherit;\" href=\"http:\/\/twitter.com\/ccq_pri\" target=\"_blank\">@CCQ_PRI<\/a><\/p>\n","protected":false},"excerpt":{"rendered":"<p>Por C\u00e9sar Camacho* M\u00e9xico sabe que es posible contar con una democracia eficiente para que el Estado sea eficaz; es decir, que los poderes p\u00fablicos sirvan de mejor manera a la poblaci\u00f3n. Los mexicanos queremos una democracia en la que los poderes Ejecutivo y Legislativo establezcan un di\u00e1logo propositivo y edificante que asegure m\u00e1s y [&hellip;]<\/p>\n","protected":false},"author":2,"featured_media":0,"comment_status":"open","ping_status":"open","sticky":false,"template":"","format":"standard","meta":{"footnotes":""},"categories":[1107,1],"tags":[155,2376,1000],"class_list":{"0":"post-3520","1":"post","2":"type-post","3":"status-publish","4":"format-standard","6":"category-articulo","7":"category-uncategorized","8":"tag-cesar-camacho","9":"tag-menos-plurinominales","10":"tag-partido-revolucionario-institucional"},"wps_subtitle":"","_links":{"self":[{"href":"https:\/\/www.porlalibreedomex.com\/index.php?rest_route=\/wp\/v2\/posts\/3520","targetHints":{"allow":["GET"]}}],"collection":[{"href":"https:\/\/www.porlalibreedomex.com\/index.php?rest_route=\/wp\/v2\/posts"}],"about":[{"href":"https:\/\/www.porlalibreedomex.com\/index.php?rest_route=\/wp\/v2\/types\/post"}],"author":[{"embeddable":true,"href":"https:\/\/www.porlalibreedomex.com\/index.php?rest_route=\/wp\/v2\/users\/2"}],"replies":[{"embeddable":true,"href":"https:\/\/www.porlalibreedomex.com\/index.php?rest_route=%2Fwp%2Fv2%2Fcomments&post=3520"}],"version-history":[{"count":0,"href":"https:\/\/www.porlalibreedomex.com\/index.php?rest_route=\/wp\/v2\/posts\/3520\/revisions"}],"wp:attachment":[{"href":"https:\/\/www.porlalibreedomex.com\/index.php?rest_route=%2Fwp%2Fv2%2Fmedia&parent=3520"}],"wp:term":[{"taxonomy":"category","embeddable":true,"href":"https:\/\/www.porlalibreedomex.com\/index.php?rest_route=%2Fwp%2Fv2%2Fcategories&post=3520"},{"taxonomy":"post_tag","embeddable":true,"href":"https:\/\/www.porlalibreedomex.com\/index.php?rest_route=%2Fwp%2Fv2%2Ftags&post=3520"}],"curies":[{"name":"wp","href":"https:\/\/api.w.org\/{rel}","templated":true}]}}