{"id":34670,"date":"2019-10-13T02:43:19","date_gmt":"2019-10-13T07:43:19","guid":{"rendered":"https:\/\/www.porlalibreedomex.com\/?p=34670"},"modified":"2019-10-14T02:45:26","modified_gmt":"2019-10-14T07:45:26","slug":"herminio-cahue-se-queda-otros-cuatro-anos-al-frente-del-suteym","status":"publish","type":"post","link":"https:\/\/www.porlalibreedomex.com\/?p=34670","title":{"rendered":"HERMINIO CAHUE SE QUEDA OTROS CUATRO A\u00d1OS AL FRENTE DEL SUTEYM"},"content":{"rendered":"<p>&nbsp;<\/p>\n<ul>\n<li><strong><em>Conservar la Unidad del gremio, que ya rebasa los 80 mil afiliados, y velar por sus intereses, una prioridad.<\/em><\/strong><\/li>\n<li><strong><em>Construir un auditorio y m\u00e1s sedes regionales, otro otro objetivo del Secretario General del SUTEYM.<\/em><\/strong><\/li>\n<li><strong><em>El Presidente del Comit\u00e9 de Vigilancia del sindicato, Ren\u00e9 Palomares Parra, rindi\u00f3 su tercer informe de labores.<\/em><\/strong><\/li>\n<li><strong><em>Cambian a once Secretarios del Comit\u00e9 Ejecutivo Estatal.<\/em><\/strong><\/li>\n<\/ul>\n<p>&nbsp;<\/p>\n<p><strong>Zinacantepec, M\u00e9xico, 11 de octubre de 2019.<\/strong> En asamblea estatal ordinaria, el Secretario General del Sindicato \u00danico de Trabajadores de los Poderes, Municipios e Instituciones Descentralizadas del Estado de M\u00e9xico (SUTEYM), Herminio Cahue Calder\u00f3n, present\u00f3 su 4\u00b0 Informe de Actividades.<\/p>\n<p>Ante delegados departamentales y municipales, secretarios seccionales, coordinadores regionales y estructura del gremio, Cahue Calder\u00f3n manifest\u00f3 las acciones que ha realizado el Comit\u00e9 Ejecutivo Estatal en diversos rubros, as\u00ed como el estado financiero detallado del sindicato; el informe cont\u00f3 con el cien por ciento de asistencia y, por lo tanto, el cu\u00f3rum legal, siendo aprobado por unanimidad.<\/p>\n<p>Desde esta asamblea, el l\u00edder sindical estatal reiter\u00f3 la admiraci\u00f3n y respeto de la familia suteymista al Gobernador de la entidad, Alfredo del Mazo Maza; se\u00f1al\u00f3 que los sindicalizados reconocen el liderazgo del Ejecutivo Estatal y ratifican su lealtad y agradecen todo su apoyo a la organizaci\u00f3n.<\/p>\n<figure id=\"attachment_34671\" aria-describedby=\"caption-attachment-34671\" style=\"width: 800px\" class=\"wp-caption aligncenter\"><a href=\"https:\/\/www.porlalibreedomex.com\/wp-content\/uploads\/2019\/10\/PRENSA-1.jpg\"><img loading=\"lazy\" decoding=\"async\" class=\"size-large wp-image-34671\" src=\"https:\/\/www.porlalibreedomex.com\/wp-content\/uploads\/2019\/10\/PRENSA-1-1024x614.jpg\" alt=\"\" width=\"800\" height=\"480\" srcset=\"https:\/\/www.porlalibreedomex.com\/wp-content\/uploads\/2019\/10\/PRENSA-1-1024x614.jpg 1024w, https:\/\/www.porlalibreedomex.com\/wp-content\/uploads\/2019\/10\/PRENSA-1-300x180.jpg 300w, https:\/\/www.porlalibreedomex.com\/wp-content\/uploads\/2019\/10\/PRENSA-1-768x461.jpg 768w\" sizes=\"auto, (max-width: 800px) 100vw, 800px\" \/><\/a><figcaption id=\"caption-attachment-34671\" class=\"wp-caption-text\">Los delegados del SUTEYM aprobaron la prolongaci\u00f3n del mandato de Herminio Cahue por cuatro a\u00f1os,,,<\/figcaption><\/figure>\n<p>Puntualiz\u00f3 que los servidores trabajan para afrontar los desaf\u00edos del estado, por lo que, asever\u00f3, los suteymistas seguir\u00e1n aportando todo lo que est\u00e9 en sus manos, para construir un Estado de M\u00e9xico con decisiones firmes, porque tambi\u00e9n desean resultados fuertes.<\/p>\n<p>\u201cReitero y confirmo lo que dije hace cuatro a\u00f1os: \u00e9sta es la responsabilidad m\u00e1s importante de mi vida sindical, laboral y p\u00fablica; servir a mis iguales es todo un honor, decir gracias me parece insuficiente, pero no encuentro una palabra m\u00e1s honesta y sincera que pueda decirles, as\u00ed que muchas, muchas gracias\u201d, expres\u00f3 el Secretario General del SUTEYM.<\/p>\n<p>Refiri\u00f3 que, para la organizaci\u00f3n, el m\u00e1ximo valor que han preservado bajo cualquier circunstancia es la unidad, sostuvo que a trav\u00e9s de \u00e9sta crecen, se fortalecen\u00a0 y construyen mejores horizontes; agradeci\u00f3 a los delegados electores su apoyo y confianza ante los retos que plantea el sindicalismo actual; asimismo, tom\u00f3 protesta al nuevo comit\u00e9 ejecutivo estatal 2019 &#8211; 2023.<\/p>\n<p><a href=\"https:\/\/www.porlalibreedomex.com\/wp-content\/uploads\/2019\/10\/PRENSA-2.jpg\"><img loading=\"lazy\" decoding=\"async\" class=\"aligncenter size-large wp-image-34672\" src=\"https:\/\/www.porlalibreedomex.com\/wp-content\/uploads\/2019\/10\/PRENSA-2-1024x535.jpg\" alt=\"\" width=\"800\" height=\"418\" srcset=\"https:\/\/www.porlalibreedomex.com\/wp-content\/uploads\/2019\/10\/PRENSA-2-1024x535.jpg 1024w, https:\/\/www.porlalibreedomex.com\/wp-content\/uploads\/2019\/10\/PRENSA-2-300x157.jpg 300w, https:\/\/www.porlalibreedomex.com\/wp-content\/uploads\/2019\/10\/PRENSA-2-768x401.jpg 768w, https:\/\/www.porlalibreedomex.com\/wp-content\/uploads\/2019\/10\/PRENSA-2-390x205.jpg 390w\" sizes=\"auto, (max-width: 800px) 100vw, 800px\" \/><\/a><\/p>\n<p>En el marco de esta asamblea, <strong>Ren\u00e9 Palomares Parra, Presidente de la Comisi\u00f3n de\u00a0 Vigilancia e Investigaci\u00f3n, present\u00f3 su 3er Informe de Actividades,<\/strong> en el que destac\u00f3 que los procesos electorales en las secciones y delegaciones se han realizado con base en los estatutos que rigen a la organizaci\u00f3n.<\/p>\n<p>Entre otros puntos, Palomares Parra indic\u00f3 que los convenios firmados con los poderes, municipios y organismo descentralizados se han depositado conforme a la ley en el Tribunal de Conciliaci\u00f3n y Arbitraje.<\/p>\n<table width=\"0\">\n<tbody>\n<tr>\n<td width=\"329\">Secretar\u00eda General<\/td>\n<td width=\"265\">Herminio Cahue Calder\u00f3n<\/td>\n<\/tr>\n<tr>\n<td width=\"329\">Subsecretar\u00eda<\/td>\n<td width=\"265\">Antonio Duarte Franco<\/td>\n<\/tr>\n<tr>\n<td width=\"329\">Secretar\u00eda del Interior<\/td>\n<td width=\"265\">Rosa Mar\u00eda S\u00e1nchez Arriaga<\/td>\n<\/tr>\n<tr>\n<td width=\"329\">Secretar\u00eda del Exterior<\/td>\n<td width=\"265\">Ra\u00fal Colmenero C\u00e1rdenas<\/td>\n<\/tr>\n<tr>\n<td width=\"329\">Secretar\u00eda de Trabajo y Conflictos<\/td>\n<td width=\"265\">Diego Dur\u00e1n Flores<\/td>\n<\/tr>\n<tr>\n<td width=\"329\">Secretar\u00eda de Asuntos Pol\u00edticos<\/td>\n<td width=\"265\">Alfredo Carbajal Quintero<\/td>\n<\/tr>\n<tr>\n<td width=\"329\">Secretar\u00eda de Escalaf\u00f3n e Inserci\u00f3n Laboral<\/td>\n<td width=\"265\">Leticia S\u00e1nchez Alc\u00e1ntara<\/td>\n<\/tr>\n<tr>\n<td width=\"329\">Secretar\u00eda de Control Estad\u00edstico<\/td>\n<td width=\"265\">Olga Edith Qui\u00f1ones Jaimes<\/td>\n<\/tr>\n<tr>\n<td width=\"329\">Secretar\u00eda de Previsi\u00f3n y Asistencia Social<\/td>\n<td width=\"265\">Marco Antonio Carbajal Monroy<\/td>\n<\/tr>\n<tr>\n<td width=\"329\">Secretar\u00eda del Valle de Toluca<\/td>\n<td width=\"265\">V\u00edctor Rogelio Robles Gonz\u00e1lez<\/td>\n<\/tr>\n<tr>\n<td width=\"329\">Secretar\u00eda del Valle de M\u00e9xico<\/td>\n<td width=\"265\">Jes\u00fas Cesar Esqueda Tapia<\/td>\n<\/tr>\n<tr>\n<td width=\"329\">Secretar\u00eda de Capacitaci\u00f3n Laboral y Cultural<\/td>\n<td width=\"265\">\u00c1ngel Jim\u00e9nez Guti\u00e9rrez<\/td>\n<\/tr>\n<tr>\n<td width=\"329\">Secretar\u00eda de Eventos Especiales<\/td>\n<td width=\"265\">Marcelo J. Carmen Morelos Montoya<\/td>\n<\/tr>\n<tr>\n<td width=\"329\">Secretar\u00eda de Prensa, Difusi\u00f3n e Imagen<\/td>\n<td width=\"265\">Alejandro Vald\u00e9s L\u00f3pez<\/td>\n<\/tr>\n<tr>\n<td width=\"329\">Sr\u00eda. de Relaciones P\u00fablicas y Protocolo<\/td>\n<td width=\"265\">Yolanda Legu\u00edzamo Mart\u00ednez<\/td>\n<\/tr>\n<tr>\n<td width=\"329\">Secretar\u00eda de Desarrollo Financiero<\/td>\n<td width=\"265\">Artemio Cruz Gonz\u00e1lez<\/td>\n<\/tr>\n<tr>\n<td width=\"329\">Secretar\u00eda de Acci\u00f3n Femenil<\/td>\n<td width=\"265\">Mercedes Pilar Laguna Mendoza<\/td>\n<\/tr>\n<tr>\n<td width=\"329\">Secretar\u00eda de Acci\u00f3n Juvenil<\/td>\n<td width=\"265\">Leonel Garc\u00eda Chore\u00f1o<\/td>\n<\/tr>\n<tr>\n<td width=\"329\">Secretar\u00eda de Actas y Acuerdos<\/td>\n<td width=\"265\">Claudia Molina Cedillo<\/td>\n<\/tr>\n<tr>\n<td width=\"329\">Sr\u00eda. de An\u00e1lisis y Divulgaci\u00f3n Ideol\u00f3gica<\/td>\n<td width=\"265\">Miriam Guadalupe Santiago Villanueva<\/td>\n<\/tr>\n<tr>\n<td width=\"329\">Secretar\u00eda de Atenci\u00f3n a Asuntos Jur\u00eddicos<\/td>\n<td width=\"265\">Armando Gonz\u00e1lez Olvera<\/td>\n<\/tr>\n<tr>\n<td width=\"329\">Secretar\u00eda de Promoci\u00f3n de la Salud<\/td>\n<td width=\"265\">Virginia Ovando Esquivel<\/td>\n<\/tr>\n<tr>\n<td width=\"329\">Sria. de Organismos P\u00fablicos Descentralizados<\/td>\n<td width=\"265\">H\u00e9ctor Cruz Hern\u00e1ndez<\/td>\n<\/tr>\n<tr>\n<td width=\"329\">Secretar\u00eda de Log\u00edstica<\/td>\n<td width=\"265\">Edgar Salazar S\u00e1nchez<\/td>\n<\/tr>\n<tr>\n<td width=\"329\">Secretar\u00eda de Vivienda<\/td>\n<td width=\"265\">Rosalinda Arizmendi Garc\u00eda<\/td>\n<\/tr>\n<tr>\n<td width=\"329\">Secretar\u00eda de Patrimonio<\/td>\n<td width=\"265\">Merced Antonio Gardu\u00f1o Ayala<\/td>\n<\/tr>\n<tr>\n<td width=\"329\">Secretar\u00eda de Inform\u00e1tica<\/td>\n<td width=\"265\">Abraham Israde Rojas<\/td>\n<\/tr>\n<tr>\n<td width=\"329\">Secretar\u00eda de Jubilados y Pensionados<\/td>\n<td width=\"265\">Griselda S\u00e1nchez Contreras<\/td>\n<\/tr>\n<tr>\n<td width=\"329\">Secretar\u00eda de Formaci\u00f3n Sindical<\/td>\n<td width=\"265\">Mar\u00eda Ana Casta\u00f1eda Mart\u00ednez<\/td>\n<\/tr>\n<tr>\n<td width=\"329\">Secretar\u00eda T\u00e9cnica<\/td>\n<td width=\"265\">Mar\u00eda del Carmen Flores Ram\u00edrez<\/td>\n<\/tr>\n<\/tbody>\n<\/table>\n<p><strong>Comit\u00e9 Ejecutivo Estatal 2019-2023<\/strong><\/p>\n<p>&nbsp;<\/p>\n<p>&nbsp;<\/p>\n<p><strong>Comisi\u00f3n de Vigilancia\u00a0 e Investigaci\u00f3n<\/strong><\/p>\n<table width=\"0\">\n<tbody>\n<tr>\n<td width=\"189\">Presidente<\/td>\n<td width=\"340\">Ren\u00e9 Palomares Parra<\/td>\n<\/tr>\n<tr>\n<td width=\"189\">Secretario<\/td>\n<td width=\"340\">Roberto Villavicencio Argueta<\/td>\n<\/tr>\n<tr>\n<td width=\"189\">Secretario<\/td>\n<td width=\"340\">Arturo Rivera Vargas<\/td>\n<\/tr>\n<tr>\n<td width=\"189\">Secretario<\/td>\n<td width=\"340\">Braulio Pacheco Hern\u00e1ndez<\/td>\n<\/tr>\n<tr>\n<td width=\"189\">Secretario<\/td>\n<td width=\"340\">Javier Garc\u00eda Cris\u00f3stomo<\/td>\n<\/tr>\n<tr>\n<td width=\"189\">Vocal<\/td>\n<td width=\"340\">Juan Gabriel Gardu\u00f1o L\u00f3pez<\/td>\n<\/tr>\n<tr>\n<td width=\"189\">Vocal<\/td>\n<td width=\"340\">Juan Callejas Palacios<\/td>\n<\/tr>\n<tr>\n<td width=\"189\">Vocal<\/td>\n<td width=\"340\">H\u00e9ctor Fern\u00e1ndez Gonz\u00e1lez<\/td>\n<\/tr>\n<tr>\n<td width=\"189\">Vocal<\/td>\n<td width=\"340\">Jes\u00fas Fernando Z\u00fa\u00f1iga Ram\u00edrez<\/td>\n<\/tr>\n<\/tbody>\n<\/table>\n<p>&nbsp;<\/p>\n<p>&nbsp;<\/p>\n<p>&nbsp;<\/p>\n<p>&nbsp;<\/p>\n<p>&nbsp;<\/p>\n<p>&nbsp;<\/p>\n<p>&nbsp;<\/p>\n<p>&nbsp;<\/p>\n<p>&nbsp;<\/p>\n<p>&nbsp;<\/p>\n","protected":false},"excerpt":{"rendered":"<p>&nbsp; Conservar la Unidad del gremio, que ya rebasa los 80 mil afiliados, y velar por sus intereses, una prioridad. Construir un auditorio y m\u00e1s sedes regionales, otro otro objetivo del Secretario General del SUTEYM. El Presidente del Comit\u00e9 de Vigilancia del sindicato, Ren\u00e9 Palomares Parra, rindi\u00f3 su tercer informe de labores. Cambian a once [&hellip;]<\/p>\n","protected":false},"author":3,"featured_media":34673,"comment_status":"open","ping_status":"open","sticky":false,"template":"","format":"standard","meta":{"footnotes":""},"categories":[16,9150],"tags":[6235,15702,15700,6579,15701],"class_list":{"0":"post-34670","1":"post","2":"type-post","3":"status-publish","4":"format-standard","5":"has-post-thumbnail","7":"category-foto","8":"category-politica","9":"tag-herminio-cahue-calderon","10":"tag-liderazgo-de-adm","11":"tag-prolongacion-de-mandfato-suteym","12":"tag-suteymistas","13":"tag-unidad-de-servidores-publicos"},"wps_subtitle":"El l\u00edder de los Servidores P\u00fablicos Mexiquenses rindi\u00f3 su cuarto informe de labores","_links":{"self":[{"href":"https:\/\/www.porlalibreedomex.com\/index.php?rest_route=\/wp\/v2\/posts\/34670","targetHints":{"allow":["GET"]}}],"collection":[{"href":"https:\/\/www.porlalibreedomex.com\/index.php?rest_route=\/wp\/v2\/posts"}],"about":[{"href":"https:\/\/www.porlalibreedomex.com\/index.php?rest_route=\/wp\/v2\/types\/post"}],"author":[{"embeddable":true,"href":"https:\/\/www.porlalibreedomex.com\/index.php?rest_route=\/wp\/v2\/users\/3"}],"replies":[{"embeddable":true,"href":"https:\/\/www.porlalibreedomex.com\/index.php?rest_route=%2Fwp%2Fv2%2Fcomments&post=34670"}],"version-history":[{"count":2,"href":"https:\/\/www.porlalibreedomex.com\/index.php?rest_route=\/wp\/v2\/posts\/34670\/revisions"}],"predecessor-version":[{"id":34675,"href":"https:\/\/www.porlalibreedomex.com\/index.php?rest_route=\/wp\/v2\/posts\/34670\/revisions\/34675"}],"wp:featuredmedia":[{"embeddable":true,"href":"https:\/\/www.porlalibreedomex.com\/index.php?rest_route=\/wp\/v2\/media\/34673"}],"wp:attachment":[{"href":"https:\/\/www.porlalibreedomex.com\/index.php?rest_route=%2Fwp%2Fv2%2Fmedia&parent=34670"}],"wp:term":[{"taxonomy":"category","embeddable":true,"href":"https:\/\/www.porlalibreedomex.com\/index.php?rest_route=%2Fwp%2Fv2%2Fcategories&post=34670"},{"taxonomy":"post_tag","embeddable":true,"href":"https:\/\/www.porlalibreedomex.com\/index.php?rest_route=%2Fwp%2Fv2%2Ftags&post=34670"}],"curies":[{"name":"wp","href":"https:\/\/api.w.org\/{rel}","templated":true}]}}