{"id":34659,"date":"2019-10-13T02:04:06","date_gmt":"2019-10-13T07:04:06","guid":{"rendered":"https:\/\/www.porlalibreedomex.com\/?p=34659"},"modified":"2019-10-14T02:06:10","modified_gmt":"2019-10-14T07:06:10","slug":"es-suem-el-mejor-servicio-de-urgencias-en-mexico","status":"publish","type":"post","link":"https:\/\/www.porlalibreedomex.com\/?p=34659","title":{"rendered":"ES SUEM EL MEJOR SERVICIO DE URGENCIAS EN M\u00c9XICO"},"content":{"rendered":"<ul>\n<li>Realiza jornadas de atenci\u00f3n prehospitalaria y c<i>apacita a m\u00e1s de 500 especialistas en atenci\u00f3n de emergencias.<\/i><\/li>\n<li><i>\u00a0Otorga, en el \u00faltimo a\u00f1o, m\u00e1s de 31 mil 800 atenciones y servicios relacionados con accidentes automovil\u00edsticos, as\u00ed como rescates acu\u00e1ticos y de monta\u00f1a, entre otros.<\/i><\/li>\n<\/ul>\n<p>&nbsp;<\/p>\n<p><b>Toluca, Estado de M\u00e9xico, 13 de octubre de 2019.<\/b>\u00a0Con la clausura de las Primeras Jornadas Prehospitalarias, con las que se logr\u00f3 capacitar a m\u00e1s de 500 especialistas involucrados en la atenci\u00f3n de emergencias y rescate de diversas instituciones, el Servicio de Urgencias del Estado de M\u00e9xico (SUEM), concluy\u00f3 la conmemoraci\u00f3n de su 43 aniversario.<\/p>\n<p>El Secretario de Salud de la entidad, Gabriel O\u2019Shea Cuevas, destac\u00f3 que el organismo se posiciona como el mejor su tipo a nivel nacional y forma parte del proyecto de trabajo del Gobernador Alfredo Del Mazo Maza para optimizar los servicios m\u00e9dicos en beneficio de los mexiquenses.<\/p>\n<p><a href=\"https:\/\/www.porlalibreedomex.com\/wp-content\/uploads\/2019\/10\/IMG_20191011_114205.jpg\"><img loading=\"lazy\" decoding=\"async\" class=\"aligncenter size-full wp-image-34661\" src=\"https:\/\/www.porlalibreedomex.com\/wp-content\/uploads\/2019\/10\/IMG_20191011_114205.jpg\" alt=\"\" width=\"1499\" height=\"939\" srcset=\"https:\/\/www.porlalibreedomex.com\/wp-content\/uploads\/2019\/10\/IMG_20191011_114205.jpg 1499w, https:\/\/www.porlalibreedomex.com\/wp-content\/uploads\/2019\/10\/IMG_20191011_114205-300x188.jpg 300w, https:\/\/www.porlalibreedomex.com\/wp-content\/uploads\/2019\/10\/IMG_20191011_114205-768x481.jpg 768w, https:\/\/www.porlalibreedomex.com\/wp-content\/uploads\/2019\/10\/IMG_20191011_114205-1024x641.jpg 1024w\" sizes=\"auto, (max-width: 1499px) 100vw, 1499px\" \/><\/a><\/p>\n<p>Tan s\u00f3lo en el \u00faltimo a\u00f1o, el SUEM otorg\u00f3 m\u00e1s de 31 mil 800 atenciones y servicios relacionados con accidentes automovil\u00edsticos, ca\u00eddas y atropellamientos, as\u00ed como rescates acu\u00e1ticos y de monta\u00f1a, adem\u00e1s de los relacionados con eventos preventivos, c\u00edvicos, deportivos y peregrinaciones.<\/p>\n<p>El titular de la dependencia destac\u00f3 el compromiso, fortaleza y vocaci\u00f3n del personal que integra al Servicio de Urgencias de la entidad, lo que les ha permitido \u2013dijo\u2013 contar con un alto reconocimiento social, por lo que \u201cdeben sentirse orgullosos del trabajo que desempe\u00f1an diariamente, con el \u00fanico prop\u00f3sito de servirle a los dem\u00e1s\u201d.<\/p>\n<p><strong>El SUEM cuenta con 82 veh\u00edculos de emergencias, como ambulancias b\u00e1sicas y de terapia intensiva, camiones de rescate, un puesto de mando m\u00f3vil, veh\u00edculos todo terreno y acu\u00e1ticos.<\/strong><\/p>\n<p>A lo anterior se suma el Hospital Inflable que ha brindado atenci\u00f3n en diversas contingencias como las inundaciones en Guerrero por el paso de los huracanes Ingrid y Manuel, la visita del Papa Francisco a Ecatepec y a los afectados por los sismos de 2017 en el estado de Morelos, entre otras.<\/p>\n<p>Participaron en las Primeras Jornadas Prehospitalarias instituciones como la Cruz Roja Mexicana, el Grupo de Rescate A\u00e9reo Rel\u00e1mpagos, as\u00ed como personal de Bomberos y Protecci\u00f3n Civil de diversos ayuntamientos.<\/p>\n<p><u><\/u>\u00a0<u><\/u><\/p>\n","protected":false},"excerpt":{"rendered":"<p>Realiza jornadas de atenci\u00f3n prehospitalaria y capacita a m\u00e1s de 500 especialistas en atenci\u00f3n de emergencias. \u00a0Otorga, en el \u00faltimo a\u00f1o, m\u00e1s de 31 mil 800 atenciones y servicios relacionados con accidentes automovil\u00edsticos, as\u00ed como rescates acu\u00e1ticos y de monta\u00f1a, entre otros. &nbsp; Toluca, Estado de M\u00e9xico, 13 de octubre de 2019.\u00a0Con la clausura de [&hellip;]<\/p>\n","protected":false},"author":3,"featured_media":34660,"comment_status":"open","ping_status":"open","sticky":false,"template":"","format":"standard","meta":{"footnotes":""},"categories":[9157,16,9209],"tags":[15699,10522,13356,15698],"class_list":{"0":"post-34659","1":"post","2":"type-post","3":"status-publish","4":"format-standard","5":"has-post-thumbnail","7":"category-edomex","8":"category-foto","9":"category-salud","10":"tag-ambulancias","11":"tag-dr-gabriel-oshea-cuevas","12":"tag-instituto-de-salud-edomex","13":"tag-suem-servicios-de-urgencia"},"wps_subtitle":"","_links":{"self":[{"href":"https:\/\/www.porlalibreedomex.com\/index.php?rest_route=\/wp\/v2\/posts\/34659","targetHints":{"allow":["GET"]}}],"collection":[{"href":"https:\/\/www.porlalibreedomex.com\/index.php?rest_route=\/wp\/v2\/posts"}],"about":[{"href":"https:\/\/www.porlalibreedomex.com\/index.php?rest_route=\/wp\/v2\/types\/post"}],"author":[{"embeddable":true,"href":"https:\/\/www.porlalibreedomex.com\/index.php?rest_route=\/wp\/v2\/users\/3"}],"replies":[{"embeddable":true,"href":"https:\/\/www.porlalibreedomex.com\/index.php?rest_route=%2Fwp%2Fv2%2Fcomments&post=34659"}],"version-history":[{"count":4,"href":"https:\/\/www.porlalibreedomex.com\/index.php?rest_route=\/wp\/v2\/posts\/34659\/revisions"}],"predecessor-version":[{"id":34665,"href":"https:\/\/www.porlalibreedomex.com\/index.php?rest_route=\/wp\/v2\/posts\/34659\/revisions\/34665"}],"wp:featuredmedia":[{"embeddable":true,"href":"https:\/\/www.porlalibreedomex.com\/index.php?rest_route=\/wp\/v2\/media\/34660"}],"wp:attachment":[{"href":"https:\/\/www.porlalibreedomex.com\/index.php?rest_route=%2Fwp%2Fv2%2Fmedia&parent=34659"}],"wp:term":[{"taxonomy":"category","embeddable":true,"href":"https:\/\/www.porlalibreedomex.com\/index.php?rest_route=%2Fwp%2Fv2%2Fcategories&post=34659"},{"taxonomy":"post_tag","embeddable":true,"href":"https:\/\/www.porlalibreedomex.com\/index.php?rest_route=%2Fwp%2Fv2%2Ftags&post=34659"}],"curies":[{"name":"wp","href":"https:\/\/api.w.org\/{rel}","templated":true}]}}