{"id":34655,"date":"2019-10-13T01:55:56","date_gmt":"2019-10-13T06:55:56","guid":{"rendered":"https:\/\/www.porlalibreedomex.com\/?p=34655"},"modified":"2019-10-14T01:57:01","modified_gmt":"2019-10-14T06:57:01","slug":"recibe-la-universidad-intercultural-cedula-como-centro-certificador-en-competencias-de-lenguas-extranjeras","status":"publish","type":"post","link":"https:\/\/www.porlalibreedomex.com\/?p=34655","title":{"rendered":"RECIBE LA UNIVERSIDAD INTERCULTURAL C\u00c9DULA COMO CENTRO CERTIFICADOR EN COMPETENCIAS DE LENGUAS EXTRANJERAS"},"content":{"rendered":"<ul>\n<li><em><strong>Es la primera Universidad Intercultural del pa\u00eds en ser Centro Certificador.<\/strong><\/em><\/li>\n<li><em><strong>Acreditan competencias en materia de Justicia, Salud, Programas Sociales y Traducci\u00f3n de textos.<\/strong><\/em><\/li>\n<\/ul>\n<p><strong>San Felipe del Progreso, Estado de M\u00e9xico, 13 de octubre de 2019.<\/strong> La Universidad Intercultural del Estado de M\u00e9xico (UIEM) recibi\u00f3 la c\u00e9dula que la acredita como Centro Evaluador y Certificador de Competencias de lenguas originarias en temas de Justicia, Salud, Programas Sociales y Traducci\u00f3n de Textos, convirti\u00e9ndose en la primera de todas las Universidades Interculturales del pa\u00eds acreditadas por el Instituto Nacional de Lenguas Ind\u00edgenas (INALI).<\/p>\n<p>La UIEM, en conjunto con el INALI, trabaja en diversos proyectos ling\u00fc\u00edsticos y procesos de certificaci\u00f3n para cumplir con los ejes rectores de la misi\u00f3n y visi\u00f3n de la UIEM de difundir valores propios de las comunidades ind\u00edgenas, as\u00ed como de abrir espacios que revitalicen las lenguas maternas.<\/p>\n<p><a href=\"https:\/\/www.porlalibreedomex.com\/wp-content\/uploads\/2019\/10\/WhatsApp-Image-2019-10-13-at-11.45.46-1.jpeg\"><img loading=\"lazy\" decoding=\"async\" class=\"aligncenter size-large wp-image-34656\" src=\"https:\/\/www.porlalibreedomex.com\/wp-content\/uploads\/2019\/10\/WhatsApp-Image-2019-10-13-at-11.45.46-1-1024x629.jpeg\" alt=\"\" width=\"800\" height=\"491\" srcset=\"https:\/\/www.porlalibreedomex.com\/wp-content\/uploads\/2019\/10\/WhatsApp-Image-2019-10-13-at-11.45.46-1-1024x629.jpeg 1024w, https:\/\/www.porlalibreedomex.com\/wp-content\/uploads\/2019\/10\/WhatsApp-Image-2019-10-13-at-11.45.46-1-300x184.jpeg 300w, https:\/\/www.porlalibreedomex.com\/wp-content\/uploads\/2019\/10\/WhatsApp-Image-2019-10-13-at-11.45.46-1-768x472.jpeg 768w, https:\/\/www.porlalibreedomex.com\/wp-content\/uploads\/2019\/10\/WhatsApp-Image-2019-10-13-at-11.45.46-1.jpeg 1280w\" sizes=\"auto, (max-width: 800px) 100vw, 800px\" \/><\/a><\/p>\n<p>El Instituto Nacional de Lenguas Ind\u00edgenas expidi\u00f3 la C\u00e9dula de Acreditaci\u00f3n a la UIEM para evaluar con fines de certificaci\u00f3n a las personas, de acuerdo con los est\u00e1ndares inscritos en el Registro Nacional de Est\u00e1ndares de Competencia (RENEC).<\/p>\n<p>Las competencias evaluadas son \u201cInterpretaci\u00f3n Oral de Lengua Ind\u00edgena al espa\u00f1ol y viceversa en el \u00e1mbito de Procuraci\u00f3n y Administraci\u00f3n de Justicia\u201d, y \u201cEvaluaci\u00f3n de la competencia de candidatos con base en Est\u00e1ndares de Competencia\u201d, lo que permitir\u00e1 profesionalizar el quehacer de la interpretaci\u00f3n en juicios orales y en procesos de evaluaci\u00f3n en diferentes \u00e1mbitos.<\/p>\n<p>As\u00ed como \u201cPrestaci\u00f3n de servicios de traducci\u00f3n de textos de lengua espa\u00f1ola a lengua ind\u00edgena y viceversa\u201d, \u201cAtenci\u00f3n en su lengua materna a poblaci\u00f3n hablante de una lengua ind\u00edgena en programas sociales\u201d y \u201cPromoci\u00f3n de los programas sociales de la salud en la poblaci\u00f3n hablante de una lengua ind\u00edgena\u201d.<\/p>\n<p>Cabe mencionar que la UIEM cuenta con un Centro de Ense\u00f1anza e Investigaci\u00f3n en Lengua y Cultura, instancia que permite la recuperaci\u00f3n, ense\u00f1anza e investigaci\u00f3n de las lenguas y culturas originarias, as\u00ed como la evaluaci\u00f3n de su manejo y la certificaci\u00f3n de su dominio.<\/p>\n<p>De esta manera, el Gobierno del Estado de M\u00e9xico, a trav\u00e9s de la Secretar\u00eda de Educaci\u00f3n, cumple su compromiso de preservar y revitalizar las cinco lenguas originarias que se hablan en la entidad, toda vez que son m\u00e1s de 400 mil los habitantes que pertenecen a alguna de las etnias mazahua, otom\u00ed, matlazinca, n\u00e1huatl o tlahuica.<\/p>\n","protected":false},"excerpt":{"rendered":"<p>Es la primera Universidad Intercultural del pa\u00eds en ser Centro Certificador. Acreditan competencias en materia de Justicia, Salud, Programas Sociales y Traducci\u00f3n de textos. San Felipe del Progreso, Estado de M\u00e9xico, 13 de octubre de 2019. La Universidad Intercultural del Estado de M\u00e9xico (UIEM) recibi\u00f3 la c\u00e9dula que la acredita como Centro Evaluador y Certificador [&hellip;]<\/p>\n","protected":false},"author":3,"featured_media":34657,"comment_status":"open","ping_status":"open","sticky":false,"template":"","format":"standard","meta":{"footnotes":""},"categories":[9148,16],"tags":[15697,15696,15695],"class_list":{"0":"post-34655","1":"post","2":"type-post","3":"status-publish","4":"format-standard","5":"has-post-thumbnail","7":"category-educacion","8":"category-foto","9":"tag-evaluacion-uiem","10":"tag-uiem-ya-certifica","11":"tag-universidad-intercultural-edomex"},"wps_subtitle":"","_links":{"self":[{"href":"https:\/\/www.porlalibreedomex.com\/index.php?rest_route=\/wp\/v2\/posts\/34655","targetHints":{"allow":["GET"]}}],"collection":[{"href":"https:\/\/www.porlalibreedomex.com\/index.php?rest_route=\/wp\/v2\/posts"}],"about":[{"href":"https:\/\/www.porlalibreedomex.com\/index.php?rest_route=\/wp\/v2\/types\/post"}],"author":[{"embeddable":true,"href":"https:\/\/www.porlalibreedomex.com\/index.php?rest_route=\/wp\/v2\/users\/3"}],"replies":[{"embeddable":true,"href":"https:\/\/www.porlalibreedomex.com\/index.php?rest_route=%2Fwp%2Fv2%2Fcomments&post=34655"}],"version-history":[{"count":1,"href":"https:\/\/www.porlalibreedomex.com\/index.php?rest_route=\/wp\/v2\/posts\/34655\/revisions"}],"predecessor-version":[{"id":34658,"href":"https:\/\/www.porlalibreedomex.com\/index.php?rest_route=\/wp\/v2\/posts\/34655\/revisions\/34658"}],"wp:featuredmedia":[{"embeddable":true,"href":"https:\/\/www.porlalibreedomex.com\/index.php?rest_route=\/wp\/v2\/media\/34657"}],"wp:attachment":[{"href":"https:\/\/www.porlalibreedomex.com\/index.php?rest_route=%2Fwp%2Fv2%2Fmedia&parent=34655"}],"wp:term":[{"taxonomy":"category","embeddable":true,"href":"https:\/\/www.porlalibreedomex.com\/index.php?rest_route=%2Fwp%2Fv2%2Fcategories&post=34655"},{"taxonomy":"post_tag","embeddable":true,"href":"https:\/\/www.porlalibreedomex.com\/index.php?rest_route=%2Fwp%2Fv2%2Ftags&post=34655"}],"curies":[{"name":"wp","href":"https:\/\/api.w.org\/{rel}","templated":true}]}}