{"id":34476,"date":"2019-10-07T02:23:53","date_gmt":"2019-10-07T07:23:53","guid":{"rendered":"https:\/\/www.porlalibreedomex.com\/?p=34476"},"modified":"2019-10-08T02:29:07","modified_gmt":"2019-10-08T07:29:07","slug":"maullidos-urbanos-turno-de-los-taxistas","status":"publish","type":"post","link":"https:\/\/www.porlalibreedomex.com\/?p=34476","title":{"rendered":"Maullidos Urbanos: Turno de los taxistas"},"content":{"rendered":"<p>&nbsp;<\/p>\n<p><strong>Gato de Barrio<\/strong><\/p>\n<p align=\"right\"><strong><a href=\"mailto:gatodebarrio@yahoo.com.mx\" target=\"_blank\" rel=\"nofollow noopener noreferrer\">gatodebarrio@yahoo.com.mx<\/a><\/strong><\/p>\n<p>Las semanas anteriores fueron las marchas y manifestaciones por los desaparecidos de Ayotzinapa, por el 2 de octubre, de las mujeres por el derecho a decidir sobre su cuerpo, la cuales se vieron afectadas por los actos violentos de los autodenominados anarquistas, y ahora correspondi\u00f3 a los taxistas protestar para demandar la desaparici\u00f3n de los servicios de transporte contratados por aplicaciones tecnol\u00f3gicas como Uber, Didi y Cabifay.<\/p>\n<p>Si bien en esta \u00faltima ocasi\u00f3n no hicieron acto de presencia los violentos, los bloqueos registrados tanto en las entradas carreteras a la Ciudad de M\u00e9xico como en diversas importantes vialidades capitalinas, generaron un caos urbano como pocas veces se ha visto y vivido en el Valle de M\u00e9xico.<\/p>\n<p>Si bien para muchos ni el servicio de taxis tradicional, con las unidades concesionadas, con la crom\u00e1tica oficial y medici\u00f3n del servicio mediante tax\u00edmetro, como tampoco el ofrecido mediante v\u00eda internet, con unidades presuntamente en mejores condiciones y cobro con tarjeta de cr\u00e9dito, resultan ser de los m\u00e1s confiable y si se usan es sencillamente por necesidad de trasladarse de un punto a otro para cumplir con compromisos laborales, sociales o escolares.<\/p>\n<p>M\u00e1s all\u00e1 de cual servicio resulte m\u00e1s recomendable, lo ideal ser\u00eda que las autoridades asumieran su responsabilidad para evitar estas afectaciones, las cuales fueron anticipadas desde d\u00edas antes por los taxistas inconformes, pero bajo la pol\u00edtica actual de no caer en supuestas acciones represivas, las agrupaciones policiacas no se usan para imponer el orden y que no resultaran afectaran las actividades cotidianas de miles de personas.<\/p>\n<p>\u00bfQu\u00e9 es peor, de\u00f1ar mobiliario urbano, romper aparadores de tiendas, vandalizar muros, agredir a las personas que tiene la mala suerte de atravesarse en su camino, o impedir la libre circulaci\u00f3n no solo de autom\u00f3viles, tambi\u00e9n de unidades de transporte colectivo, generando todo un caos urbano?<\/p>\n<p>La verdad es que ninguna de las dos opciones resulta aceptable pero lo deseable, insisto, es que las autoridades intervinieran para que no se registren estas situaciones y, en caso de suceder, detener a los autores intelectuales y materiales para presentarlos ante la autoridad y se aplique lo establecido por la ley para sancionar estas acciones ilegales.<\/p>\n<p>Las personas, hayan votado o no por las autoridades vigentes, todas esperan que ellas cumplan con sus funciones y en realidad sean \u00fatiles para la sociedad, a fin de resolverle sus problemas y no intenten justificar su incapacidad en versiones dif\u00edciles de comprender.<\/p>\n","protected":false},"excerpt":{"rendered":"<p>&nbsp; Gato de Barrio gatodebarrio@yahoo.com.mx Las semanas anteriores fueron las marchas y manifestaciones por los desaparecidos de Ayotzinapa, por el 2 de octubre, de las mujeres por el derecho a decidir sobre su cuerpo, la cuales se vieron afectadas por los actos violentos de los autodenominados anarquistas, y ahora correspondi\u00f3 a los taxistas protestar para [&hellip;]<\/p>\n","protected":false},"author":3,"featured_media":34477,"comment_status":"open","ping_status":"open","sticky":false,"template":"","format":"standard","meta":{"footnotes":""},"categories":[23,16,9150],"tags":[15623,6315,11389],"class_list":{"0":"post-34476","1":"post","2":"type-post","3":"status-publish","4":"format-standard","5":"has-post-thumbnail","7":"category-columna","8":"category-foto","9":"category-politica","10":"tag-bloqueos-de-taxistas","11":"tag-gato-de-barrio","12":"tag-maullidos-urbanos"},"wps_subtitle":"","_links":{"self":[{"href":"https:\/\/www.porlalibreedomex.com\/index.php?rest_route=\/wp\/v2\/posts\/34476","targetHints":{"allow":["GET"]}}],"collection":[{"href":"https:\/\/www.porlalibreedomex.com\/index.php?rest_route=\/wp\/v2\/posts"}],"about":[{"href":"https:\/\/www.porlalibreedomex.com\/index.php?rest_route=\/wp\/v2\/types\/post"}],"author":[{"embeddable":true,"href":"https:\/\/www.porlalibreedomex.com\/index.php?rest_route=\/wp\/v2\/users\/3"}],"replies":[{"embeddable":true,"href":"https:\/\/www.porlalibreedomex.com\/index.php?rest_route=%2Fwp%2Fv2%2Fcomments&post=34476"}],"version-history":[{"count":1,"href":"https:\/\/www.porlalibreedomex.com\/index.php?rest_route=\/wp\/v2\/posts\/34476\/revisions"}],"predecessor-version":[{"id":34478,"href":"https:\/\/www.porlalibreedomex.com\/index.php?rest_route=\/wp\/v2\/posts\/34476\/revisions\/34478"}],"wp:featuredmedia":[{"embeddable":true,"href":"https:\/\/www.porlalibreedomex.com\/index.php?rest_route=\/wp\/v2\/media\/34477"}],"wp:attachment":[{"href":"https:\/\/www.porlalibreedomex.com\/index.php?rest_route=%2Fwp%2Fv2%2Fmedia&parent=34476"}],"wp:term":[{"taxonomy":"category","embeddable":true,"href":"https:\/\/www.porlalibreedomex.com\/index.php?rest_route=%2Fwp%2Fv2%2Fcategories&post=34476"},{"taxonomy":"post_tag","embeddable":true,"href":"https:\/\/www.porlalibreedomex.com\/index.php?rest_route=%2Fwp%2Fv2%2Ftags&post=34476"}],"curies":[{"name":"wp","href":"https:\/\/api.w.org\/{rel}","templated":true}]}}