{"id":34453,"date":"2019-10-07T23:41:26","date_gmt":"2019-10-08T04:41:26","guid":{"rendered":"https:\/\/www.porlalibreedomex.com\/?p=34453"},"modified":"2019-10-07T23:41:26","modified_gmt":"2019-10-08T04:41:26","slug":"miguel-leon-portilla-impulsor-de-la-literatura-indigena-contemporanea","status":"publish","type":"post","link":"https:\/\/www.porlalibreedomex.com\/?p=34453","title":{"rendered":"Miguel Le\u00f3n-Portilla, impulsor de la literatura ind\u00edgena contempor\u00e1nea"},"content":{"rendered":"<p align=\"right\"><span lang=\"ES-MX\">\u00a0<u><\/u><\/span><b><span lang=\"ES-MX\"><u><\/u>\u00a0<u><\/u><\/span><\/b><\/p>\n<ul>\n<li><i><span lang=\"ES-TRAD\">La cultiv\u00f3 y fue parte de la creaci\u00f3n de la Casa de los Escritores en Lenguas Ind\u00edgenas.<\/span><\/i><b><i><\/i><\/b><\/li>\n<\/ul>\n<p><b><span lang=\"ES-TRAD\"><u><\/u>\u00a0<u><\/u><\/span><\/b><\/p>\n<p><b><span lang=\"ES-MX\">Toluca, M\u00e9x. \u2013 07 de octubre de 2019.\u00a0<\/span><\/b><span lang=\"ES-MX\">Miguel Le\u00f3n-Portilla defendi\u00f3 la autonom\u00eda de los pueblos ind\u00edgenas y a lo largo de sus obras mostr\u00f3 que las culturas mesoamericanas tuvieron una cosmovisi\u00f3n \u00fanica, afirm\u00f3 el egresado de la Facultad de Humanidades de la Universidad Aut\u00f3noma del Estado de M\u00e9xico, Raymundo C\u00e9sar Mart\u00ednez Garc\u00eda.<\/span><\/p>\n<p><span lang=\"ES-MX\">Al participar en el conversatorio que, en el marco de la quinta edici\u00f3n de la Feria Internacional del Libro Estado de M\u00e9xico (FILEM), se llev\u00f3 a cabo con motivo del homenaje nacional que se realiz\u00f3 a Miguel Le\u00f3n-Portilla, el universitario subray\u00f3 que se trat\u00f3 de un investigador con gran solidez y enorme sabidur\u00eda.<\/span><\/p>\n<p><span lang=\"ES-MX\">En el Centro Cultural Toluca, el tambi\u00e9n investigador y acad\u00e9mico del Colegio Mexiquense destac\u00f3 que el miembro del Colegio Nacional fue un conocedor profundo del n\u00e1huatl, as\u00ed como un analista agudo de c\u00f3dices prehisp\u00e1nicos y de la literatura de los antiguos mexicanos.<\/span><\/p>\n<p><span lang=\"ES-MX\">Del mismo modo, detall\u00f3 que Le\u00f3n-Portilla public\u00f3 alrededor de cien libros y m\u00e1s de 800 textos en revistas y notas period\u00edsticas; adem\u00e1s, imparti\u00f3 m\u00e1s de cien conferencias alrededor del mundo. \u201cSu labor de difusi\u00f3n fue notable\u201d.<\/span><\/p>\n<p><span lang=\"ES-MX\">Mart\u00ednez Garc\u00eda refiri\u00f3 que el profesor em\u00e9rito por la Universidad Nacional Aut\u00f3noma de M\u00e9xico fue impulsor de la literatura ind\u00edgena contempor\u00e1nea, la cultiv\u00f3 y fue parte de la creaci\u00f3n de la Casa de los Escritores en Lenguas Ind\u00edgenas. \u201cEra un artista, ten\u00eda muy buena pluma y fue un literato al incursionar en la poes\u00eda\u201d.<\/span><\/p>\n<p><span lang=\"ES-MX\">Enfatiz\u00f3 que en el Seminario de Cultura N\u00e1huatl que impart\u00eda Le\u00f3n-Portilla en la UNAM tomaron clase numerosos estudiantes que se han vuelto un referente dentro de los estudios de las culturas mesoamericanas como Alfredo L\u00f3pez Austin, Beatriz de la Fuente, Mercedes de la Garza, Patrick Johansson, entre otros.<\/span><\/p>\n<p><span lang=\"ES-MX\">Por su parte, el editor de la editorial Amaquemecan, Juan Jos\u00e9 Salazar Embarcadero, puntualiz\u00f3 que el homenajeado recibi\u00f3 30 doctorados honoris causa por diversas universidades alrededor del mundo, entre ellas, la UAEM.<\/span><\/p>\n<p><span lang=\"ES-MX\">Mencion\u00f3 que Miguel Le\u00f3n-Portilla tuvo grandes v\u00ednculos con el Estado de M\u00e9xico y, en particular, con el Valle de Toluca. En primera instancia, por su maestro, \u00c1ngel Mar\u00eda Garibay Quintana, oriundo del Estado de M\u00e9xico, y porque su abuela materna naci\u00f3 en la capital del estado.<\/span><\/p>\n<p><span lang=\"ES-MX\"><u><\/u>\u00a0<u><\/u><\/span><\/p>\n<p><span lang=\"ES-MX\"><u><\/u>\u00a0<\/span><\/p>\n<p>&nbsp;<\/p>\n","protected":false},"excerpt":{"rendered":"<p>\u00a0\u00a0 La cultiv\u00f3 y fue parte de la creaci\u00f3n de la Casa de los Escritores en Lenguas Ind\u00edgenas. \u00a0 Toluca, M\u00e9x. \u2013 07 de octubre de 2019.\u00a0Miguel Le\u00f3n-Portilla defendi\u00f3 la autonom\u00eda de los pueblos ind\u00edgenas y a lo largo de sus obras mostr\u00f3 que las culturas mesoamericanas tuvieron una cosmovisi\u00f3n \u00fanica, afirm\u00f3 el egresado de [&hellip;]<\/p>\n","protected":false},"author":3,"featured_media":34454,"comment_status":"open","ping_status":"open","sticky":false,"template":"","format":"standard","meta":{"footnotes":""},"categories":[9873,16],"tags":[3084,7213,15617],"class_list":{"0":"post-34453","1":"post","2":"type-post","3":"status-publish","4":"format-standard","5":"has-post-thumbnail","7":"category-cultura","8":"category-foto","9":"tag-lenguas-indigenas","10":"tag-miguel-leon-portilla","11":"tag-seminario-de-cultura-nahuatl"},"wps_subtitle":"","_links":{"self":[{"href":"https:\/\/www.porlalibreedomex.com\/index.php?rest_route=\/wp\/v2\/posts\/34453","targetHints":{"allow":["GET"]}}],"collection":[{"href":"https:\/\/www.porlalibreedomex.com\/index.php?rest_route=\/wp\/v2\/posts"}],"about":[{"href":"https:\/\/www.porlalibreedomex.com\/index.php?rest_route=\/wp\/v2\/types\/post"}],"author":[{"embeddable":true,"href":"https:\/\/www.porlalibreedomex.com\/index.php?rest_route=\/wp\/v2\/users\/3"}],"replies":[{"embeddable":true,"href":"https:\/\/www.porlalibreedomex.com\/index.php?rest_route=%2Fwp%2Fv2%2Fcomments&post=34453"}],"version-history":[{"count":1,"href":"https:\/\/www.porlalibreedomex.com\/index.php?rest_route=\/wp\/v2\/posts\/34453\/revisions"}],"predecessor-version":[{"id":34455,"href":"https:\/\/www.porlalibreedomex.com\/index.php?rest_route=\/wp\/v2\/posts\/34453\/revisions\/34455"}],"wp:featuredmedia":[{"embeddable":true,"href":"https:\/\/www.porlalibreedomex.com\/index.php?rest_route=\/wp\/v2\/media\/34454"}],"wp:attachment":[{"href":"https:\/\/www.porlalibreedomex.com\/index.php?rest_route=%2Fwp%2Fv2%2Fmedia&parent=34453"}],"wp:term":[{"taxonomy":"category","embeddable":true,"href":"https:\/\/www.porlalibreedomex.com\/index.php?rest_route=%2Fwp%2Fv2%2Fcategories&post=34453"},{"taxonomy":"post_tag","embeddable":true,"href":"https:\/\/www.porlalibreedomex.com\/index.php?rest_route=%2Fwp%2Fv2%2Ftags&post=34453"}],"curies":[{"name":"wp","href":"https:\/\/api.w.org\/{rel}","templated":true}]}}