{"id":34421,"date":"2019-10-06T18:28:26","date_gmt":"2019-10-06T23:28:26","guid":{"rendered":"https:\/\/www.porlalibreedomex.com\/?p=34421"},"modified":"2019-10-06T18:29:36","modified_gmt":"2019-10-06T23:29:36","slug":"se-intensificara-la-vigilancia-en-los-parques-de-toluca-informa-seguridad-publica-municipal","status":"publish","type":"post","link":"https:\/\/www.porlalibreedomex.com\/?p=34421","title":{"rendered":"SE INTENSIFICAR\u00c1 LA VIGILANCIA EN LOS PARQUES DE TOLUCA, INFORMA SEGURIDAD P\u00daBLICA MUNICIPAL"},"content":{"rendered":"<p>Derivado del llamado de auxilio de una ciudadana a la que le hab\u00edan robado su celular de su autom\u00f3vil, elementos de la Direcci\u00f3n General de Seguridad P\u00fablica iniciaron una persecuci\u00f3n tras los dos presuntos responsables, a los que se les dio alcance encontrando el dispositivo reportado, motivo por el cual fueron puestos disposici\u00f3n de la Fiscal\u00eda General de Justicia.<\/p>\n<p><a href=\"https:\/\/www.porlalibreedomex.com\/wp-content\/uploads\/2019\/10\/WhatsApp-Image-2019-10-05-at-14.07.26.jpeg\"><img loading=\"lazy\" decoding=\"async\" class=\"aligncenter size-full wp-image-34422\" src=\"https:\/\/www.porlalibreedomex.com\/wp-content\/uploads\/2019\/10\/WhatsApp-Image-2019-10-05-at-14.07.26.jpeg\" alt=\"\" width=\"1125\" height=\"1125\" srcset=\"https:\/\/www.porlalibreedomex.com\/wp-content\/uploads\/2019\/10\/WhatsApp-Image-2019-10-05-at-14.07.26.jpeg 1125w, https:\/\/www.porlalibreedomex.com\/wp-content\/uploads\/2019\/10\/WhatsApp-Image-2019-10-05-at-14.07.26-150x150.jpeg 150w, https:\/\/www.porlalibreedomex.com\/wp-content\/uploads\/2019\/10\/WhatsApp-Image-2019-10-05-at-14.07.26-300x300.jpeg 300w, https:\/\/www.porlalibreedomex.com\/wp-content\/uploads\/2019\/10\/WhatsApp-Image-2019-10-05-at-14.07.26-768x768.jpeg 768w, https:\/\/www.porlalibreedomex.com\/wp-content\/uploads\/2019\/10\/WhatsApp-Image-2019-10-05-at-14.07.26-1024x1024.jpeg 1024w\" sizes=\"auto, (max-width: 1125px) 100vw, 1125px\" \/><\/a><\/p>\n","protected":false},"excerpt":{"rendered":"<p>Derivado del llamado de auxilio de una ciudadana a la que le hab\u00edan robado su celular de su autom\u00f3vil, elementos de la Direcci\u00f3n General de Seguridad P\u00fablica iniciaron una persecuci\u00f3n tras los dos presuntos responsables, a los que se les dio alcance encontrando el dispositivo reportado, motivo por el cual fueron puestos disposici\u00f3n de la [&hellip;]<\/p>\n","protected":false},"author":3,"featured_media":34423,"comment_status":"open","ping_status":"open","sticky":false,"template":"","format":"standard","meta":{"footnotes":""},"categories":[16,9149],"tags":[15608,15606,15607,15609],"class_list":{"0":"post-34421","1":"post","2":"type-post","3":"status-publish","4":"format-standard","5":"has-post-thumbnail","7":"category-foto","8":"category-policiaca","9":"tag-policia-municipal-captura","10":"tag-raterillos-atrapados","11":"tag-rateros-en-alameda-2000","12":"tag-toluca-policias"},"wps_subtitle":"Detenidos dos hamponcetes dedicados al robo en el interior de autos en Alameda 2000","_links":{"self":[{"href":"https:\/\/www.porlalibreedomex.com\/index.php?rest_route=\/wp\/v2\/posts\/34421","targetHints":{"allow":["GET"]}}],"collection":[{"href":"https:\/\/www.porlalibreedomex.com\/index.php?rest_route=\/wp\/v2\/posts"}],"about":[{"href":"https:\/\/www.porlalibreedomex.com\/index.php?rest_route=\/wp\/v2\/types\/post"}],"author":[{"embeddable":true,"href":"https:\/\/www.porlalibreedomex.com\/index.php?rest_route=\/wp\/v2\/users\/3"}],"replies":[{"embeddable":true,"href":"https:\/\/www.porlalibreedomex.com\/index.php?rest_route=%2Fwp%2Fv2%2Fcomments&post=34421"}],"version-history":[{"count":1,"href":"https:\/\/www.porlalibreedomex.com\/index.php?rest_route=\/wp\/v2\/posts\/34421\/revisions"}],"predecessor-version":[{"id":34424,"href":"https:\/\/www.porlalibreedomex.com\/index.php?rest_route=\/wp\/v2\/posts\/34421\/revisions\/34424"}],"wp:featuredmedia":[{"embeddable":true,"href":"https:\/\/www.porlalibreedomex.com\/index.php?rest_route=\/wp\/v2\/media\/34423"}],"wp:attachment":[{"href":"https:\/\/www.porlalibreedomex.com\/index.php?rest_route=%2Fwp%2Fv2%2Fmedia&parent=34421"}],"wp:term":[{"taxonomy":"category","embeddable":true,"href":"https:\/\/www.porlalibreedomex.com\/index.php?rest_route=%2Fwp%2Fv2%2Fcategories&post=34421"},{"taxonomy":"post_tag","embeddable":true,"href":"https:\/\/www.porlalibreedomex.com\/index.php?rest_route=%2Fwp%2Fv2%2Ftags&post=34421"}],"curies":[{"name":"wp","href":"https:\/\/api.w.org\/{rel}","templated":true}]}}