{"id":34394,"date":"2019-10-05T00:45:52","date_gmt":"2019-10-05T05:45:52","guid":{"rendered":"https:\/\/www.porlalibreedomex.com\/?p=34394"},"modified":"2019-10-06T00:46:25","modified_gmt":"2019-10-06T05:46:25","slug":"amplio-trabajo-de-la-secretaria-de-salud-del-estado-de-mexico-para-la-inclusion-social","status":"publish","type":"post","link":"https:\/\/www.porlalibreedomex.com\/?p=34394","title":{"rendered":"AMPLIO TRABAJO DE LA SECRETAR\u00cdA DE SALUD DEL ESTADO DE M\u00c9XICO PARA LA INCLUSI\u00d3N SOCIAL"},"content":{"rendered":"<p><u><\/u>\u00a0<u><\/u><\/p>\n<ul>\n<li><i>Promocionan los servicios del Centro Estatal de Rehabilitaci\u00f3n y Educaci\u00f3n Especial (CEREE) y el Hospital Mexiquense de la Salud Visual, del ISEM.<\/i><\/li>\n<\/ul>\n<p><u><\/u>\u00a0<u><\/u><\/p>\n<p><b>Toluca, Estado de M\u00e9xico, 05 de octubre de 2019.<\/b>\u00a0Para proteger los derechos de las personas con discapacidad, la Secretar\u00eda de Salud del Estado de M\u00e9xico, promueve la inclusi\u00f3n social por medio de capacitaciones, talleres y convenios con empresas, instituciones educativas y organismos gubernamentales.<\/p>\n<p><u><\/u>\u00a0<u><\/u>En el marco de la <strong>Capacitaci\u00f3n por un estado incluyente y sin barreras, organizada por el Instituto Mexiquense para la Protecci\u00f3n e Integraci\u00f3n al Desarrollo de las Personas con Discapacidad<\/strong>, la dependencia se\u00f1al\u00f3 que este a\u00f1o, ha realizado 68 actividades en beneficio de m\u00e1s de dos mil 200 personas con capacidades diferentes y ha visitado 32 municipios de la entidad.<\/p>\n<p><u><a href=\"https:\/\/www.porlalibreedomex.com\/wp-content\/uploads\/2019\/10\/Inclusi\u00f3n-1.jpeg\"><img loading=\"lazy\" decoding=\"async\" class=\"aligncenter size-large wp-image-34396\" src=\"https:\/\/www.porlalibreedomex.com\/wp-content\/uploads\/2019\/10\/Inclusi\u00f3n-1-1024x682.jpeg\" alt=\"\" width=\"800\" height=\"533\" srcset=\"https:\/\/www.porlalibreedomex.com\/wp-content\/uploads\/2019\/10\/Inclusi\u00f3n-1-1024x682.jpeg 1024w, https:\/\/www.porlalibreedomex.com\/wp-content\/uploads\/2019\/10\/Inclusi\u00f3n-1-300x200.jpeg 300w, https:\/\/www.porlalibreedomex.com\/wp-content\/uploads\/2019\/10\/Inclusi\u00f3n-1-768x511.jpeg 768w, https:\/\/www.porlalibreedomex.com\/wp-content\/uploads\/2019\/10\/Inclusi\u00f3n-1.jpeg 1280w\" sizes=\"auto, (max-width: 800px) 100vw, 800px\" \/><\/a><\/u>Esto permite difundir temas de integraci\u00f3n, trato digno, autonom\u00eda, desarrollo y propiciar que este grupo vulnerable tenga oportunidades de trabajo, con ambientes de respeto, compromiso y apoyo mutuo.<\/p>\n<p><u><\/u>\u00a0<u><\/u>Adem\u00e1s, se promocionan los servicios gratuitos del Centro Estatal de Rehabilitaci\u00f3n y Educaci\u00f3n Especial (CEREE), ubicado en Toluca, y del Centro Especializado de Atenci\u00f3n a Personas con Discapacidad Visual, en Naucalpan, ambos del Instituto de Salud del Estado de M\u00e9xico (ISEM).<\/p>\n<p><a href=\"https:\/\/www.porlalibreedomex.com\/wp-content\/uploads\/2019\/10\/Inclusi\u00f3n-2.jpeg\"><img loading=\"lazy\" decoding=\"async\" class=\"aligncenter size-large wp-image-34397\" src=\"https:\/\/www.porlalibreedomex.com\/wp-content\/uploads\/2019\/10\/Inclusi\u00f3n-2-1024x680.jpeg\" alt=\"\" width=\"800\" height=\"531\" srcset=\"https:\/\/www.porlalibreedomex.com\/wp-content\/uploads\/2019\/10\/Inclusi\u00f3n-2.jpeg 1024w, https:\/\/www.porlalibreedomex.com\/wp-content\/uploads\/2019\/10\/Inclusi\u00f3n-2-300x199.jpeg 300w, https:\/\/www.porlalibreedomex.com\/wp-content\/uploads\/2019\/10\/Inclusi\u00f3n-2-768x510.jpeg 768w\" sizes=\"auto, (max-width: 800px) 100vw, 800px\" \/><\/a><\/p>\n<p><u><\/u>\u00a0<u><\/u>Aunado a estas acciones, se coadyuva en la convocatoria para adquirir el Distintivo Empresa Incluyente \u00abGilberto Rinc\u00f3n Gallardo\u00bb, que permite acceder a espacios de trabajo con responsabilidad social, motivaci\u00f3n e igualdad de oportunidades.<\/p>\n<p><u><\/u>\u00a0<u><\/u>Entre otras tareas a favor de las y los discapacitados, se encuentra la de verificar \u00e1reas de accesibilidad y movilidad de espacios p\u00fablicos, transporte, trabajo y escuelas.<\/p>\n<p><u><\/u>\u00a0<u><\/u>Es de referir que se cuenta con un Consejo Consultivo compuesto por representantes de organismos civiles, acad\u00e9micos y expertos en gesti\u00f3n de apoyos a personas con discapacidad, a fin de prevenir discriminaci\u00f3n y exclusi\u00f3n laboral.<\/p>\n","protected":false},"excerpt":{"rendered":"<p>\u00a0 Promocionan los servicios del Centro Estatal de Rehabilitaci\u00f3n y Educaci\u00f3n Especial (CEREE) y el Hospital Mexiquense de la Salud Visual, del ISEM. \u00a0 Toluca, Estado de M\u00e9xico, 05 de octubre de 2019.\u00a0Para proteger los derechos de las personas con discapacidad, la Secretar\u00eda de Salud del Estado de M\u00e9xico, promueve la inclusi\u00f3n social por medio [&hellip;]<\/p>\n","protected":false},"author":3,"featured_media":34395,"comment_status":"open","ping_status":"open","sticky":false,"template":"","format":"standard","meta":{"footnotes":""},"categories":[9157,16,9209],"tags":[15594,15591,15590,15593,15592],"class_list":{"0":"post-34394","1":"post","2":"type-post","3":"status-publish","4":"format-standard","5":"has-post-thumbnail","7":"category-edomex","8":"category-foto","9":"category-salud","10":"tag-edomex-sin-barreras","11":"tag-inclusion-discapacitados","12":"tag-inclusion-social-edomex","13":"tag-presea-gilberto-rincon-gallardo","14":"tag-secretaria-de-salud-inclusion"},"wps_subtitle":"Benefician este a\u00f1o a m\u00e1s de 2 mil 200 discapacitados de 32 municipios de la entidad","_links":{"self":[{"href":"https:\/\/www.porlalibreedomex.com\/index.php?rest_route=\/wp\/v2\/posts\/34394","targetHints":{"allow":["GET"]}}],"collection":[{"href":"https:\/\/www.porlalibreedomex.com\/index.php?rest_route=\/wp\/v2\/posts"}],"about":[{"href":"https:\/\/www.porlalibreedomex.com\/index.php?rest_route=\/wp\/v2\/types\/post"}],"author":[{"embeddable":true,"href":"https:\/\/www.porlalibreedomex.com\/index.php?rest_route=\/wp\/v2\/users\/3"}],"replies":[{"embeddable":true,"href":"https:\/\/www.porlalibreedomex.com\/index.php?rest_route=%2Fwp%2Fv2%2Fcomments&post=34394"}],"version-history":[{"count":1,"href":"https:\/\/www.porlalibreedomex.com\/index.php?rest_route=\/wp\/v2\/posts\/34394\/revisions"}],"predecessor-version":[{"id":34398,"href":"https:\/\/www.porlalibreedomex.com\/index.php?rest_route=\/wp\/v2\/posts\/34394\/revisions\/34398"}],"wp:featuredmedia":[{"embeddable":true,"href":"https:\/\/www.porlalibreedomex.com\/index.php?rest_route=\/wp\/v2\/media\/34395"}],"wp:attachment":[{"href":"https:\/\/www.porlalibreedomex.com\/index.php?rest_route=%2Fwp%2Fv2%2Fmedia&parent=34394"}],"wp:term":[{"taxonomy":"category","embeddable":true,"href":"https:\/\/www.porlalibreedomex.com\/index.php?rest_route=%2Fwp%2Fv2%2Fcategories&post=34394"},{"taxonomy":"post_tag","embeddable":true,"href":"https:\/\/www.porlalibreedomex.com\/index.php?rest_route=%2Fwp%2Fv2%2Ftags&post=34394"}],"curies":[{"name":"wp","href":"https:\/\/api.w.org\/{rel}","templated":true}]}}