{"id":33739,"date":"2019-09-09T13:17:19","date_gmt":"2019-09-09T18:17:19","guid":{"rendered":"https:\/\/www.porlalibreedomex.com\/?p=33739"},"modified":"2019-09-10T13:18:06","modified_gmt":"2019-09-10T18:18:06","slug":"trabajo-coordinado-edomex-gobierno-de-mexico-para-combatir-e-investigar-operaciones-financieras-ilicitas","status":"publish","type":"post","link":"https:\/\/www.porlalibreedomex.com\/?p=33739","title":{"rendered":"TRABAJO COORDINADO EDOM\u00c9X-GOBIERNO DE M\u00c9XICO, PARA COMBATIR E INVESTIGAR OPERACIONES FINANCIERAS IL\u00cdCITAS"},"content":{"rendered":"<p>&nbsp;<\/p>\n<ul>\n<li><em><strong>Firma Alfredo del Mazo convenio con la UIF para combatir acciones como el lavado de dinero, operaciones con recursos de procedencia il\u00edcita y actividades de financiamiento al terrorismo. <\/strong><\/em><\/li>\n<li><em><strong>Se\u00f1ala que el objetivo es promover, impulsar y fortalecer la justicia, la legalidad y el Estado de Derecho, mediante la transparencia y el combate a pr\u00e1cticas indebidas. <\/strong><\/em><\/li>\n<li><em><strong>Atestigua el gobernador firma de convenio entre la FGJEM y la UIF en este rubro.<\/strong><\/em><\/li>\n<\/ul>\n<p><strong>Toluca, Estado de M\u00e9xico, 9 de septiembre de 2019.<\/strong> El Gobernador Alfredo Del Mazo Maza se\u00f1al\u00f3 que su administraci\u00f3n trabaja de manera coordinada con el Gobierno de M\u00e9xico, para establecer mecanismos de coordinaci\u00f3n interinstitucionales para recopilar, sistematizar y analizar informaci\u00f3n, que permitan investigar operaciones financieras de procedencia il\u00edcita, as\u00ed como los movimientos relacionados con el financiamiento de las organizaciones delictivas.<\/p>\n<p>\u201cEl Estado de M\u00e9xico junto con el Gobierno de M\u00e9xico respondemos a estos desaf\u00edos y refrendamos nuestro compromiso con la justicia, la seguridad, la modernizaci\u00f3n gubernamental, la transparencia y la rendici\u00f3n de cuentas en beneficio de las y los mexiquenses\u201d, afirm\u00f3.<\/p>\n<p>Como parte de estas acciones coordinadas, Alfredo Del Mazo y el titular de la Unidad de Inteligencia Financiera (UIF) de la Secretar\u00eda de Hacienda y Cr\u00e9dito P\u00fablico, Santiago Nieto Castillo, firmaron un convenio de colaboraci\u00f3n que tiene como finalidad combatir acciones como el lavado de dinero, operaciones con recursos de procedencia il\u00edcita, actividades de financiamiento al terrorismo, as\u00ed como hechos de corrupci\u00f3n contra el servicio p\u00fablico cometidos por servidores p\u00fablicos y particulares.<\/p>\n<p><a href=\"https:\/\/www.porlalibreedomex.com\/wp-content\/uploads\/2019\/09\/WhatsApp-Image-2019-09-09-at-16.59.41-1.jpeg\"><img loading=\"lazy\" decoding=\"async\" class=\"aligncenter size-full wp-image-33742\" src=\"https:\/\/www.porlalibreedomex.com\/wp-content\/uploads\/2019\/09\/WhatsApp-Image-2019-09-09-at-16.59.41-1.jpeg\" alt=\"\" width=\"1024\" height=\"680\" srcset=\"https:\/\/www.porlalibreedomex.com\/wp-content\/uploads\/2019\/09\/WhatsApp-Image-2019-09-09-at-16.59.41-1.jpeg 1024w, https:\/\/www.porlalibreedomex.com\/wp-content\/uploads\/2019\/09\/WhatsApp-Image-2019-09-09-at-16.59.41-1-300x199.jpeg 300w, https:\/\/www.porlalibreedomex.com\/wp-content\/uploads\/2019\/09\/WhatsApp-Image-2019-09-09-at-16.59.41-1-768x510.jpeg 768w\" sizes=\"auto, (max-width: 1024px) 100vw, 1024px\" \/><\/a><\/p>\n<p>Tambi\u00e9n establece las bases y los mecanismos de cooperaci\u00f3n para construir procesos de intercambio de informaci\u00f3n y documentaci\u00f3n, para contribuir al combate de las actividades il\u00edcitas que investiga esta unidad.<\/p>\n<p>Por tal motivo, el mandatario estatal sostuvo que el Gobierno mexiquense colaborar\u00e1 para proporcionar la informaci\u00f3n necesaria, conforme a las disposiciones legales aplicables en materia fiscal, registral y de seguridad.<\/p>\n<p><iframe loading=\"lazy\"  id=\"_ytid_65812\"  width=\"696\" height=\"522\"  data-origwidth=\"696\" data-origheight=\"522\" src=\"https:\/\/www.youtube.com\/embed\/o5AhdlnqqK0?enablejsapi=1&#038;autoplay=1&#038;cc_load_policy=0&#038;cc_lang_pref=&#038;iv_load_policy=1&#038;loop=0&#038;rel=1&#038;fs=1&#038;playsinline=0&#038;autohide=2&#038;theme=dark&#038;color=red&#038;controls=1&#038;disablekb=0&#038;\" class=\"__youtube_prefs__  epyt-is-override  no-lazyload\" title=\"YouTube player\"  allow=\"fullscreen; accelerometer; autoplay; clipboard-write; encrypted-media; gyroscope; picture-in-picture; web-share\" referrerpolicy=\"strict-origin-when-cross-origin\" allowfullscreen data-no-lazy=\"1\" data-skipgform_ajax_framebjll=\"\"><\/iframe><\/p>\n<p>\u201cCon este convenio fortalecemos nuestros trabajos en materia de combate a la delincuencia y de acuerdo con expertos en la materia, el lavado de dinero es un fen\u00f3meno delictivo complejo que requiere procesos espec\u00edficos para lograr su detecci\u00f3n, por ello, es necesario que, junto con el Gobierno de M\u00e9xico, sumemos esfuerzos y capacidades para identificarlo y perseguirlo.<\/p>\n<p>\u201cEl convenio de coordinaci\u00f3n que hoy suscribimos con la Unidad de Inteligencia Financiera fortalece la coordinaci\u00f3n entre ambos \u00f3rdenes de gobierno para identificar y dar seguimiento a operaciones con recursos que pudieran constituir o favorecer la comisi\u00f3n de delitos\u201d, manifest\u00f3.<\/p>\n<p>Del Mazo Maza destac\u00f3 que la UIF es la instituci\u00f3n encargada del an\u00e1lisis financiero y contable relacionado con la detecci\u00f3n, seguimiento y monitoreo de operaciones con recursos de procedencia il\u00edcita.<\/p>\n<p>Adem\u00e1s, promueve esquemas de coordinaci\u00f3n interinstitucional con autoridades estatales y federales, para el intercambio de informaci\u00f3n, y reiter\u00f3 el compromiso de la administraci\u00f3n estatal de trabajar de manera coordinada en este rubro, para atacar a la delincuencia, las actividades il\u00edcitas y la inseguridad.<\/p>\n<p>En este sentido, apunt\u00f3 que el Gobierno del Estado de M\u00e9xico trabaja de manera coordinada con el Gobierno de M\u00e9xico para combatir la inseguridad y violencia, con acciones como el Operativo Rastrillo que se realiz\u00f3 el pasado fin de semana en Chicoloapan, Ixtapaluca y Chimalhuac\u00e1n, donde se detuvieron a m\u00e1s de 94 personas.<\/p>\n<p>El titular del Ejecutivo estatal indic\u00f3 que estas acciones tienen como objetivo promover, impulsar y fortalecer la justicia, la legalidad y el Estado de Derecho, mediante la transparencia y el combate a pr\u00e1cticas indebidas, en todos los \u00e1mbitos de la vida p\u00fablica y privada.<\/p>\n<p>Destac\u00f3 que estudios de la Oficina de las Naciones Unidas contra la Droga y el Delito, se\u00f1alan que las operaciones con recursos de procedencia il\u00edcita son resultado de actividades como tr\u00e1fico de drogas, secuestro, extorsi\u00f3n, fraude, contrabando, robo de hidrocarburos, tr\u00e1fico de migrantes o trata de personas.<\/p>\n<p>En el Sal\u00f3n del Pueblo de Palacio de Gobierno, el mandatario estatal tambi\u00e9n atestigu\u00f3 la firma de convenio entre la Fiscal\u00eda General de Justicia del Estado de M\u00e9xico y la UIF, en este mismo rubro, por lo que reconoci\u00f3 al Fiscal Alejandro G\u00f3mez S\u00e1nchez, por sumarse a este esquema de colaboraci\u00f3n institucional, para fortalecer la gesti\u00f3n de informaci\u00f3n financiera que permita dar mejores resultados en contra de la delincuencia.<\/p>\n<p>Agreg\u00f3 que s\u00f3lo a trav\u00e9s de una coordinaci\u00f3n institucional s\u00f3lida y fluida se puede identificar con prontitud e investigar con resultados positivos, operaciones financieras de procedencia il\u00edcita.<\/p>\n<p>\u201cEl Gobierno del Estado de M\u00e9xico tiene el compromiso de promover, impulsar y fortalecer la justicia, la legalidad, y el Estado de Derecho, mediante la transparencia y el combate a pr\u00e1cticas indebidas, en todos los \u00e1mbitos de la vida p\u00fablica y privada\u201d, expres\u00f3.<\/p>\n<p><a href=\"https:\/\/www.porlalibreedomex.com\/wp-content\/uploads\/2019\/09\/WhatsApp-Image-2019-09-09-at-16.59.40-1.jpeg\"><img loading=\"lazy\" decoding=\"async\" class=\"aligncenter size-full wp-image-33745\" src=\"https:\/\/www.porlalibreedomex.com\/wp-content\/uploads\/2019\/09\/WhatsApp-Image-2019-09-09-at-16.59.40-1.jpeg\" alt=\"\" width=\"1024\" height=\"729\" srcset=\"https:\/\/www.porlalibreedomex.com\/wp-content\/uploads\/2019\/09\/WhatsApp-Image-2019-09-09-at-16.59.40-1.jpeg 1024w, https:\/\/www.porlalibreedomex.com\/wp-content\/uploads\/2019\/09\/WhatsApp-Image-2019-09-09-at-16.59.40-1-300x214.jpeg 300w, https:\/\/www.porlalibreedomex.com\/wp-content\/uploads\/2019\/09\/WhatsApp-Image-2019-09-09-at-16.59.40-1-768x547.jpeg 768w\" sizes=\"auto, (max-width: 1024px) 100vw, 1024px\" \/><\/a><\/p>\n<p>Por su parte, el titular de la UIF del Gobierno de M\u00e9xico, Santiago Nieto Castillo, reconoci\u00f3 el compromiso del Gobernador Alfredo Del Mazo Maza, para trabajar de la mano con el gobierno federal en esta materia.<\/p>\n<p>\u201cQuiero reconocer su compromiso y el apoyo que se ha presentado por parte del Gobernador del Estado de M\u00e9xico al Presidente de la Rep\u00fablica. Eso es en varios temas de repercusi\u00f3n nacional, pero que hablan de la madurez, de la civilidad pol\u00edtica y sobre todo del enorme compromiso del Gobierno de M\u00e9xico y del Gobierno del Estado de M\u00e9xico por mejorar los est\u00e1ndares de la vida de las poblaciones tanto de la ciudadan\u00eda mexicana como de la ciudadan\u00eda mexiquense en lo particular\u201d, puntualiz\u00f3.<\/p>\n<p>El Secretario de Finanzas del Estado de M\u00e9xico, Rodrigo Jarque Lira, se\u00f1al\u00f3 que el convenio signado permitir\u00e1 compartir informaci\u00f3n estrat\u00e9gica, experiencias y capacidad t\u00e9cnica de las organizaciones, lo que contribuir\u00e1 a mejorar el Estado de Derecho debido a que el aumento y mejora de informaci\u00f3n llevar\u00e1 a tomar mejores decisiones para identificar operaciones con recursos de procedencia il\u00edcita.<\/p>\n<p>En su intervenci\u00f3n el Fiscal General de Justicia del Estado de M\u00e9xico, Alejandro G\u00f3mez S\u00e1nchez, precis\u00f3 que la Unidad de Inteligencia Financiera proporcionar\u00e1 capacitaci\u00f3n a la Fiscal\u00eda en materia de an\u00e1lisis operativo y estrat\u00e9gico, con la finalidad de identificar recursos y bienes que pueden ser de extinci\u00f3n de dominio.<\/p>\n","protected":false},"excerpt":{"rendered":"<p>&nbsp; Firma Alfredo del Mazo convenio con la UIF para combatir acciones como el lavado de dinero, operaciones con recursos de procedencia il\u00edcita y actividades de financiamiento al terrorismo. Se\u00f1ala que el objetivo es promover, impulsar y fortalecer la justicia, la legalidad y el Estado de Derecho, mediante la transparencia y el combate a pr\u00e1cticas [&hellip;]<\/p>\n","protected":false},"author":3,"featured_media":33744,"comment_status":"open","ping_status":"open","sticky":false,"template":"","format":"standard","meta":{"footnotes":""},"categories":[16],"tags":[],"class_list":{"0":"post-33739","1":"post","2":"type-post","3":"status-publish","4":"format-standard","5":"has-post-thumbnail","7":"category-foto"},"wps_subtitle":"","_links":{"self":[{"href":"https:\/\/www.porlalibreedomex.com\/index.php?rest_route=\/wp\/v2\/posts\/33739","targetHints":{"allow":["GET"]}}],"collection":[{"href":"https:\/\/www.porlalibreedomex.com\/index.php?rest_route=\/wp\/v2\/posts"}],"about":[{"href":"https:\/\/www.porlalibreedomex.com\/index.php?rest_route=\/wp\/v2\/types\/post"}],"author":[{"embeddable":true,"href":"https:\/\/www.porlalibreedomex.com\/index.php?rest_route=\/wp\/v2\/users\/3"}],"replies":[{"embeddable":true,"href":"https:\/\/www.porlalibreedomex.com\/index.php?rest_route=%2Fwp%2Fv2%2Fcomments&post=33739"}],"version-history":[{"count":1,"href":"https:\/\/www.porlalibreedomex.com\/index.php?rest_route=\/wp\/v2\/posts\/33739\/revisions"}],"predecessor-version":[{"id":33746,"href":"https:\/\/www.porlalibreedomex.com\/index.php?rest_route=\/wp\/v2\/posts\/33739\/revisions\/33746"}],"wp:featuredmedia":[{"embeddable":true,"href":"https:\/\/www.porlalibreedomex.com\/index.php?rest_route=\/wp\/v2\/media\/33744"}],"wp:attachment":[{"href":"https:\/\/www.porlalibreedomex.com\/index.php?rest_route=%2Fwp%2Fv2%2Fmedia&parent=33739"}],"wp:term":[{"taxonomy":"category","embeddable":true,"href":"https:\/\/www.porlalibreedomex.com\/index.php?rest_route=%2Fwp%2Fv2%2Fcategories&post=33739"},{"taxonomy":"post_tag","embeddable":true,"href":"https:\/\/www.porlalibreedomex.com\/index.php?rest_route=%2Fwp%2Fv2%2Ftags&post=33739"}],"curies":[{"name":"wp","href":"https:\/\/api.w.org\/{rel}","templated":true}]}}