{"id":33732,"date":"2019-09-05T11:37:44","date_gmt":"2019-09-05T16:37:44","guid":{"rendered":"https:\/\/www.porlalibreedomex.com\/?p=33732"},"modified":"2019-09-09T11:38:06","modified_gmt":"2019-09-09T16:38:06","slug":"respeto-y-respaldo-a-la-fiscalia-general-de-justicia-del-estado-de-mexico","status":"publish","type":"post","link":"https:\/\/www.porlalibreedomex.com\/?p=33732","title":{"rendered":"RESPETO Y RESPALDO A LA FISCAL\u00cdA GENERAL DE JUSTICIA DEL ESTADO DE M\u00c9XICO"},"content":{"rendered":"<ul>\n<li style=\"font-weight: 400;\"><em>Por primera ocasi\u00f3n, desde hace muchos a\u00f1os, no se presentaba un trabajo tan cercano con autoridades federales y de la capital nacional, para hacer frente a la delincuencia de manera eficaz.<\/em><\/li>\n<li style=\"font-weight: 400;\"><em> Recibe Fiscal\u00eda General de Justicia del Edom\u00e9x, 900 uniformes t\u00e1cticos y equipo para lluvia, 23 veh\u00edculos tipo Sedan, 10 camionetas tipo Pick Up, cinco camionetas tipo Sub, cuatro unidades m\u00f3viles del Ministerio P\u00fablico, 115 armas cortas, 30 armas largas y 130 chalecos bal\u00edsticos.\u00a0<\/em><\/li>\n<li style=\"font-weight: 400;\"><em> Entregan Del Mazo Maza y el Fiscal, Alejandro G\u00f3mez S\u00e1nchez, est\u00edmulos econ\u00f3micos a personal operativo de la Fiscal\u00eda de Justicia estatal, que labora en diversas regiones de la entidad.<\/em><\/li>\n<\/ul>\n<p style=\"font-weight: 400;\"><strong>Toluca, Estado de M\u00e9xico, 5 de septiembre de 2019.<\/strong>\u00a0Al entregar equipo y est\u00edmulos al personal operativo de la Fiscal\u00eda General de Justicia del Estado de M\u00e9xico (FGJEM), el Gobernador Alfredo Del Mazo Maza destac\u00f3 que, por primera vez desde hace muchos a\u00f1os, el Gobierno estatal trabaja en estrecha colaboraci\u00f3n con la federaci\u00f3n, el Gobierno de la Ciudad de M\u00e9xico e instancias de la entidad mexiquense, como la Fiscal\u00eda de Justicia estatal, con la convicci\u00f3n de ofrecer mayor seguridad a los mexiquenses.<\/p>\n<p style=\"font-weight: 400;\">\u201cYa sea para fortalecer la seguridad en el transporte p\u00fablico, uno de los principales delitos que vivimos en el Estado de M\u00e9xico, ya sea para operativos espec\u00edficos o focalizados en detener bandas delictivas, ya sea en operativos que buscan combatir la violencia de g\u00e9nero, en todos los casos hemos trabajado de manera muy coordinada, tanto las instancias del Gobierno del estado, como la Fiscal\u00eda de Justicia del Estado de M\u00e9xico y las instancias federales.<\/p>\n<p style=\"font-weight: 400;\">\u201cA trav\u00e9s de la Guardia Nacional que implement\u00f3 el Gobierno de M\u00e9xico que nos permite trabajar, y yo dir\u00eda por primera vez, de manera muy coordinada, con el Gobierno federal, las instituciones del Gobierno del estado e incluso tambi\u00e9n, la Ciudad de M\u00e9xico\u201d, puntualiz\u00f3.<\/p>\n<p><a href=\"https:\/\/www.porlalibreedomex.com\/wp-content\/uploads\/2019\/09\/Est\u00edmulos-a-personal-destacado.-El-Fiscal-Alejandro-G\u00f3mez-y-el-Gobernador-ADM.jpg\"><img loading=\"lazy\" decoding=\"async\" class=\"aligncenter size-full wp-image-33735\" src=\"https:\/\/www.porlalibreedomex.com\/wp-content\/uploads\/2019\/09\/Est\u00edmulos-a-personal-destacado.-El-Fiscal-Alejandro-G\u00f3mez-y-el-Gobernador-ADM.jpg\" alt=\"\" width=\"2000\" height=\"1519\" srcset=\"https:\/\/www.porlalibreedomex.com\/wp-content\/uploads\/2019\/09\/Est\u00edmulos-a-personal-destacado.-El-Fiscal-Alejandro-G\u00f3mez-y-el-Gobernador-ADM.jpg 2000w, https:\/\/www.porlalibreedomex.com\/wp-content\/uploads\/2019\/09\/Est\u00edmulos-a-personal-destacado.-El-Fiscal-Alejandro-G\u00f3mez-y-el-Gobernador-ADM-300x228.jpg 300w, https:\/\/www.porlalibreedomex.com\/wp-content\/uploads\/2019\/09\/Est\u00edmulos-a-personal-destacado.-El-Fiscal-Alejandro-G\u00f3mez-y-el-Gobernador-ADM-768x583.jpg 768w, https:\/\/www.porlalibreedomex.com\/wp-content\/uploads\/2019\/09\/Est\u00edmulos-a-personal-destacado.-El-Fiscal-Alejandro-G\u00f3mez-y-el-Gobernador-ADM-1024x778.jpg 1024w\" sizes=\"auto, (max-width: 2000px) 100vw, 2000px\" \/><\/a><\/p>\n<p style=\"font-weight: 400;\">Del Mazo Maza recalc\u00f3 que desde hace tiempo no se daba una coordinaci\u00f3n tan cercana con los Gobiernos federal y de la capital del pa\u00eds, y refiri\u00f3 que hoy en d\u00eda estas tres instancias de Gobierno dise\u00f1an estrategias para enfrentar los retos que en materia de seguridad se tienen en el estado.<\/p>\n<p style=\"font-weight: 400;\">Como parte de este trabajo conjunto, Alfredo Del Mazo subray\u00f3 los operativos en el transporte p\u00fablico, los cuales van acompa\u00f1ados por una concientizaci\u00f3n con perspectiva de g\u00e9nero sobre el respeto a las mujeres, as\u00ed como fomentar y facilitar la denuncia de actos relacionados con la violencia de g\u00e9nero.<\/p>\n<p style=\"font-weight: 400;\">Acompa\u00f1ado por la Secretaria de Seguridad, Maribel Cervantes Guerrero, y por Rodrigo Espeleta Aladro, Secretario de Justicia y Derechos Humanos, el Gobernador Alfredo Del Mazo enfatiz\u00f3 que uno de los principales compromisos de su administraci\u00f3n es el fortalecimiento y la dignificaci\u00f3n de las polic\u00edas, de las instituciones de procuraci\u00f3n de justicia y del Ministerio P\u00fablico, a efecto de que se desempe\u00f1en con apego a derecho y salvaguardando la integridad de personas, familias y comunidades.<\/p>\n<p><a href=\"https:\/\/www.porlalibreedomex.com\/wp-content\/uploads\/2019\/09\/Equipo-para-la-FGJEM-a-la-medida-de-los-retos.jpg\"><img loading=\"lazy\" decoding=\"async\" class=\"aligncenter size-full wp-image-33734\" src=\"https:\/\/www.porlalibreedomex.com\/wp-content\/uploads\/2019\/09\/Equipo-para-la-FGJEM-a-la-medida-de-los-retos.jpg\" alt=\"\" width=\"2000\" height=\"1341\" srcset=\"https:\/\/www.porlalibreedomex.com\/wp-content\/uploads\/2019\/09\/Equipo-para-la-FGJEM-a-la-medida-de-los-retos.jpg 2000w, https:\/\/www.porlalibreedomex.com\/wp-content\/uploads\/2019\/09\/Equipo-para-la-FGJEM-a-la-medida-de-los-retos-300x201.jpg 300w, https:\/\/www.porlalibreedomex.com\/wp-content\/uploads\/2019\/09\/Equipo-para-la-FGJEM-a-la-medida-de-los-retos-768x515.jpg 768w, https:\/\/www.porlalibreedomex.com\/wp-content\/uploads\/2019\/09\/Equipo-para-la-FGJEM-a-la-medida-de-los-retos-1024x687.jpg 1024w\" sizes=\"auto, (max-width: 2000px) 100vw, 2000px\" \/><\/a><\/p>\n<p style=\"font-weight: 400;\">Asegur\u00f3 que al mejorar el equipamiento de esta dependencia y con la entrega de est\u00edmulos al personal operativo, se reconoce el trabajo de los servidores p\u00fablicos que integran la Fiscal\u00eda General de Justicia, as\u00ed como su dedicaci\u00f3n y la calidad de su trabajo, a la par de fortalecer sus condiciones laborales.<\/p>\n<p style=\"font-weight: 400;\">\u201cHemos hecho el mayor esfuerzo por darle las herramientas, los elementos y el apoyo necesario a esta Fiscal\u00eda, tanto por parte del Legislativo, como por parte del Ejecutivo, y lo seguiremos haciendo porque sabemos que tenemos todav\u00eda muchos retos por delante para poder dar mejores resultados.<\/p>\n<p style=\"font-weight: 400;\">\u201cEl d\u00eda de hoy venimos a reconocer a todo el personal. Tenemos plena confianza en esta instituci\u00f3n y seguiremos comprometi\u00e9ndonos para brindar las condiciones necesarias para seguir fortaleciendo a esta Fiscal\u00eda y que todos, trabajando de manera coordinada, podamos atender \u00e9ste, el principal reto que tiene el Estado de M\u00e9xico, que es la seguridad p\u00fablica\u201d, recalc\u00f3.<\/p>\n<p style=\"font-weight: 400;\">En presencia de los integrantes de la Comisi\u00f3n de Procuraci\u00f3n y Administraci\u00f3n de Justicia de la LX Legislatura local, el mandatario estatal refiri\u00f3 que la visi\u00f3n de la Fiscal\u00eda a favor de la igualdad de g\u00e9nero, ha permitido que las agencias especializadas en este delito atendieran en este a\u00f1o a m\u00e1s de 85 mil 740 personas, adem\u00e1s de abrir m\u00e1s de 20 mil 800 carpetas de investigaci\u00f3n y emitido m\u00e1s de 25 mil 600 medidas de protecci\u00f3n.<\/p>\n<p style=\"font-weight: 400;\">Dentro de \u00e9stas, precis\u00f3, se encuentran las sentencias m\u00e1s altas del pa\u00eds en castigar el feminicidio, incluyendo 25 por m\u00e1s de 40 a\u00f1os de prisi\u00f3n, 18 por m\u00e1s de 60 y una vitalicia, y que, en total, estas sentencias tuvieron un incremento de casi 28 por ciento y las \u00f3rdenes de aprehensi\u00f3n en delitos de alto impacto, aumentaron 27 por ciento.<\/p>\n<figure id=\"attachment_33736\" aria-describedby=\"caption-attachment-33736\" style=\"width: 2000px\" class=\"wp-caption aligncenter\"><a href=\"https:\/\/www.porlalibreedomex.com\/wp-content\/uploads\/2019\/09\/Todo-el-apoyo-al-combate-a-la-delincuencia.jpg\"><img loading=\"lazy\" decoding=\"async\" class=\"size-full wp-image-33736\" src=\"https:\/\/www.porlalibreedomex.com\/wp-content\/uploads\/2019\/09\/Todo-el-apoyo-al-combate-a-la-delincuencia.jpg\" alt=\"\" width=\"2000\" height=\"1251\" srcset=\"https:\/\/www.porlalibreedomex.com\/wp-content\/uploads\/2019\/09\/Todo-el-apoyo-al-combate-a-la-delincuencia.jpg 2000w, https:\/\/www.porlalibreedomex.com\/wp-content\/uploads\/2019\/09\/Todo-el-apoyo-al-combate-a-la-delincuencia-300x188.jpg 300w, https:\/\/www.porlalibreedomex.com\/wp-content\/uploads\/2019\/09\/Todo-el-apoyo-al-combate-a-la-delincuencia-768x480.jpg 768w, https:\/\/www.porlalibreedomex.com\/wp-content\/uploads\/2019\/09\/Todo-el-apoyo-al-combate-a-la-delincuencia-1024x641.jpg 1024w\" sizes=\"auto, (max-width: 2000px) 100vw, 2000px\" \/><\/a><figcaption id=\"caption-attachment-33736\" class=\"wp-caption-text\">Equipo del tama\u00f1o del reto, para Polic\u00eda Ministerial<\/figcaption><\/figure>\n<p style=\"font-weight: 400;\">Por ello, Alfredo Del Mazo reconoci\u00f3 la dedicaci\u00f3n del personal de esta instituci\u00f3n, que en su quehacer cotidiano demuestra su tenacidad y compromiso por ofrecer mayores condiciones de seguridad a la sociedad mexiquense.<\/p>\n<p style=\"font-weight: 400;\">\u201cLas mujeres y los hombres que forman parte de esta Fiscal\u00eda son actores protag\u00f3nicos del proyecto de renovaci\u00f3n y fortalecimiento de la justicia en el Estado de M\u00e9xico. Por ello, hoy reconocemos su trabajo tenaz, leal, comprometido y, en este prop\u00f3sito, hemos sido testigos de la labor realizada por esta Fiscal\u00eda que, junto con la Polic\u00eda del estado, son los pilares sobre los que construimos un estado m\u00e1s seguro.<\/p>\n<p style=\"font-weight: 400;\">\u201cAmbas trabajan en coordinaci\u00f3n estrecha y permanente, junto con los diversos \u00f3rdenes de Gobierno para disminuir los \u00edndices de impunidad para cimentar una relaci\u00f3n m\u00e1s cercana con la sociedad y ofrecerle seguridad y justicia y resultados\u201d, expres\u00f3.<\/p>\n<p style=\"font-weight: 400;\">El Fiscal Alejandro G\u00f3mez S\u00e1nchez reconoci\u00f3 a los diputados mexiquenses por respaldar la inversi\u00f3n de recursos para mejorar las investigaciones procesales, la infraestructura y el equipamiento, adem\u00e1s, especific\u00f3 que se entregaron 900 uniformes t\u00e1cticos y equipo para lluvia, 23 veh\u00edculos tipo Sedan, 10 camionetas tipo Pick Up, cinco camionetas tipo Suv, cuatro unidades m\u00f3viles del Ministerio P\u00fablico, 115 armas cortas, 30 armas largas y 130 chalecos bal\u00edsticos.<\/p>\n<p style=\"font-weight: 400;\">G\u00f3mez S\u00e1nchez inform\u00f3 que se requiri\u00f3 una inversi\u00f3n de poco m\u00e1s de 80 millones de pesos y resalt\u00f3 que en los \u00faltimos a\u00f1os se realizaron obras de infraestructura en esta instituci\u00f3n, con un monto cercano a los 500 millones de pesos, con el objeto de que la ciudadan\u00eda y el personal de la Fiscal\u00eda cuente con instalaciones dignas.<\/p>\n","protected":false},"excerpt":{"rendered":"<p>Por primera ocasi\u00f3n, desde hace muchos a\u00f1os, no se presentaba un trabajo tan cercano con autoridades federales y de la capital nacional, para hacer frente a la delincuencia de manera eficaz. Recibe Fiscal\u00eda General de Justicia del Edom\u00e9x, 900 uniformes t\u00e1cticos y equipo para lluvia, 23 veh\u00edculos tipo Sedan, 10 camionetas tipo Pick Up, cinco [&hellip;]<\/p>\n","protected":false},"author":3,"featured_media":33733,"comment_status":"open","ping_status":"open","sticky":false,"template":"","format":"standard","meta":{"footnotes":""},"categories":[9157,16,9149],"tags":[6232,15342,15343],"class_list":{"0":"post-33732","1":"post","2":"type-post","3":"status-publish","4":"format-standard","5":"has-post-thumbnail","7":"category-edomex","8":"category-foto","9":"category-policiaca","10":"tag-alfredo-del-mazo","11":"tag-equipamiento-a-la-fiscalia-edomex","12":"tag-refuerza-la-seguridad"},"wps_subtitle":"Entrega el Gobernador Alfredo del Mazo equipo a ministeriales para combatir la delincuencia","_links":{"self":[{"href":"https:\/\/www.porlalibreedomex.com\/index.php?rest_route=\/wp\/v2\/posts\/33732","targetHints":{"allow":["GET"]}}],"collection":[{"href":"https:\/\/www.porlalibreedomex.com\/index.php?rest_route=\/wp\/v2\/posts"}],"about":[{"href":"https:\/\/www.porlalibreedomex.com\/index.php?rest_route=\/wp\/v2\/types\/post"}],"author":[{"embeddable":true,"href":"https:\/\/www.porlalibreedomex.com\/index.php?rest_route=\/wp\/v2\/users\/3"}],"replies":[{"embeddable":true,"href":"https:\/\/www.porlalibreedomex.com\/index.php?rest_route=%2Fwp%2Fv2%2Fcomments&post=33732"}],"version-history":[{"count":2,"href":"https:\/\/www.porlalibreedomex.com\/index.php?rest_route=\/wp\/v2\/posts\/33732\/revisions"}],"predecessor-version":[{"id":33738,"href":"https:\/\/www.porlalibreedomex.com\/index.php?rest_route=\/wp\/v2\/posts\/33732\/revisions\/33738"}],"wp:featuredmedia":[{"embeddable":true,"href":"https:\/\/www.porlalibreedomex.com\/index.php?rest_route=\/wp\/v2\/media\/33733"}],"wp:attachment":[{"href":"https:\/\/www.porlalibreedomex.com\/index.php?rest_route=%2Fwp%2Fv2%2Fmedia&parent=33732"}],"wp:term":[{"taxonomy":"category","embeddable":true,"href":"https:\/\/www.porlalibreedomex.com\/index.php?rest_route=%2Fwp%2Fv2%2Fcategories&post=33732"},{"taxonomy":"post_tag","embeddable":true,"href":"https:\/\/www.porlalibreedomex.com\/index.php?rest_route=%2Fwp%2Fv2%2Ftags&post=33732"}],"curies":[{"name":"wp","href":"https:\/\/api.w.org\/{rel}","templated":true}]}}