{"id":33726,"date":"2019-09-08T11:15:33","date_gmt":"2019-09-08T16:15:33","guid":{"rendered":"https:\/\/www.porlalibreedomex.com\/?p=33726"},"modified":"2019-09-09T11:17:33","modified_gmt":"2019-09-09T16:17:33","slug":"cumplen-130-anos-las-escuelas-de-artes-y-oficios-del-edomex","status":"publish","type":"post","link":"https:\/\/www.porlalibreedomex.com\/?p=33726","title":{"rendered":"CUMPLEN 130 A\u00d1OS LAS ESCUELAS DE ARTES Y OFICIOS DEL EDOM\u00c9X"},"content":{"rendered":"<figure id=\"attachment_33728\" aria-describedby=\"caption-attachment-33728\" style=\"width: 1280px\" class=\"wp-caption aligncenter\"><a href=\"https:\/\/www.porlalibreedomex.com\/wp-content\/uploads\/2019\/09\/EDAYO-Atanasio-Serrano-Reconocimientos-EDAYO.jpg\"><img loading=\"lazy\" decoding=\"async\" class=\"size-full wp-image-33728\" src=\"https:\/\/www.porlalibreedomex.com\/wp-content\/uploads\/2019\/09\/EDAYO-Atanasio-Serrano-Reconocimientos-EDAYO.jpg\" alt=\"\" width=\"1280\" height=\"960\" srcset=\"https:\/\/www.porlalibreedomex.com\/wp-content\/uploads\/2019\/09\/EDAYO-Atanasio-Serrano-Reconocimientos-EDAYO.jpg 1280w, https:\/\/www.porlalibreedomex.com\/wp-content\/uploads\/2019\/09\/EDAYO-Atanasio-Serrano-Reconocimientos-EDAYO-300x225.jpg 300w, https:\/\/www.porlalibreedomex.com\/wp-content\/uploads\/2019\/09\/EDAYO-Atanasio-Serrano-Reconocimientos-EDAYO-768x576.jpg 768w, https:\/\/www.porlalibreedomex.com\/wp-content\/uploads\/2019\/09\/EDAYO-Atanasio-Serrano-Reconocimientos-EDAYO-1024x768.jpg 1024w\" sizes=\"auto, (max-width: 1280px) 100vw, 1280px\" \/><\/a><figcaption id=\"caption-attachment-33728\" class=\"wp-caption-text\">EDAYO 130 Aniversario. El Maestro en Derecho y distinguido egresado de la Escuela de Artes y Oficios, Atanasio Serrano, entreg\u00f3 tambi\u00e9n reconocimientos a los exalumnos. Atestigua el Director General de ICATI, Jaime Rebollo.\u00a0<\/figcaption><\/figure>\n<ul>\n<li><em>En el Estado de M\u00e9xico, la capacitaci\u00f3n ha hecho frente a los desaf\u00edos de los cambiantes mercados laborales, dijo la Secretaria del Trabajo, Martha Hilda Gonz\u00e1lez Calder\u00f3n.<\/em><\/li>\n<\/ul>\n<p>&nbsp;<\/p>\n<p><strong>Toluca, Estado de M\u00e9xico, 8 de septiembre de 2019.<\/strong> La administraci\u00f3n que encabeza el Gobernador Alfredo Del Mazo Maza ha puesto en marcha dos nuevos planteles de la Escuela de Artes y Oficios (EDAYO), en Apaxco y Axapusco, e impulsa el proceso de reingenier\u00eda de la capacitaci\u00f3n del organismo para atender las demandas de mano de obra altamente calificada que corresponden a la planta industrial ubicada en la entidad.<\/p>\n<p>En ese contexto, la Secretaria del Trabajo, Martha Hilda Gonz\u00e1lez Calder\u00f3n, asisti\u00f3 a la conmemoraci\u00f3n del 130 aniversario de la Escuela de Artes y Oficios (EDAYO).<\/p>\n<p>&nbsp;<\/p>\n<p>En presencia del Director General del Instituto de Capacitaci\u00f3n y Adiestramiento para el Trabajo Industrial (ICATI), Jaime Rebollo Hern\u00e1ndez, y la comunidad de ex edayenses, la funcionaria estatal destac\u00f3 que, en el Estado de M\u00e9xico, la capacitaci\u00f3n ha hecho frente a los desaf\u00edos de los cambiantes mercados laborales, gracias a que las autoridades han otorgado un lugar muy especial a la capacitaci\u00f3n, consolidando a las EDAYO a lo largo de este tiempo.<\/p>\n<p>Luego de entregar reconocimientos, refiri\u00f3 que se cuenta con 46 EDAYO y 17 Unidades de Capacitaci\u00f3n Externa (UCE), que hoy gozan de prestigio a nivel nacional, atendiendo a poco m\u00e1s de 150 mil mexiquenses, quienes demandan preparaci\u00f3n para y en el trabajo, cifra que prueba la confianza de la gente en las instituciones del Gobierno del Estado de M\u00e9xico.<\/p>\n<p>Por su parte, el Director General del ICATI, Jaime Rebollo Hern\u00e1ndez, destac\u00f3 que la capacitaci\u00f3n que se imparte en la EDAYO impulsa el bienestar de las personas.<\/p>\n<p>Celebr\u00f3 la uni\u00f3n que mantienen desde d\u00e9cadas los edayenses, que ha permitido preservar el sentido de identidad de esta instituci\u00f3n, que data de 1889.<\/p>\n<p>Rebollo Hern\u00e1ndez destac\u00f3 que las nuevas EDAYO forman parte de una estrategia de capacitaci\u00f3n que impulsa la actual administraci\u00f3n estatal, que ha puesto en operaci\u00f3n un Modelo Educativo de Capacitaci\u00f3n para el Trabajo (MECT),\u00a0 el cual incluye el crecimiento de la oferta de capacitaci\u00f3n cuyas \u00e1reas pasaron de 24 a 26, y una reorientaci\u00f3n de cursos conforme a las actividades econ\u00f3micas que se desarrollan en cada regi\u00f3n de la entidad.<\/p>\n<p>Por ejemplo, dijo, en las EDAYO de Cuautitl\u00e1n Izcalli, Ecatepec, Naucalpan y Tlalnepantla se desarrollar\u00e1n talleres relacionados con el sector industrial, atendiendo al n\u00famero de empresas asentadas en esos municipios.<\/p>\n<p>El evento fue realizado en una plaza comercial en la capital mexiquense, donde estuvo la primera Escuela de Artes y Oficios para Varones, creada por decreto el 11 de septiembre de 1889, bajo el mandato del Coronel Jos\u00e9 Vicente Villada. Gracias<\/p>\n","protected":false},"excerpt":{"rendered":"<p>En el Estado de M\u00e9xico, la capacitaci\u00f3n ha hecho frente a los desaf\u00edos de los cambiantes mercados laborales, dijo la Secretaria del Trabajo, Martha Hilda Gonz\u00e1lez Calder\u00f3n. &nbsp; Toluca, Estado de M\u00e9xico, 8 de septiembre de 2019. La administraci\u00f3n que encabeza el Gobernador Alfredo Del Mazo Maza ha puesto en marcha dos nuevos planteles de [&hellip;]<\/p>\n","protected":false},"author":3,"featured_media":33727,"comment_status":"open","ping_status":"open","sticky":false,"template":"","format":"standard","meta":{"footnotes":""},"categories":[9146,16,13786],"tags":[15341,15340,11171,3043],"class_list":{"0":"post-33726","1":"post","2":"type-post","3":"status-publish","4":"format-standard","5":"has-post-thumbnail","7":"category-economia","8":"category-foto","9":"category-gobierno","10":"tag-atanasio-serrano-edayo","11":"tag-edayo-130-anos","12":"tag-jaime-rebollo-director-de-icati","13":"tag-martha-hilda-gonzalez-calderon"},"wps_subtitle":"La capacitaci\u00f3n para el trabajo, y con beca, el programa m\u00e1s noble que existe","_links":{"self":[{"href":"https:\/\/www.porlalibreedomex.com\/index.php?rest_route=\/wp\/v2\/posts\/33726","targetHints":{"allow":["GET"]}}],"collection":[{"href":"https:\/\/www.porlalibreedomex.com\/index.php?rest_route=\/wp\/v2\/posts"}],"about":[{"href":"https:\/\/www.porlalibreedomex.com\/index.php?rest_route=\/wp\/v2\/types\/post"}],"author":[{"embeddable":true,"href":"https:\/\/www.porlalibreedomex.com\/index.php?rest_route=\/wp\/v2\/users\/3"}],"replies":[{"embeddable":true,"href":"https:\/\/www.porlalibreedomex.com\/index.php?rest_route=%2Fwp%2Fv2%2Fcomments&post=33726"}],"version-history":[{"count":3,"href":"https:\/\/www.porlalibreedomex.com\/index.php?rest_route=\/wp\/v2\/posts\/33726\/revisions"}],"predecessor-version":[{"id":33731,"href":"https:\/\/www.porlalibreedomex.com\/index.php?rest_route=\/wp\/v2\/posts\/33726\/revisions\/33731"}],"wp:featuredmedia":[{"embeddable":true,"href":"https:\/\/www.porlalibreedomex.com\/index.php?rest_route=\/wp\/v2\/media\/33727"}],"wp:attachment":[{"href":"https:\/\/www.porlalibreedomex.com\/index.php?rest_route=%2Fwp%2Fv2%2Fmedia&parent=33726"}],"wp:term":[{"taxonomy":"category","embeddable":true,"href":"https:\/\/www.porlalibreedomex.com\/index.php?rest_route=%2Fwp%2Fv2%2Fcategories&post=33726"},{"taxonomy":"post_tag","embeddable":true,"href":"https:\/\/www.porlalibreedomex.com\/index.php?rest_route=%2Fwp%2Fv2%2Ftags&post=33726"}],"curies":[{"name":"wp","href":"https:\/\/api.w.org\/{rel}","templated":true}]}}