{"id":33722,"date":"2019-09-07T02:47:53","date_gmt":"2019-09-07T07:47:53","guid":{"rendered":"https:\/\/www.porlalibreedomex.com\/?p=33722"},"modified":"2019-09-07T02:49:58","modified_gmt":"2019-09-07T07:49:58","slug":"sin-estridencias-el-pri-en-el-estado-de-mexico-sigue-su-marcha-alejandra-del-moral","status":"publish","type":"post","link":"https:\/\/www.porlalibreedomex.com\/?p=33722","title":{"rendered":"SIN ESTRIDENCIAS, EL PRI EN EL ESTADO DE M\u00c9XICO SIGUE SU MARCHA: ALEJANDRA DEL MORAL\u00a0"},"content":{"rendered":"<p>&nbsp;<\/p>\n<ul>\n<li><em>El PRI es una instituci\u00f3n que est\u00e1 por encima de las personas, de las personalidades y de los carismas, se\u00f1al\u00f3.<\/em><\/li>\n<li><em>Tom\u00f3 protesta a los Consejos Pol\u00edticos Municipales, Comit\u00e9s Seccionales y Comit\u00e9s Municipales de Timilpan y Jilotepec, para el periodo 2019-2022.<\/em><\/li>\n<\/ul>\n<p>&nbsp;<\/p>\n<p><strong>Jilotepec, M\u00e9xico, 6 de septiembre de 2019.<\/strong> Al encabezar la toma de protesta de los Consejos Pol\u00edticos Municipales, Comit\u00e9s Seccionales y Comit\u00e9s Municipales de Timilpan y Jilotepec, para el periodo 2019-2022, Alejandra Del Moral Vela, dirigente estatal del Partido Revolucionario Institucional (PRI), asegur\u00f3 que \u201csin estridencias, con paciencia y con prudencia, el PRI en el Estado de M\u00e9xico sigue su marcha\u201d.<\/p>\n<p>El PRI, afirm\u00f3, es una instituci\u00f3n que est\u00e1 por encima de las personas, de las personalidades y de los carismas; \u201ces una instituci\u00f3n de profundas ra\u00edces en el pueblo de M\u00e9xico; es el partido que mejor refleja nuestra idiosincrasia como mexicanos y como mexiquenses, y por eso, \u00e9ste es nuestro partido, del que me siento orgullosa de militar. M\u00e1s all\u00e1 de las circunstancias, el PRI siempre estar\u00e1 vigente\u201d, enfatiz\u00f3.<\/p>\n<p>Puntualiz\u00f3 que el Revolucionario Institucional \u201ces un partido leal a los colores de M\u00e9xico, a nuestras convicciones de democracia y de justicia social, leal a la gente que nos dio su confianza, leal a las instituciones, a la ley y a la estabilidad, pero, sobre todo, un partido leal a nuestro Gobernador Alfredo Del Mazo Maza\u201d.<\/p>\n<p>Se\u00f1al\u00f3 que el partido espera de quienes hoy rindieron protesta que sean guardianes de la unidad del PRI, \u201c\u00e9ste es el valor m\u00e1s preciado de nuestro instituto pol\u00edtico\u201d. Asimismo, les exhort\u00f3 a mantener las estructuras partidistas cien por ciento integradas, actualizadas y activas; y a que est\u00e9n bien capacitadas en temas pr\u00e1cticos y de actualidad, debate pol\u00edtico y redes sociales, entre otros.<\/p>\n<p>En Timilpan, donde tom\u00f3 protesta a F\u00e9lix de Jes\u00fas Garc\u00eda como presidente y Andrea Nereyda L\u00f3pez como secretaria general del Comit\u00e9 Municipal, Del Moral Vela destac\u00f3 que aqu\u00ed la militancia demostr\u00f3 en los hechos que cuando hay unidad e inclusi\u00f3n todo es posible.<\/p>\n<p>\u201cHoy ha sido posible la renovaci\u00f3n del partido en este municipio con plena transparencia, en libertad y en democracia a partir del di\u00e1logo franco pero respetuoso, y a partir de moderar individualidades y de tomar en cuenta todas las voces\u201d, subray\u00f3.<\/p>\n<p>Expres\u00f3 que Timilpan es un baluarte para el partido porque con unidad, trabajo, esfuerzo y buenos resultados, siguieron y seguir\u00e1n siendo priistas.<\/p>\n<p>Laura Leticia Caballero Flores, Presidenta Municipal de Timilpan, se\u00f1al\u00f3 que los verdaderos priistas trabajan todos los d\u00edas por recuperar la paz y la justicia social que tanta falta hacen al pa\u00eds. \u201cJuntos somos capaces de alcanzar y lograr la construcci\u00f3n de un verdadero proyecto que garantice una mejor calidad de vida para todos. Nuestro partido es grande y fuerte porque son las estructuras las que construyeron nuestra vigencia y permanencia en la vida pol\u00edtica de M\u00e9xico\u201d, afirm\u00f3.<\/p>\n<p>El nuevo Presidente del Comit\u00e9 Municipal priista, F\u00e9lix de Jes\u00fas Garc\u00eda, expuso que asume esta responsabilidad con plena confianza en el instituto pol\u00edtico y en su dirigencia. Mencion\u00f3 que la pol\u00edtica es un binomio entre el partido y su militancia por lo que solicit\u00f3 construir juntos un puente de conciliaci\u00f3n y de trabajo que permita una relaci\u00f3n muy estrecha, y ofreci\u00f3 ser una dirigencia comprometida y de resultados.<\/p>\n<p>En Jilotepec, donde Leopoldo Rafael Olgu\u00edn Mart\u00ednez y Karen Zarza Miranda rindieron protesta como presidente y secretaria general, respectivamente, Del Moral Vela apunt\u00f3 que los m\u00e1s de 230 mil mexiquenses que se han afiliado al PRI lo hacen porque ven en \u00e9l a un partido nacionalista, revolucionario, que est\u00e1 de pie y que est\u00e1 en lucha por un M\u00e9xico justo, libre, de progreso para todos, y que busca la paz social.<\/p>\n<p>El nuevo dirigente del PRI en Jilotepec, Leopoldo Rafael Olgu\u00edn Mart\u00ednez, convoc\u00f3 al priismo del municipio a salir a la calle, a reencontrarse con la gente, escuchar sus demandas, encabezarlas y ser parte de ellas y de sus soluciones. Adem\u00e1s, se comprometi\u00f3 a redoblar esfuerzos para sumar, ser incluyente y que las puertas siempre est\u00e9n abiertas al di\u00e1logo, las propuestas, y al trabajo participativo y conjunto con la militancia.<\/p>\n<p>Acompa\u00f1aron a la dirigente estatal, el delegado del CEN del PRI en la entidad, Jorge Rojo Garc\u00eda de Alba; y los secretarios del Comit\u00e9 Directivo Estatal, Andr\u00e9s Aguirre Romero, de Organizaci\u00f3n; Tanya Rellstab Carreto, de Gesti\u00f3n Social; Mar\u00eda Teresa Monroy Z\u00e1rate, de la Defensor\u00eda de los Derechos de los Militantes; y Jos\u00e9 Luis Espinoza Navarrete, secretario Jur\u00eddico y de Transparencia, as\u00ed como regidores y expresidentes municipales, entre otros.<\/p>\n<p>______________________<\/p>\n","protected":false},"excerpt":{"rendered":"<p>&nbsp; El PRI es una instituci\u00f3n que est\u00e1 por encima de las personas, de las personalidades y de los carismas, se\u00f1al\u00f3. Tom\u00f3 protesta a los Consejos Pol\u00edticos Municipales, Comit\u00e9s Seccionales y Comit\u00e9s Municipales de Timilpan y Jilotepec, para el periodo 2019-2022. &nbsp; Jilotepec, M\u00e9xico, 6 de septiembre de 2019. Al encabezar la toma de protesta [&hellip;]<\/p>\n","protected":false},"author":3,"featured_media":33706,"comment_status":"open","ping_status":"open","sticky":false,"template":"","format":"standard","meta":{"footnotes":""},"categories":[16,9150],"tags":[15339,15338,187],"class_list":{"0":"post-33722","1":"post","2":"type-post","3":"status-publish","4":"format-standard","5":"has-post-thumbnail","7":"category-foto","8":"category-politica","9":"tag-comites-seccionales","10":"tag-pri-sin-estridencias","11":"tag-suteym"},"wps_subtitle":"La militancia demostr\u00f3 en los hechos que cuando hay unidad e inclusi\u00f3n todo es posible, afirm\u00f3","_links":{"self":[{"href":"https:\/\/www.porlalibreedomex.com\/index.php?rest_route=\/wp\/v2\/posts\/33722","targetHints":{"allow":["GET"]}}],"collection":[{"href":"https:\/\/www.porlalibreedomex.com\/index.php?rest_route=\/wp\/v2\/posts"}],"about":[{"href":"https:\/\/www.porlalibreedomex.com\/index.php?rest_route=\/wp\/v2\/types\/post"}],"author":[{"embeddable":true,"href":"https:\/\/www.porlalibreedomex.com\/index.php?rest_route=\/wp\/v2\/users\/3"}],"replies":[{"embeddable":true,"href":"https:\/\/www.porlalibreedomex.com\/index.php?rest_route=%2Fwp%2Fv2%2Fcomments&post=33722"}],"version-history":[{"count":2,"href":"https:\/\/www.porlalibreedomex.com\/index.php?rest_route=\/wp\/v2\/posts\/33722\/revisions"}],"predecessor-version":[{"id":33724,"href":"https:\/\/www.porlalibreedomex.com\/index.php?rest_route=\/wp\/v2\/posts\/33722\/revisions\/33724"}],"wp:featuredmedia":[{"embeddable":true,"href":"https:\/\/www.porlalibreedomex.com\/index.php?rest_route=\/wp\/v2\/media\/33706"}],"wp:attachment":[{"href":"https:\/\/www.porlalibreedomex.com\/index.php?rest_route=%2Fwp%2Fv2%2Fmedia&parent=33722"}],"wp:term":[{"taxonomy":"category","embeddable":true,"href":"https:\/\/www.porlalibreedomex.com\/index.php?rest_route=%2Fwp%2Fv2%2Fcategories&post=33722"},{"taxonomy":"post_tag","embeddable":true,"href":"https:\/\/www.porlalibreedomex.com\/index.php?rest_route=%2Fwp%2Fv2%2Ftags&post=33722"}],"curies":[{"name":"wp","href":"https:\/\/api.w.org\/{rel}","templated":true}]}}