{"id":33716,"date":"2019-09-06T00:52:00","date_gmt":"2019-09-06T05:52:00","guid":{"rendered":"https:\/\/www.porlalibreedomex.com\/?p=33716"},"modified":"2019-09-07T00:52:20","modified_gmt":"2019-09-07T05:52:20","slug":"cultura-en-movimiento-en-toluca-para-este-el-fin-de-semana","status":"publish","type":"post","link":"https:\/\/www.porlalibreedomex.com\/?p=33716","title":{"rendered":"Cultura en Movimiento en Toluca para este el fin de semana\u00a0"},"content":{"rendered":"<p>&nbsp;<\/p>\n<ul>\n<li style=\"font-weight: 400;\"><em>Habr\u00e1 presentaciones art\u00edsticas en los principales foros de la capital<\/em><\/li>\n<\/ul>\n<p style=\"font-weight: 400;\"><strong>Toluca, Estado de M\u00e9xico, viernes 6 de septiembre de 2019.-<\/strong>\u00a0En tanto que el programa Cultura en Movimiento prepara actividades gratuitas para el fin de semana en diversos foros, la Orquesta Filarm\u00f3nica de Toluca (OFiT) tiene todo listo para la Gala Mexicana 2019, una fiesta tricolor llena de sorpresas.<\/p>\n<p style=\"font-weight: 400;\">El tradicional concierto de la Orquesta para celebrar la Patria y la libertad, se llevar\u00e1 a cabo el domingo 8 de septiembre a las 13:00 horas en el Teatro Morelos, marco en que participar\u00e1 el tenor Rafael Negrete y el Coro Filarm\u00f3nico de Toluca. La entrada es libre, limitada a la capacidad del recinto y tendr\u00e1n acceso preferente quienes lleguen ataviados con trajes t\u00edpicos mexicanos y los usuarios de OFiT Pekes.<\/p>\n<p style=\"font-weight: 400;\">Un d\u00eda antes, el s\u00e1bado 7 de septiembre, en el \u00e1gora de la Plaza Gonz\u00e1lez Arratia se presentar\u00e1 a las 13:00 horas el cantante Jos\u00e9 \u00c1ngel; a las 14:00, el grupo vers\u00e1til Cheklo; 15:00, Rondalla Voz de Luna, y a las 16:00, La Autonom\u00eda.<\/p>\n<p><a href=\"https:\/\/www.porlalibreedomex.com\/wp-content\/uploads\/2019\/09\/ACTIVIDADES-FIN-DE-SEMANA.jpg\"><img loading=\"lazy\" decoding=\"async\" class=\"aligncenter size-full wp-image-33719\" src=\"https:\/\/www.porlalibreedomex.com\/wp-content\/uploads\/2019\/09\/ACTIVIDADES-FIN-DE-SEMANA.jpg\" alt=\"\" width=\"939\" height=\"1280\" srcset=\"https:\/\/www.porlalibreedomex.com\/wp-content\/uploads\/2019\/09\/ACTIVIDADES-FIN-DE-SEMANA.jpg 939w, https:\/\/www.porlalibreedomex.com\/wp-content\/uploads\/2019\/09\/ACTIVIDADES-FIN-DE-SEMANA-220x300.jpg 220w, https:\/\/www.porlalibreedomex.com\/wp-content\/uploads\/2019\/09\/ACTIVIDADES-FIN-DE-SEMANA-768x1047.jpg 768w, https:\/\/www.porlalibreedomex.com\/wp-content\/uploads\/2019\/09\/ACTIVIDADES-FIN-DE-SEMANA-751x1024.jpg 751w\" sizes=\"auto, (max-width: 939px) 100vw, 939px\" \/><\/a><\/p>\n<p style=\"font-weight: 400;\">El domingo 8 de septiembre en la Capilla Exenta los toluque\u00f1os podr\u00e1n disfrutar a las 15:00 horas de Javier Figueroa, en tanto que en el \u00e1gora de la Plaza Gonz\u00e1lez Arratia a las 12:00 horas del Altivo Show; 14:00, Ensamble Disonancias con Bossa y Jazz; 15:00, Arturo Garc\u00eda con m\u00fasica de Paquita la del Barrio; 16:00, Marco Antonio con un\u00a0 homenaje a Joan Sebastian, y de 17:00 a 20:00 horas, la Marimba Tehuantepec.<\/p>\n<p style=\"font-weight: 400;\">Asimismo, en el Museo del Alfe\u00f1ique se presentar\u00e1 Storie Dolci, cuenta cuentos, con \u00c9rase una vez nuestra Independencia y en la Alameda a las 13:00 horas, La Autonom\u00eda; 14:00, Ballet Folcl\u00f3rico Tlakaellel; 15:00, Brisa; 16:00, Grupo Prohibido, y 17:00, Danzart<\/p>\n","protected":false},"excerpt":{"rendered":"<p>&nbsp; Habr\u00e1 presentaciones art\u00edsticas en los principales foros de la capital Toluca, Estado de M\u00e9xico, viernes 6 de septiembre de 2019.-\u00a0En tanto que el programa Cultura en Movimiento prepara actividades gratuitas para el fin de semana en diversos foros, la Orquesta Filarm\u00f3nica de Toluca (OFiT) tiene todo listo para la Gala Mexicana 2019, una fiesta [&hellip;]<\/p>\n","protected":false},"author":3,"featured_media":33718,"comment_status":"open","ping_status":"open","sticky":false,"template":"","format":"standard","meta":{"footnotes":""},"categories":[9873,16],"tags":[6695,15336,15335,15337],"class_list":{"0":"post-33716","1":"post","2":"type-post","3":"status-publish","4":"format-standard","5":"has-post-thumbnail","7":"category-cultura","8":"category-foto","9":"tag-actividades-culturales-toluca","10":"tag-cultura-fin-de-semana","11":"tag-gala-mexicana-en-toluca","12":"tag-turismo-toluca"},"wps_subtitle":"Invita a la Gala Mexicana 2019, domingo 8,  13:00 horas, Teatro Morelos","_links":{"self":[{"href":"https:\/\/www.porlalibreedomex.com\/index.php?rest_route=\/wp\/v2\/posts\/33716","targetHints":{"allow":["GET"]}}],"collection":[{"href":"https:\/\/www.porlalibreedomex.com\/index.php?rest_route=\/wp\/v2\/posts"}],"about":[{"href":"https:\/\/www.porlalibreedomex.com\/index.php?rest_route=\/wp\/v2\/types\/post"}],"author":[{"embeddable":true,"href":"https:\/\/www.porlalibreedomex.com\/index.php?rest_route=\/wp\/v2\/users\/3"}],"replies":[{"embeddable":true,"href":"https:\/\/www.porlalibreedomex.com\/index.php?rest_route=%2Fwp%2Fv2%2Fcomments&post=33716"}],"version-history":[{"count":1,"href":"https:\/\/www.porlalibreedomex.com\/index.php?rest_route=\/wp\/v2\/posts\/33716\/revisions"}],"predecessor-version":[{"id":33720,"href":"https:\/\/www.porlalibreedomex.com\/index.php?rest_route=\/wp\/v2\/posts\/33716\/revisions\/33720"}],"wp:featuredmedia":[{"embeddable":true,"href":"https:\/\/www.porlalibreedomex.com\/index.php?rest_route=\/wp\/v2\/media\/33718"}],"wp:attachment":[{"href":"https:\/\/www.porlalibreedomex.com\/index.php?rest_route=%2Fwp%2Fv2%2Fmedia&parent=33716"}],"wp:term":[{"taxonomy":"category","embeddable":true,"href":"https:\/\/www.porlalibreedomex.com\/index.php?rest_route=%2Fwp%2Fv2%2Fcategories&post=33716"},{"taxonomy":"post_tag","embeddable":true,"href":"https:\/\/www.porlalibreedomex.com\/index.php?rest_route=%2Fwp%2Fv2%2Ftags&post=33716"}],"curies":[{"name":"wp","href":"https:\/\/api.w.org\/{rel}","templated":true}]}}