{"id":33586,"date":"2019-09-02T23:45:06","date_gmt":"2019-09-03T04:45:06","guid":{"rendered":"https:\/\/www.porlalibreedomex.com\/?p=33586"},"modified":"2019-09-02T23:45:06","modified_gmt":"2019-09-03T04:45:06","slug":"acerca-cedipiem-jornadas-de-servicios-a-pueblos-originarios","status":"publish","type":"post","link":"https:\/\/www.porlalibreedomex.com\/?p=33586","title":{"rendered":"ACERCA CEDIPIEM JORNADAS DE SERVICIOS A PUEBLOS ORIGINARIOS"},"content":{"rendered":"<ul>\n<li><em><strong>Otorgan servicios de salud, ex\u00e1menes de la vista, asesor\u00edas jur\u00eddicas, psicol\u00f3gicas y asistenciales, entre otros.<\/strong><\/em><\/li>\n<\/ul>\n<p><strong>Toluca, Estado de M\u00e9xico, 2 de septiembre de 2019.<\/strong> Con el fin de acercar a todas las comunidades con presencia ind\u00edgena de la entidad los servicios que brinda el Gobierno del Estado de M\u00e9xico, el Consejo Estatal para el Desarrollo Integral de los Pueblos Ind\u00edgenas (CEDIPIEM), lleva a cabo Jornadas Multidisciplinarias de Servicios.<\/p>\n<p>Con la participaci\u00f3n de diversas dependencias de Gobierno, as\u00ed como de autoridades municipales y asociaciones civiles, estas jornadas otorgan de manera gratuita, servicios a trav\u00e9s de m\u00f3dulos y unidades m\u00f3viles en materia de salud, medicina general y preventiva, consultas odontol\u00f3gicas, ex\u00e1menes de la vista, asesor\u00edas jur\u00eddicas, psicol\u00f3gicas, asistenciales, licencias de manejo, tr\u00e1mites del Registro Civil, asesor\u00eda a artesanos y cortes de cabello.<\/p>\n<p><a href=\"https:\/\/www.porlalibreedomex.com\/wp-content\/uploads\/2019\/09\/WhatsApp-Image-2019-09-02-at-3.26.16-PM-1.jpeg\"><img loading=\"lazy\" decoding=\"async\" class=\"aligncenter size-full wp-image-33588\" src=\"https:\/\/www.porlalibreedomex.com\/wp-content\/uploads\/2019\/09\/WhatsApp-Image-2019-09-02-at-3.26.16-PM-1.jpeg\" alt=\"\" width=\"1280\" height=\"960\" srcset=\"https:\/\/www.porlalibreedomex.com\/wp-content\/uploads\/2019\/09\/WhatsApp-Image-2019-09-02-at-3.26.16-PM-1.jpeg 1280w, https:\/\/www.porlalibreedomex.com\/wp-content\/uploads\/2019\/09\/WhatsApp-Image-2019-09-02-at-3.26.16-PM-1-300x225.jpeg 300w, https:\/\/www.porlalibreedomex.com\/wp-content\/uploads\/2019\/09\/WhatsApp-Image-2019-09-02-at-3.26.16-PM-1-768x576.jpeg 768w, https:\/\/www.porlalibreedomex.com\/wp-content\/uploads\/2019\/09\/WhatsApp-Image-2019-09-02-at-3.26.16-PM-1-1024x768.jpeg 1024w\" sizes=\"auto, (max-width: 1280px) 100vw, 1280px\" \/><\/a><\/p>\n<p>Al respecto, la Vocal Ejecutiva del CEDIPIEM, Dora Elena Real Salinas, destac\u00f3 que estas acciones son parte del compromiso permanente del Gobernador Alfredo Del Mazo Maza para atender de manera integral, a los m\u00e1s de 421 mil integrantes de pueblos originarios y migrantes que hay en la entidad y que colocan al Estado de M\u00e9xico en la sexta posici\u00f3n con mayor presencia de poblaci\u00f3n ind\u00edgena del pa\u00eds.<\/p>\n<p>Por ello, refrend\u00f3 el compromiso que tiene la Secretar\u00eda de Desarrollo Social, que encabeza Eric Sevilla Montes de Oca, para focalizar programas que coadyuven a impulsar la calidad de vida de los pobladores forjando as\u00ed familias fuertes.<\/p>\n<p>En esta ocasi\u00f3n las jornadas llegaron a los municipios de Villa de Allende y Temoaya, en donde los habitantes accedieron a servicios en los que participan los ayuntamientos, las Secretar\u00edas de Salud y del Trabajo, el Instituto de Seguridad Social del Estado de M\u00e9xico y Municipios, el Instituto Mexiquense de la Juventud, el Sistema para el Desarrollo Integral de la Familia del Estado de M\u00e9xico, la Direcci\u00f3n General del Registro Civil y la Comisi\u00f3n de Derechos Humanos del Estado de M\u00e9xico.<\/p>\n<p>Gracias las jornadas, habitantes de comunidades con presencia de pueblos originarios y migrantes de la entidad de municipios como Almoloya de Alquisiras, Capulhuac, Lerma, Malinalco, Morelos, Ocoyoacac, Ocuilan, Otzolotepec, San Sim\u00f3n de Guerrero, Santo Tom\u00e1s, Sultepec, Tejupilco, Temascalcingo, Temascaltepec, Temoaya, Valle de Bravo y Zinacantepec han sido beneficiados en el \u00faltimo a\u00f1o.<\/p>\n","protected":false},"excerpt":{"rendered":"<p>Otorgan servicios de salud, ex\u00e1menes de la vista, asesor\u00edas jur\u00eddicas, psicol\u00f3gicas y asistenciales, entre otros. Toluca, Estado de M\u00e9xico, 2 de septiembre de 2019. Con el fin de acercar a todas las comunidades con presencia ind\u00edgena de la entidad los servicios que brinda el Gobierno del Estado de M\u00e9xico, el Consejo Estatal para el Desarrollo [&hellip;]<\/p>\n","protected":false},"author":3,"featured_media":33587,"comment_status":"open","ping_status":"open","sticky":false,"template":"","format":"standard","meta":{"footnotes":""},"categories":[9157,16],"tags":[15284,15285,15283],"class_list":{"0":"post-33586","1":"post","2":"type-post","3":"status-publish","4":"format-standard","5":"has-post-thumbnail","7":"category-edomex","8":"category-foto","9":"tag-cedipiem-acerca-servicios","10":"tag-jornadas-de-servicios-a-indigenas","11":"tag-jornadas-para-comunidades-indigenas"},"wps_subtitle":"Realizan jornadas multidisciplinarias en los municipios de Temoaya y Villa de Allende.","_links":{"self":[{"href":"https:\/\/www.porlalibreedomex.com\/index.php?rest_route=\/wp\/v2\/posts\/33586","targetHints":{"allow":["GET"]}}],"collection":[{"href":"https:\/\/www.porlalibreedomex.com\/index.php?rest_route=\/wp\/v2\/posts"}],"about":[{"href":"https:\/\/www.porlalibreedomex.com\/index.php?rest_route=\/wp\/v2\/types\/post"}],"author":[{"embeddable":true,"href":"https:\/\/www.porlalibreedomex.com\/index.php?rest_route=\/wp\/v2\/users\/3"}],"replies":[{"embeddable":true,"href":"https:\/\/www.porlalibreedomex.com\/index.php?rest_route=%2Fwp%2Fv2%2Fcomments&post=33586"}],"version-history":[{"count":1,"href":"https:\/\/www.porlalibreedomex.com\/index.php?rest_route=\/wp\/v2\/posts\/33586\/revisions"}],"predecessor-version":[{"id":33589,"href":"https:\/\/www.porlalibreedomex.com\/index.php?rest_route=\/wp\/v2\/posts\/33586\/revisions\/33589"}],"wp:featuredmedia":[{"embeddable":true,"href":"https:\/\/www.porlalibreedomex.com\/index.php?rest_route=\/wp\/v2\/media\/33587"}],"wp:attachment":[{"href":"https:\/\/www.porlalibreedomex.com\/index.php?rest_route=%2Fwp%2Fv2%2Fmedia&parent=33586"}],"wp:term":[{"taxonomy":"category","embeddable":true,"href":"https:\/\/www.porlalibreedomex.com\/index.php?rest_route=%2Fwp%2Fv2%2Fcategories&post=33586"},{"taxonomy":"post_tag","embeddable":true,"href":"https:\/\/www.porlalibreedomex.com\/index.php?rest_route=%2Fwp%2Fv2%2Ftags&post=33586"}],"curies":[{"name":"wp","href":"https:\/\/api.w.org\/{rel}","templated":true}]}}