{"id":33423,"date":"2019-08-27T23:16:21","date_gmt":"2019-08-28T04:16:21","guid":{"rendered":"https:\/\/www.porlalibreedomex.com\/?p=33423"},"modified":"2019-08-27T23:16:21","modified_gmt":"2019-08-28T04:16:21","slug":"acepta-jilotepec-la-recomendacion-general-de-la-codhem-contra-violencia-de-genero-y-feminicidio","status":"publish","type":"post","link":"https:\/\/www.porlalibreedomex.com\/?p=33423","title":{"rendered":"ACEPTA JILOTEPEC LA RECOMENDACI\u00d3N GENERAL DE LA CODHEM CONTRA VIOLENCIA DE G\u00c9NERO Y FEMINICIDIO"},"content":{"rendered":"<p style=\"font-weight: 400;\">\n<ul>\n<li style=\"font-weight: 400;\"><em> El ombudsperson Jorge Olvera reconoce la disposici\u00f3n de trabajo del gobierno municipal encabezado por el alcalde Agust\u00edn Javier Bonilla Rodr\u00edguez.<\/em><\/li>\n<li style=\"font-weight: 400;\"><em> La recomendaci\u00f3n de la Codhem no es un reclamo, sino un llamado a colaborar en pro de la prevenci\u00f3n, y la restauraci\u00f3n del tejido social.<\/em><\/li>\n<li style=\"font-weight: 400;\"><em> Solicita la intervenci\u00f3n de la Codhem para el pronto esclarecimiento de los hechos en los que perdiera la vida la s\u00edndica procuradora Beatriz Garc\u00eda Licona.<\/em><\/li>\n<\/ul>\n<p style=\"font-weight: 400;\"><strong>\u00a0<\/strong><\/p>\n<p style=\"font-weight: 400;\"><strong>Toluca, Estado de M\u00e9xico; 27 de agosto de 2019.-<\/strong>\u00a0La Comisi\u00f3n de Derechos Humanos del Estado de M\u00e9xico (Codhem) recibi\u00f3 del Ayuntamiento de Jilotepec, el Oficio de Aceptaci\u00f3n de la Recomendaci\u00f3n General 1\/2018 sobre la Situaci\u00f3n de la Violencia de G\u00e9nero en el Estado de M\u00e9xico, en particular de la Violencia feminicida y el Feminicidio, mediante el cual, el alcalde Agust\u00edn Javier Bonilla Rodr\u00edguez expresa la disposici\u00f3n plena de su gobierno para realizar acciones que conduzcan a la prevenci\u00f3n y eliminaci\u00f3n de ese flagelo social.<\/p>\n<p style=\"font-weight: 400;\">El ombudsperson Jorge Olvera Garc\u00eda indic\u00f3 que Jilotepec es el cuarto municipio en aceptar la Recomendaci\u00f3n General, despu\u00e9s de San Mateo Atenco, Toluca y Tlalnepantla, y reconoce ampliamente su disposici\u00f3n de trabajar conjuntamente, \u201cpues la Recomendaci\u00f3n no es un reclamo, sino un llamado a colaborar haciendo sinergia con todas las instituciones p\u00fablicas y privadas en pro de la prevenci\u00f3n y la restauraci\u00f3n del tejido social, protegiendo los derechos humanos de ni\u00f1as y mujeres.\u201d<\/p>\n<p style=\"font-weight: 400;\">En el documento de aceptaci\u00f3n, el presidente municipal Agust\u00edn Javier Bonilla Rodr\u00edguez, se\u00f1ala que Jilotepec ha sido receptivo a la problem\u00e1tica de violencia de g\u00e9nero, por lo que ya realiza acciones de promoci\u00f3n, difusi\u00f3n, respeto y defensa de los derechos humanos de todos y cada uno de los habitantes de la demarcaci\u00f3n, y las actividades del Ayuntamiento local se realizan con respeto a las prerrogativas consagradas en el art\u00edculo 1\u00ba constitucional.<\/p>\n<p style=\"font-weight: 400;\"><strong>Explica que, como instituci\u00f3n p\u00fablica y en cumplimiento al exhorto de la LX Legislatura local, emitido del pasado 8 de agosto, acepta la recomendaci\u00f3n de la Codhem \u201cm\u00e1s a\u00fan a ra\u00edz del lamentable asesinato de la C. Beatriz Garc\u00eda Licona, S\u00edndico Procurador (sic) Municipal del Ayuntamiento Constitucional de Jilotepec, Estado de M\u00e9xico, acaecido el pasado d\u00eda mi\u00e9rcoles 7 de Agosto del presente a\u00f1o, solicitando como Ombudsman Estatal su intervenci\u00f3n de oficio para el pronto esclarecimiento de tan lamentables hechos.\u201d<\/strong><\/p>\n<p style=\"font-weight: 400;\">En ese sentido, el doctor Jorge Olvera Garc\u00eda, presidente de la Codhem, reiter\u00f3 su reconocimiento p\u00fablico a la LX legislatura local por el exhorto a los municipios de la entidad, para aceptar la Recomendaci\u00f3n 1\/2018, con el prop\u00f3sito de evitar que en el Estado de M\u00e9xico las mujeres sigan siendo lastimadas, agredidas y asesinadas.<\/p>\n","protected":false},"excerpt":{"rendered":"<p>El ombudsperson Jorge Olvera reconoce la disposici\u00f3n de trabajo del gobierno municipal encabezado por el alcalde Agust\u00edn Javier Bonilla Rodr\u00edguez. La recomendaci\u00f3n de la Codhem no es un reclamo, sino un llamado a colaborar en pro de la prevenci\u00f3n, y la restauraci\u00f3n del tejido social. Solicita la intervenci\u00f3n de la Codhem para el pronto esclarecimiento [&hellip;]<\/p>\n","protected":false},"author":3,"featured_media":33424,"comment_status":"open","ping_status":"open","sticky":false,"template":"","format":"standard","meta":{"footnotes":""},"categories":[16,9145],"tags":[15233,15229,15230,488,15231,15232],"class_list":["post-33423","post","type-post","status-publish","format-standard","has-post-thumbnail","category-foto","category-general","tag-agustin-javier-bonilla-rodriguez","tag-codhem-ayuntamiento-de-jilotepec","tag-femilicidios","tag-jorge-olvera-garcia","tag-recomendacion-general-de-codhem","tag-sindica-beatriz-garcia-licona"],"wps_subtitle":"","_links":{"self":[{"href":"https:\/\/www.porlalibreedomex.com\/index.php?rest_route=\/wp\/v2\/posts\/33423","targetHints":{"allow":["GET"]}}],"collection":[{"href":"https:\/\/www.porlalibreedomex.com\/index.php?rest_route=\/wp\/v2\/posts"}],"about":[{"href":"https:\/\/www.porlalibreedomex.com\/index.php?rest_route=\/wp\/v2\/types\/post"}],"author":[{"embeddable":true,"href":"https:\/\/www.porlalibreedomex.com\/index.php?rest_route=\/wp\/v2\/users\/3"}],"replies":[{"embeddable":true,"href":"https:\/\/www.porlalibreedomex.com\/index.php?rest_route=%2Fwp%2Fv2%2Fcomments&post=33423"}],"version-history":[{"count":1,"href":"https:\/\/www.porlalibreedomex.com\/index.php?rest_route=\/wp\/v2\/posts\/33423\/revisions"}],"predecessor-version":[{"id":33425,"href":"https:\/\/www.porlalibreedomex.com\/index.php?rest_route=\/wp\/v2\/posts\/33423\/revisions\/33425"}],"wp:featuredmedia":[{"embeddable":true,"href":"https:\/\/www.porlalibreedomex.com\/index.php?rest_route=\/wp\/v2\/media\/33424"}],"wp:attachment":[{"href":"https:\/\/www.porlalibreedomex.com\/index.php?rest_route=%2Fwp%2Fv2%2Fmedia&parent=33423"}],"wp:term":[{"taxonomy":"category","embeddable":true,"href":"https:\/\/www.porlalibreedomex.com\/index.php?rest_route=%2Fwp%2Fv2%2Fcategories&post=33423"},{"taxonomy":"post_tag","embeddable":true,"href":"https:\/\/www.porlalibreedomex.com\/index.php?rest_route=%2Fwp%2Fv2%2Ftags&post=33423"}],"curies":[{"name":"wp","href":"https:\/\/api.w.org\/{rel}","templated":true}]}}