{"id":32898,"date":"2019-08-08T00:42:46","date_gmt":"2019-08-08T05:42:46","guid":{"rendered":"https:\/\/www.porlalibreedomex.com\/?p=32898"},"modified":"2019-08-09T00:43:06","modified_gmt":"2019-08-09T05:43:06","slug":"inauguran-en-toluca-biblioteca-joya-historica-y-cultural","status":"publish","type":"post","link":"https:\/\/www.porlalibreedomex.com\/?p=32898","title":{"rendered":"Inauguran en Toluca, biblioteca, joya hist\u00f3rica y cultural"},"content":{"rendered":"<ul>\n<li style=\"font-weight: 400;\"><em>\u201cUn gran tesoro, patrimonio de todos\u201d: Juan Rodolfo<\/em><\/li>\n<\/ul>\n<p style=\"font-weight: 400;\"><strong>Toluca, Estado de M\u00e9xico, jueves 8 de agosto de 2019.-<\/strong>\u00a0M\u00e1s de dos mil libros de los siglos XVII, XVIII y XIX son los que resguarda en Toluca la reci\u00e9n inaugurada Biblioteca Fray Adolfo Zamora, que con su enriquecedor acervo representa una joya hist\u00f3rica y cultural de gran trascendencia.<\/p>\n<p style=\"font-weight: 400;\">\u00a0\u00a0\u00a0\u00a0\u00a0\u00a0\u00a0\u00a0\u00a0\u00a0\u00a0 El presidente municipal de la capital, Juan Rodolfo S\u00e1nchez G\u00f3mez, inaugur\u00f3 este espacio ubicado en el Instituto Cultural Pedro Nolasco, A. C., en el Convento de la Orden de La Merced, espacio muse\u00edstico con 36 salas de exhibici\u00f3n que resguardan pinturas, esculturas, grabados, escritos antiguos y obras art\u00edsticas.<\/p>\n<p style=\"font-weight: 400;\">\u00a0\u00a0\u00a0\u00a0\u00a0\u00a0\u00a0\u00a0\u00a0\u00a0\u00a0 \u201cNos sentimos felices por esta labor que han venido realizando, porque este recinto es una poderosa luz de la cultura de nuestra ciudad, esta biblioteca muestra venerables y muy antiguos textos de la \u00e9poca del Virreinato, cubiertos con piel y letras grabadas a fuego en el lomo de los libros, un gran tesoro, patrimonio de todos\u201d,\u00a0 expres\u00f3 el alcalde.<\/p>\n<p><a href=\"https:\/\/www.porlalibreedomex.com\/wp-content\/uploads\/2019\/08\/Biblioteca-3.jpg\"><img loading=\"lazy\" decoding=\"async\" class=\"alignright size-medium wp-image-32900\" src=\"https:\/\/www.porlalibreedomex.com\/wp-content\/uploads\/2019\/08\/Biblioteca-3-300x217.jpg\" alt=\"\" width=\"300\" height=\"217\" srcset=\"https:\/\/www.porlalibreedomex.com\/wp-content\/uploads\/2019\/08\/Biblioteca-3-300x217.jpg 300w, https:\/\/www.porlalibreedomex.com\/wp-content\/uploads\/2019\/08\/Biblioteca-3-768x556.jpg 768w, https:\/\/www.porlalibreedomex.com\/wp-content\/uploads\/2019\/08\/Biblioteca-3-1024x742.jpg 1024w, https:\/\/www.porlalibreedomex.com\/wp-content\/uploads\/2019\/08\/Biblioteca-3.jpg 1280w\" sizes=\"auto, (max-width: 300px) 100vw, 300px\" \/><\/a><\/p>\n<p style=\"font-weight: 400;\">\u00a0\u00a0\u00a0\u00a0\u00a0\u00a0\u00a0\u00a0\u00a0\u00a0\u00a0 Por su parte, el director y fundador del Instituto Cultural Pedro Nolasco, A.C., Fray Arcadio Partida P\u00e9rez, explic\u00f3 que la biblioteca se nombr\u00f3 en memoria de Fray Adolfo Zamora, quien desde 1939 se dedic\u00f3 a la educaci\u00f3n de los seminaristas de Toluca por m\u00e1s de 30 a\u00f1os; adem\u00e1s, dijo que el recinto contiene los libros que a\u00fan se conservan del Convento de La Merced, as\u00ed como 12 casilleros que aluden al misterio de la existencia, el inicio, aparici\u00f3n de la vida, f\u00f3siles, aparici\u00f3n del homo sapiens, hombre constructor y hombre t\u00e9cnico, entre otros.<\/p>\n<p style=\"font-weight: 400;\">\u00a0\u00a0\u00a0\u00a0\u00a0\u00a0\u00a0\u00a0\u00a0\u00a0\u00a0 Despu\u00e9s de la inauguraci\u00f3n de la biblioteca, acompa\u00f1ado de integrantes del Instituto e invitados amantes de la cultura y el arte, el alcalde realiz\u00f3 un recorrido por el museo que permite conocer el patrimonio e historia plasmados en las obras que dan testimonio de la fuerza cultural que ostenta Toluca desde su inicio.<\/p>\n<p style=\"font-weight: 400;\">\u201cHemos sido testigos del pasado que, sin duda alguna, tiene que inspirar nuestro presente para que podamos trabajar por el futuro de todos\u201d, finaliz\u00f3 S\u00e1nchez G\u00f3mez.<\/p>\n<p style=\"font-weight: 400;\">La biblioteca y el museo est\u00e1n abiertos al p\u00fablico previa cita, ya sea para realizar el recorrido por esta colecci\u00f3n de arte e historia o realizar investigaci\u00f3n en los escritos antiguos, algunos de ellos en lat\u00edn. Para mayor informaci\u00f3n pueden comunicarse al 215 3173 o bien a trav\u00e9s del correo electr\u00f3nico\u00a0<a href=\"mailto:icp.nolasco.ac@gmail.com\">icp.nolasco.ac@gmail.com<\/a>. Este recinto est\u00e1 ubicado en la avenida Morelos Poniente n\u00famero 812, colonia La Merced.<\/p>\n","protected":false},"excerpt":{"rendered":"<p>\u201cUn gran tesoro, patrimonio de todos\u201d: Juan Rodolfo Toluca, Estado de M\u00e9xico, jueves 8 de agosto de 2019.-\u00a0M\u00e1s de dos mil libros de los siglos XVII, XVIII y XIX son los que resguarda en Toluca la reci\u00e9n inaugurada Biblioteca Fray Adolfo Zamora, que con su enriquecedor acervo representa una joya hist\u00f3rica y cultural de gran [&hellip;]<\/p>\n","protected":false},"author":3,"featured_media":32899,"comment_status":"open","ping_status":"open","sticky":false,"template":"","format":"standard","meta":{"footnotes":""},"categories":[9873,16],"tags":[15026,15027,13511],"class_list":{"0":"post-32898","1":"post","2":"type-post","3":"status-publish","4":"format-standard","5":"has-post-thumbnail","7":"category-cultura","8":"category-foto","9":"tag-biblioteca-toluca","10":"tag-instituto-pedro-nolasco","11":"tag-juan-rodolfo-sanchez"},"wps_subtitle":"M\u00e1s de 2 mil libros de los siglos XVII, XVIII y XIX","_links":{"self":[{"href":"https:\/\/www.porlalibreedomex.com\/index.php?rest_route=\/wp\/v2\/posts\/32898","targetHints":{"allow":["GET"]}}],"collection":[{"href":"https:\/\/www.porlalibreedomex.com\/index.php?rest_route=\/wp\/v2\/posts"}],"about":[{"href":"https:\/\/www.porlalibreedomex.com\/index.php?rest_route=\/wp\/v2\/types\/post"}],"author":[{"embeddable":true,"href":"https:\/\/www.porlalibreedomex.com\/index.php?rest_route=\/wp\/v2\/users\/3"}],"replies":[{"embeddable":true,"href":"https:\/\/www.porlalibreedomex.com\/index.php?rest_route=%2Fwp%2Fv2%2Fcomments&post=32898"}],"version-history":[{"count":2,"href":"https:\/\/www.porlalibreedomex.com\/index.php?rest_route=\/wp\/v2\/posts\/32898\/revisions"}],"predecessor-version":[{"id":32902,"href":"https:\/\/www.porlalibreedomex.com\/index.php?rest_route=\/wp\/v2\/posts\/32898\/revisions\/32902"}],"wp:featuredmedia":[{"embeddable":true,"href":"https:\/\/www.porlalibreedomex.com\/index.php?rest_route=\/wp\/v2\/media\/32899"}],"wp:attachment":[{"href":"https:\/\/www.porlalibreedomex.com\/index.php?rest_route=%2Fwp%2Fv2%2Fmedia&parent=32898"}],"wp:term":[{"taxonomy":"category","embeddable":true,"href":"https:\/\/www.porlalibreedomex.com\/index.php?rest_route=%2Fwp%2Fv2%2Fcategories&post=32898"},{"taxonomy":"post_tag","embeddable":true,"href":"https:\/\/www.porlalibreedomex.com\/index.php?rest_route=%2Fwp%2Fv2%2Ftags&post=32898"}],"curies":[{"name":"wp","href":"https:\/\/api.w.org\/{rel}","templated":true}]}}