{"id":32638,"date":"2019-07-29T01:13:59","date_gmt":"2019-07-29T06:13:59","guid":{"rendered":"https:\/\/www.porlalibreedomex.com\/?p=32638"},"modified":"2019-07-30T01:14:25","modified_gmt":"2019-07-30T06:14:25","slug":"fortalecen-atencion-de-la-salud-materna-en-edomex-con-regionalizacion-del-sistema-de-referencia-y-contrarreferencia","status":"publish","type":"post","link":"https:\/\/www.porlalibreedomex.com\/?p=32638","title":{"rendered":"FORTALECEN ATENCI\u00d3N DE LA SALUD MATERNA EN EDOM\u00c9X CON REGIONALIZACI\u00d3N DEL SISTEMA DE REFERENCIA Y CONTRARREFERENCIA"},"content":{"rendered":"<p style=\"font-weight: 400;\"><strong>\u00a0<\/strong><\/p>\n<ul>\n<li style=\"font-weight: 400;\"><em> Buscan ampliar la calidad de atenci\u00f3n durante el embarazo por medio de la integraci\u00f3n, coordinaci\u00f3n y capacitaci\u00f3n de personal de m\u00e9dico.<\/em><\/li>\n<\/ul>\n<ul>\n<li style=\"font-weight: 400;\"><em> Forman parte de este sistema 18 Redes Integradas de Atenci\u00f3n a la Salud, 19 jurisdicciones sanitarias del ISEM y 68 hospitales.<\/em><\/li>\n<\/ul>\n<p style=\"font-weight: 400;\"><strong>Toluca, Estado de M\u00e9xico, 29 de julio de 2019.\u00a0<\/strong>El Instituto de Salud del Estado de M\u00e9xico (ISEM) implement\u00f3 el programa de Regionalizaci\u00f3n del Sistema de Referencia y Contrarreferencia (Resireco), cuyo objetivo es asegurar la continuidad de la atenci\u00f3n en los servicios a los mexiquenses, con \u00e9nfasis en las mujeres embarazadas.<\/p>\n<p style=\"font-weight: 400;\">El<strong> Resireco<\/strong> coordina 18 Redes Integradas de Atenci\u00f3n a la Salud ubicadas en siete regiones, mismas que cuentan con el apoyo de las 19 jurisdicciones sanitarias del ISEM y 68 hospitales.<\/p>\n<p style=\"font-weight: 400;\">Su infraestructura alberga m\u00e1s de 3 mil 600 camas, de las cuales, 330 son de cuidados intensivos, donde participan m\u00e1s de 7 mil m\u00e9dicos, entre ellos, 3 mil 230 generales, 629 gineco-obstetras, 531 anestesi\u00f3logos, 346 cirujanos generales y 123 intensivistas, entre otros.<a href=\"https:\/\/www.porlalibreedomex.com\/wp-content\/uploads\/2019\/07\/embarazo-5.jpg\"><img loading=\"lazy\" decoding=\"async\" class=\"alignright size-medium wp-image-32639\" src=\"https:\/\/www.porlalibreedomex.com\/wp-content\/uploads\/2019\/07\/embarazo-5-300x253.jpg\" alt=\"\" width=\"300\" height=\"253\" srcset=\"https:\/\/www.porlalibreedomex.com\/wp-content\/uploads\/2019\/07\/embarazo-5-300x253.jpg 300w, https:\/\/www.porlalibreedomex.com\/wp-content\/uploads\/2019\/07\/embarazo-5-768x649.jpg 768w, https:\/\/www.porlalibreedomex.com\/wp-content\/uploads\/2019\/07\/embarazo-5-1024x865.jpg 1024w\" sizes=\"auto, (max-width: 300px) 100vw, 300px\" \/><\/a><\/p>\n<p style=\"font-weight: 400;\"><strong>Con dicha estrategia, se mejora la referencia de pacientes y la comunicaci\u00f3n entre especialistas encargados de brindar seguimiento a los diagn\u00f3sticos y tratamientos de la mujer en gestaci\u00f3n, con lo que se reduce el riesgo de afectar su bienestar, as\u00ed como de padecimientos en reci\u00e9n nacidos.\u00a0<\/strong><\/p>\n<p style=\"font-weight: 400;\">Dentro de las estrategias implementadas en el proyecto, se encuentran la realizaci\u00f3n de Foros de Salud Materna, que tienen como objetivo, mantener y ampliar la calidad en estos servicios a trav\u00e9s de la integraci\u00f3n, coordinaci\u00f3n y capacitaci\u00f3n del personal m\u00e9dico.<\/p>\n<p style=\"font-weight: 400;\">Adem\u00e1s, el organismo se\u00f1ala que se instalaron Comit\u00e9s Regionales, Jurisdiccionales y Hospitalarios de Referencia y Contrarreferencia, y se inici\u00f3 el censo estatal de emergencias obst\u00e9tricas y el registro de morbilidad materna.<\/p>\n<p><a href=\"https:\/\/www.porlalibreedomex.com\/wp-content\/uploads\/2019\/07\/embarazo-2.jpg\"><img loading=\"lazy\" decoding=\"async\" class=\"aligncenter size-large wp-image-32640\" src=\"https:\/\/www.porlalibreedomex.com\/wp-content\/uploads\/2019\/07\/embarazo-2-1024x495.jpg\" alt=\"\" width=\"800\" height=\"387\" srcset=\"https:\/\/www.porlalibreedomex.com\/wp-content\/uploads\/2019\/07\/embarazo-2-1024x495.jpg 1024w, https:\/\/www.porlalibreedomex.com\/wp-content\/uploads\/2019\/07\/embarazo-2-300x145.jpg 300w, https:\/\/www.porlalibreedomex.com\/wp-content\/uploads\/2019\/07\/embarazo-2-768x371.jpg 768w\" sizes=\"auto, (max-width: 800px) 100vw, 800px\" \/><\/a><\/p>\n<p style=\"font-weight: 400;\">De manera general, el sistema de Referencia y Contrarreferencia, permite evitar retrasos en la atenci\u00f3n, desplazamiento innecesario de pacientes, interrumpir tratamientos, as\u00ed como disminuir costos hospitalarios.<\/p>\n<p style=\"font-weight: 400;\">Este programa est\u00e1 alineado a los Objetivos de Desarrollo Sostenible de la Organizaci\u00f3n de las Naciones Unidas (ONU) y que est\u00e1n incluidos en el Plan Estatal de Desarrollo 2017-2023, lo que ha permitido a la entidad mantener la reducci\u00f3n de muerte materna y estar por debajo del promedio nacional en decesos de mujeres a causa complicaciones en el embarazo.<\/p>\n","protected":false},"excerpt":{"rendered":"<p>\u00a0 Buscan ampliar la calidad de atenci\u00f3n durante el embarazo por medio de la integraci\u00f3n, coordinaci\u00f3n y capacitaci\u00f3n de personal de m\u00e9dico. Forman parte de este sistema 18 Redes Integradas de Atenci\u00f3n a la Salud, 19 jurisdicciones sanitarias del ISEM y 68 hospitales. Toluca, Estado de M\u00e9xico, 29 de julio de 2019.\u00a0El Instituto de Salud [&hellip;]<\/p>\n","protected":false},"author":3,"featured_media":32641,"comment_status":"open","ping_status":"open","sticky":false,"template":"","format":"standard","meta":{"footnotes":""},"categories":[16,9209],"tags":[14920,14923,14922,14921],"class_list":{"0":"post-32638","1":"post","2":"type-post","3":"status-publish","4":"format-standard","5":"has-post-thumbnail","7":"category-foto","8":"category-salud","9":"tag-isem-sistema-de-referencia","10":"tag-redes-de-salud","11":"tag-resireco","12":"tag-salud-mujeres-embarazadas"},"wps_subtitle":"","_links":{"self":[{"href":"https:\/\/www.porlalibreedomex.com\/index.php?rest_route=\/wp\/v2\/posts\/32638","targetHints":{"allow":["GET"]}}],"collection":[{"href":"https:\/\/www.porlalibreedomex.com\/index.php?rest_route=\/wp\/v2\/posts"}],"about":[{"href":"https:\/\/www.porlalibreedomex.com\/index.php?rest_route=\/wp\/v2\/types\/post"}],"author":[{"embeddable":true,"href":"https:\/\/www.porlalibreedomex.com\/index.php?rest_route=\/wp\/v2\/users\/3"}],"replies":[{"embeddable":true,"href":"https:\/\/www.porlalibreedomex.com\/index.php?rest_route=%2Fwp%2Fv2%2Fcomments&post=32638"}],"version-history":[{"count":2,"href":"https:\/\/www.porlalibreedomex.com\/index.php?rest_route=\/wp\/v2\/posts\/32638\/revisions"}],"predecessor-version":[{"id":32643,"href":"https:\/\/www.porlalibreedomex.com\/index.php?rest_route=\/wp\/v2\/posts\/32638\/revisions\/32643"}],"wp:featuredmedia":[{"embeddable":true,"href":"https:\/\/www.porlalibreedomex.com\/index.php?rest_route=\/wp\/v2\/media\/32641"}],"wp:attachment":[{"href":"https:\/\/www.porlalibreedomex.com\/index.php?rest_route=%2Fwp%2Fv2%2Fmedia&parent=32638"}],"wp:term":[{"taxonomy":"category","embeddable":true,"href":"https:\/\/www.porlalibreedomex.com\/index.php?rest_route=%2Fwp%2Fv2%2Fcategories&post=32638"},{"taxonomy":"post_tag","embeddable":true,"href":"https:\/\/www.porlalibreedomex.com\/index.php?rest_route=%2Fwp%2Fv2%2Ftags&post=32638"}],"curies":[{"name":"wp","href":"https:\/\/api.w.org\/{rel}","templated":true}]}}