{"id":32635,"date":"2019-07-29T01:05:53","date_gmt":"2019-07-29T06:05:53","guid":{"rendered":"https:\/\/www.porlalibreedomex.com\/?p=32635"},"modified":"2019-07-30T01:06:18","modified_gmt":"2019-07-30T06:06:18","slug":"exhorta-la-codhem-a-impulsar-la-alerta-prevenciony-atencion-a-las-victimas-de-trata","status":"publish","type":"post","link":"https:\/\/www.porlalibreedomex.com\/?p=32635","title":{"rendered":"EXHORTA LA CODHEM A IMPULSAR LA ALERTA, PREVENCI\u00d3NY ATENCI\u00d3N A LAS V\u00cdCTIMAS DE TRATA"},"content":{"rendered":"<p>&nbsp;<\/p>\n<ul>\n<li><em>\u00a0Algunos factores que la propician son\u00a0\u00a0la pobreza, marginaci\u00f3n, desempleo, falta de escolaridad, violencia familiar y migraci\u00f3n.<\/em><\/li>\n<\/ul>\n<p>&nbsp;<\/p>\n<p><strong>Toluca, Estado de M\u00e9xico, 29 de julio de 2019.-<\/strong> La Comisi\u00f3n de Derechos Humanos del Estado de M\u00e9xico (Codhem), promueve informaci\u00f3n y capacitaci\u00f3n para la toma conciencia acerca de la trata de personas, siendo \u00e9sta una de las m\u00e1s cruentas formas de violentar y doblegar la dignidad de un ser humano; en ese contexto, realiza una labor especializada de atenci\u00f3n y acompa\u00f1amiento a las v\u00edctimas.<\/p>\n<p>As\u00ed lo inform\u00f3 el ombudsperson mexiquense, Jorge Olvera Garc\u00eda, en el marco de la conmemoraci\u00f3n del D\u00eda Mundial contra la Trata de Personas, establecido en 2013 por la Organizaci\u00f3n de las Naciones Unidas (ONU) con el objetivo de concienciar sobre el tr\u00e1fico de personas en el mundo y sobre la situaci\u00f3n de las v\u00edctimas y promocionar y proteger sus derechos.<\/p>\n<p>Olvera Garc\u00eda se\u00f1al\u00f3 que de acuerdo con el Informe Mundial de la ONU sobre la Trata de Personas, actualmente m\u00e1s de 12 millones de personas son v\u00edctimas de trata a nivel mundial, de las cuales, aproximadamente 70 % son mujeres y ni\u00f1as.<\/p>\n<p>Por ello, dijo, el delito atroz que es la trata de personas representa un reto para todos los \u00e1mbitos de la sociedad y para el gobierno en todos sus niveles; es necesario ampliar la alerta, las acciones de prevenci\u00f3n, la atenci\u00f3n a las v\u00edctimas y el abatimiento de la impunidad.<\/p>\n<p>El titular de la Codhem explic\u00f3 que el Diagn\u00f3stico sobre la Situaci\u00f3n de la Trata de Personas en M\u00e9xico 2019 revel\u00f3 que, del 15 de junio de 2012 al 31 de julio de 2017, fueron identificadas 5 mil 245 posibles v\u00edctimas de ese delito, concentr\u00e1ndose 55% de los casos en Baja California, Chiapas, Ciudad de M\u00e9xico, Oaxaca y el Estado de M\u00e9xico, de ah\u00ed la necesidad de actuar de manera conjunta contra ese flagelo social.<\/p>\n<p>El doctor Olvera Garc\u00eda dijo que existen disposiciones internacionales y locales para atender ese problema, siendo M\u00e9xico uno de los primeros pa\u00edses que ratificaron el Protocolo de Palermo, cuyo objetivo es prevenir, reprimir y sancionar la trata de personas; detall\u00f3, que la Codhem cre\u00f3 en agosto de 2018 la Visitadur\u00eda Adjunta de Atenci\u00f3n a la Trata de Personas y Desaparici\u00f3n Forzada para brindar asesor\u00eda, orientaci\u00f3n, informaci\u00f3n y acompa\u00f1amiento a la poblaci\u00f3n en general y en especial a las v\u00edctimas, quienes pudieron ser privadas de su libertad, explotadas sexualmente o en trabajos forzados.<\/p>\n<p>Al calificar a la trata como una aberraci\u00f3n porque se utiliza a seres humanos para obtener beneficios econ\u00f3micos por medio de la manipulaci\u00f3n emocional al enamorar sobre todo a adolescentes, de la violencia psicol\u00f3gica a trav\u00e9s de amenazas, as\u00ed como de abuso f\u00edsico y sexual, Olvera Garc\u00eda advirti\u00f3 que la trata destruye a la v\u00edctima y le quita toda opci\u00f3n para defender sus derechos, su integridad y hasta su vida.<\/p>\n<p>Consider\u00f3 que es imprescindible la colaboraci\u00f3n entre las autoridades y la sociedad, \u201cya que la incidencia de este delito no puede enfrentarse solo desde las instituciones, aqu\u00ed la participaci\u00f3n de todas las personas, de las familias y comunidades que detectan situaciones de ese tipo es fundamental para prevenir o, en su caso, atender de la mejor manera a quienes son v\u00edctimas\u201d.<\/p>\n<p>El presidente de la Codhem precis\u00f3 la necesidad de establecer una hoja de ruta para aplicar protocolos de actuaci\u00f3n e impulsar la sensibilizaci\u00f3n de las personas servidoras p\u00fablicas, de conocer y reconocer las diversas formas de enganche para no caer en la trampa y sobre todo, prevenir que ni\u00f1as, ni\u00f1os, j\u00f3venes y mujeres sean blanco de este crimen.<\/p>\n","protected":false},"excerpt":{"rendered":"<p>&nbsp; \u00a0Algunos factores que la propician son\u00a0\u00a0la pobreza, marginaci\u00f3n, desempleo, falta de escolaridad, violencia familiar y migraci\u00f3n. &nbsp; Toluca, Estado de M\u00e9xico, 29 de julio de 2019.- La Comisi\u00f3n de Derechos Humanos del Estado de M\u00e9xico (Codhem), promueve informaci\u00f3n y capacitaci\u00f3n para la toma conciencia acerca de la trata de personas, siendo \u00e9sta una de [&hellip;]<\/p>\n","protected":false},"author":3,"featured_media":32636,"comment_status":"open","ping_status":"open","sticky":false,"template":"","format":"standard","meta":{"footnotes":""},"categories":[16,9149],"tags":[14918,14919,488,3308],"class_list":{"0":"post-32635","1":"post","2":"type-post","3":"status-publish","4":"format-standard","5":"has-post-thumbnail","7":"category-foto","8":"category-policiaca","9":"tag-alerta-codhem-contra-la-trata","10":"tag-dia-mundial-contra-la-trata","11":"tag-jorge-olvera-garcia","12":"tag-trata-de-personas"},"wps_subtitle":"Es un problema social que representa un reto para la sociedad y el gobierno","_links":{"self":[{"href":"https:\/\/www.porlalibreedomex.com\/index.php?rest_route=\/wp\/v2\/posts\/32635","targetHints":{"allow":["GET"]}}],"collection":[{"href":"https:\/\/www.porlalibreedomex.com\/index.php?rest_route=\/wp\/v2\/posts"}],"about":[{"href":"https:\/\/www.porlalibreedomex.com\/index.php?rest_route=\/wp\/v2\/types\/post"}],"author":[{"embeddable":true,"href":"https:\/\/www.porlalibreedomex.com\/index.php?rest_route=\/wp\/v2\/users\/3"}],"replies":[{"embeddable":true,"href":"https:\/\/www.porlalibreedomex.com\/index.php?rest_route=%2Fwp%2Fv2%2Fcomments&post=32635"}],"version-history":[{"count":1,"href":"https:\/\/www.porlalibreedomex.com\/index.php?rest_route=\/wp\/v2\/posts\/32635\/revisions"}],"predecessor-version":[{"id":32637,"href":"https:\/\/www.porlalibreedomex.com\/index.php?rest_route=\/wp\/v2\/posts\/32635\/revisions\/32637"}],"wp:featuredmedia":[{"embeddable":true,"href":"https:\/\/www.porlalibreedomex.com\/index.php?rest_route=\/wp\/v2\/media\/32636"}],"wp:attachment":[{"href":"https:\/\/www.porlalibreedomex.com\/index.php?rest_route=%2Fwp%2Fv2%2Fmedia&parent=32635"}],"wp:term":[{"taxonomy":"category","embeddable":true,"href":"https:\/\/www.porlalibreedomex.com\/index.php?rest_route=%2Fwp%2Fv2%2Fcategories&post=32635"},{"taxonomy":"post_tag","embeddable":true,"href":"https:\/\/www.porlalibreedomex.com\/index.php?rest_route=%2Fwp%2Fv2%2Ftags&post=32635"}],"curies":[{"name":"wp","href":"https:\/\/api.w.org\/{rel}","templated":true}]}}