{"id":32029,"date":"2019-06-28T01:41:12","date_gmt":"2019-06-28T06:41:12","guid":{"rendered":"https:\/\/www.porlalibreedomex.com\/?p=32029"},"modified":"2019-07-03T01:42:18","modified_gmt":"2019-07-03T06:42:18","slug":"policia-de-metepec-detiene-a-integrante-de-banda-dedicada-al-robo-de-transporte","status":"publish","type":"post","link":"https:\/\/www.porlalibreedomex.com\/?p=32029","title":{"rendered":"POLICIA DE METEPEC DETIENE A INTEGRANTE DE BANDA DEDICADA AL ROBO DE TRANSPORTE"},"content":{"rendered":"<p>&nbsp;<\/p>\n<p><strong>Metepec, M\u00e9xico; 28 de junio de 2019.<\/strong> Minutos antes del mediod\u00eda de este viernes, elementos\u00a0 de la corporaci\u00f3n municipal de Seguridad P\u00fablica de Metepec, detuvo a una persona, presumiblemente integrante de una banda dedicada al robo de unidades de transporte.<\/p>\n<p>La oportuna denuncia de propietarios por el robo del cami\u00f3n marca Freightliner de color blanco con placas de circulaci\u00f3n\u00a0 560-AF-7, fue posible su ubicaci\u00f3n sobre las avenidas Las Torres y Manuel J. Cloutier; tras el seguimiento de la unidad, \u00e9sta fue interceptada en La Torres esquina Jos\u00e9 Mar\u00eda Morelos, en el limite con la capital mexiquense.<a href=\"https:\/\/www.porlalibreedomex.com\/wp-content\/uploads\/2019\/07\/WhatsApp-Image-2019-06-28-at-12.38.41-PM.jpeg\"><img loading=\"lazy\" decoding=\"async\" class=\"aligncenter size-large wp-image-32032\" src=\"https:\/\/www.porlalibreedomex.com\/wp-content\/uploads\/2019\/07\/WhatsApp-Image-2019-06-28-at-12.38.41-PM-766x1024.jpeg\" alt=\"\" width=\"766\" height=\"1024\" srcset=\"https:\/\/www.porlalibreedomex.com\/wp-content\/uploads\/2019\/07\/WhatsApp-Image-2019-06-28-at-12.38.41-PM-766x1024.jpeg 766w, https:\/\/www.porlalibreedomex.com\/wp-content\/uploads\/2019\/07\/WhatsApp-Image-2019-06-28-at-12.38.41-PM-225x300.jpeg 225w, https:\/\/www.porlalibreedomex.com\/wp-content\/uploads\/2019\/07\/WhatsApp-Image-2019-06-28-at-12.38.41-PM-768x1026.jpeg 768w, https:\/\/www.porlalibreedomex.com\/wp-content\/uploads\/2019\/07\/WhatsApp-Image-2019-06-28-at-12.38.41-PM.jpeg 958w\" sizes=\"auto, (max-width: 766px) 100vw, 766px\" \/><\/a><\/p>\n<p>Al ser interrogado, el conductor quien respondi\u00f3 al nombre de Fernando \u00abN\u00bb \u00abN\u00bb de aproximadamente 30 a\u00f1os de edad, quien ya hab\u00eda desmontado el localizador (GPS) del tablero, no pudo ocultar su fechor\u00eda por lo que fue trasladado, junto con el cami\u00f3n, ante las autoridades ministeriales para realizar las investigaciones correspondientes.<\/p>\n","protected":false},"excerpt":{"rendered":"<p>&nbsp; Metepec, M\u00e9xico; 28 de junio de 2019. Minutos antes del mediod\u00eda de este viernes, elementos\u00a0 de la corporaci\u00f3n municipal de Seguridad P\u00fablica de Metepec, detuvo a una persona, presumiblemente integrante de una banda dedicada al robo de unidades de transporte. La oportuna denuncia de propietarios por el robo del cami\u00f3n marca Freightliner de color [&hellip;]<\/p>\n","protected":false},"author":3,"featured_media":32030,"comment_status":"open","ping_status":"open","sticky":false,"template":"","format":"standard","meta":{"footnotes":""},"categories":[16,9149],"tags":[],"class_list":{"0":"post-32029","1":"post","2":"type-post","3":"status-publish","4":"format-standard","5":"has-post-thumbnail","7":"category-foto","8":"category-policiaca"},"wps_subtitle":"","_links":{"self":[{"href":"https:\/\/www.porlalibreedomex.com\/index.php?rest_route=\/wp\/v2\/posts\/32029","targetHints":{"allow":["GET"]}}],"collection":[{"href":"https:\/\/www.porlalibreedomex.com\/index.php?rest_route=\/wp\/v2\/posts"}],"about":[{"href":"https:\/\/www.porlalibreedomex.com\/index.php?rest_route=\/wp\/v2\/types\/post"}],"author":[{"embeddable":true,"href":"https:\/\/www.porlalibreedomex.com\/index.php?rest_route=\/wp\/v2\/users\/3"}],"replies":[{"embeddable":true,"href":"https:\/\/www.porlalibreedomex.com\/index.php?rest_route=%2Fwp%2Fv2%2Fcomments&post=32029"}],"version-history":[{"count":1,"href":"https:\/\/www.porlalibreedomex.com\/index.php?rest_route=\/wp\/v2\/posts\/32029\/revisions"}],"predecessor-version":[{"id":32033,"href":"https:\/\/www.porlalibreedomex.com\/index.php?rest_route=\/wp\/v2\/posts\/32029\/revisions\/32033"}],"wp:featuredmedia":[{"embeddable":true,"href":"https:\/\/www.porlalibreedomex.com\/index.php?rest_route=\/wp\/v2\/media\/32030"}],"wp:attachment":[{"href":"https:\/\/www.porlalibreedomex.com\/index.php?rest_route=%2Fwp%2Fv2%2Fmedia&parent=32029"}],"wp:term":[{"taxonomy":"category","embeddable":true,"href":"https:\/\/www.porlalibreedomex.com\/index.php?rest_route=%2Fwp%2Fv2%2Fcategories&post=32029"},{"taxonomy":"post_tag","embeddable":true,"href":"https:\/\/www.porlalibreedomex.com\/index.php?rest_route=%2Fwp%2Fv2%2Ftags&post=32029"}],"curies":[{"name":"wp","href":"https:\/\/api.w.org\/{rel}","templated":true}]}}