{"id":3202,"date":"2014-08-12T19:39:01","date_gmt":"2014-08-13T04:39:01","guid":{"rendered":"http:\/\/porlalibre.info\/?p=3202"},"modified":"2014-08-12T19:39:01","modified_gmt":"2014-08-13T04:39:01","slug":"alebrijes-en-cuadratines-salarios-minimos-politizados","status":"publish","type":"post","link":"https:\/\/www.porlalibreedomex.com\/?p=3202","title":{"rendered":"ALEBRIJES EN CUADRATINES: SALARIOS M\u00cdNIMOS POLITIZADOS"},"content":{"rendered":"<p><strong>Adri\u00e1n Chavarr\u00eda Espinosa<\/strong><\/p>\n<p><strong>\u00a0<\/strong><\/p>\n<p style=\"text-align: justify;\">En los d\u00edas recientes varios sectores pol\u00edticos han manejado la idea de proponer un nuevo salario m\u00ednimo, bajo el argumento de que el vigente simplemente es obsoleto y de ninguna forma sirve para apoyar la econom\u00eda de las clases populares.<\/p>\n<p style=\"text-align: justify;\">\u00a0\u00a0\u00a0\u00a0\u00a0\u00a0\u00a0\u00a0\u00a0\u00a0\u00a0 Claro que esa situaci\u00f3n es semejante al descubrimiento del hilo negro o del agua tibia, es decir no es nada novedoso ni reciente. Se debe recordar que hasta la d\u00e9cada de los a\u00f1os 60 de siglo pasado, cuando resultaba vigente el denominado desarrollo estabilizador, realmente los salarios resultaban suficientes para satisfacer las necesidades de la clase trabajadora.<!--more--><\/p>\n<p style=\"text-align: justify;\">\u00a0\u00a0\u00a0\u00a0\u00a0\u00a0\u00a0\u00a0\u00a0\u00a0\u00a0 Sin embargo, a partir de los a\u00f1os 70, cuando adem\u00e1s de la crisis social generada por los movimientos estudiantiles tambi\u00e9n empezaron a generarse los conflictos econ\u00f3micos, que lamentablemente se reprodujeron en los diferentes finales de sexenio presidenciales, al grado de que con el cambio de titular del Poder Ejecutivo se registraba tambi\u00e9n una devaluaci\u00f3n.<\/p>\n<p style=\"text-align: justify;\">\u00a0\u00a0\u00a0\u00a0\u00a0\u00a0\u00a0\u00a0\u00a0\u00a0\u00a0 Para ello t\u00e9ngase presente, principalmente, que en las administraciones federales de Luis Echeverr\u00eda y Jos\u00e9 L\u00f3pez Portillo, se elevaron los salarios m\u00ednimos por decreto presidencial, incluso hasta con categor\u00edas, donde para quienes menos ganaban era mayor el porcentaje del incremento, lo cual era sencillamente una medida populista.<\/p>\n<p style=\"text-align: justify;\">\u00a0\u00a0\u00a0\u00a0\u00a0\u00a0\u00a0\u00a0\u00a0\u00a0\u00a0 Seg\u00fan algunos optimistas, el salario m\u00ednimo sirve principalmente como medida de unidad para establecer multas y sanciones ya que, afirman, son muy pocos quienes reciben este tipo de sueldo; en cambio, los pesimistas consideran que pocas personas aceptan contratarse con esa remuneraci\u00f3n, ya que les resulta insuficiente para costear sus necesidades diarias y familiares y prefieren incurrir en la informalidad, por considerar que ser\u00e1n mayores sus ingresos.<\/p>\n<p style=\"text-align: justify;\">s el caso de los vendedores ambulantes en el Metro de la ciudad de M\u00e9xico, conocidos como <em>vagoneros<\/em>, a quienes las autoridades capitalinas se comprometieron a retirar de ese servicio de transporte a cambio de capacitarlos en alg\u00fan oficio y darles becas mensuales por poco m\u00e1s de dos mil pesos, pero ya muchos de ellos desertaron y regresaron a su actividad informal.<\/p>\n<p style=\"text-align: justify;\">\u00a0\u00a0\u00a0\u00a0\u00a0\u00a0\u00a0\u00a0\u00a0\u00a0\u00a0 Pero, \u00bfpor qu\u00e9 discutir en estos momentos la necesidad de incrementar el salario m\u00ednimo? A mi parecer que tanto el Partido Acci\u00f3n Nacional como el gobierno de la Ciudad de M\u00e9xico, encabezado por Miguel \u00c1ngel Mancera, promotores de la \u201cmejora\u201d utilizan esta pol\u00e9mica como una estrategia pol\u00edtica con miras al proceso electoral del pr\u00f3ximo a\u00f1o.<\/p>\n<p style=\"text-align: justify;\">\u00a0\u00a0\u00a0\u00a0\u00a0\u00a0\u00a0\u00a0\u00a0\u00a0\u00a0 Y es que a pesar de reuniones, discusiones o an\u00e1lisis, lo m\u00e1s recomendable es proponer estrategias para que el trabajador si no recupere totalmente su poder adquisitivo, por lo menos que si le ayude a resarcir sus necesidades m\u00e1s apremiantes.<\/p>\n<p style=\"text-align: justify;\">\u00a0\u00a0\u00a0\u00a0\u00a0\u00a0\u00a0\u00a0\u00a0\u00a0\u00a0 Incrementar sueldos por decreto no es un recurso adecuado. V\u00e9ase el caso de Venezuela, donde la pol\u00edtica chavista ha impulsado este tipo de medidas, de ninguna forma ha sido una acci\u00f3n que ayude no solo a la clase trabajadora, sino a toda la econom\u00eda en general. O Espa\u00f1a, naci\u00f3n que ha sufrido crisis econ\u00f3micas generadas por los presuntos altos salarios fijados.<\/p>\n<p style=\"text-align: justify;\">\u00a0\u00a0\u00a0\u00a0\u00a0\u00a0\u00a0\u00a0\u00a0\u00a0\u00a0 Para que funcione una verdadera recuperaci\u00f3n en los sueldos en M\u00e9xico se deben considerar varios factores, como el hecho de que lo importante no son los salarios nominales, sino los ingresos reales; que no es tan solo el nivel, sino la tasa de crecimiento real; adem\u00e1s que la propaganda de las diversas reformas estructurales impulsadas realmente apoyen al empleo, la productividad y los ingresos y el poder de compra sea una realidad.<\/p>\n<p style=\"text-align: justify;\">\u00a0\u00a0\u00a0\u00a0\u00a0\u00a0\u00a0\u00a0\u00a0\u00a0\u00a0 Sin ser economista lo que se podr\u00eda sugerir ser\u00eda redefinir bonos como por ejemplo de productividad, donde a mayor actividad y ventas, se logre un mayor beneficio para el sector laboral. Asimismo, ser m\u00e1s flexibles en los tabuladores de los salarios m\u00ednimos profesionales, ya que para muchas empresas lo fijado en ellos es el tope m\u00e1ximo para pagar al trabajador, \u201cpara as\u00ed cumplir con la ley\u201d, cuando deber\u00eda ser la base para ofrecer mejores salarios.<\/p>\n<p style=\"text-align: justify;\">\u00a0\u00a0\u00a0\u00a0\u00a0\u00a0\u00a0\u00a0\u00a0\u00a0\u00a0 En fin, por el momento considero que simplemente es una estrategia de varios sectores pol\u00edticos, pero que dif\u00edcilmente se podr\u00e1 llegar a un acuerdo; pero ello resultar\u00e1 suficiente para que esas corrientes se digan abanderadas de las clases trabajadoras, pero las actuales autoridades no muestran disposici\u00f3n para ayudar a los menos favorecidos todo ello, repito, con miras a las futuras elecciones.<\/p>\n<p style=\"text-align: justify;\">\u00a0\u00a0\u00a0\u00a0\u00a0\u00a0\u00a0\u00a0\u00a0\u00a0\u00a0 Lo que deber\u00eda cuestionarse, por ejemplo, es ver qu\u00e9 ha pasado con la reforma laboral impulsada a finales de la anterior administraci\u00f3n federal, para conocer d\u00f3nde ha fallado, qu\u00e9 requiere para tener resultados concretos y positivos y, tras definir las conclusiones pertinentes, entonces superar las deficiencias detectadas y no lamentar que result\u00f3 ser el en\u00e9simo intento fallido por apoyar a la clase trabajadora.<\/p>\n<p style=\"text-align: justify;\">\n<p style=\"text-align: justify;\">Para comentarios <a href=\"mailto:ache57@yahoo.com.mx\">ache57@yahoo.com.mx<\/a><\/p>\n","protected":false},"excerpt":{"rendered":"<p>Adri\u00e1n Chavarr\u00eda Espinosa \u00a0 En los d\u00edas recientes varios sectores pol\u00edticos han manejado la idea de proponer un nuevo salario m\u00ednimo, bajo el argumento de que el vigente simplemente es obsoleto y de ninguna forma sirve para apoyar la econom\u00eda de las clases populares. \u00a0\u00a0\u00a0\u00a0\u00a0\u00a0\u00a0\u00a0\u00a0\u00a0\u00a0 Claro que esa situaci\u00f3n es semejante al descubrimiento del hilo [&hellip;]<\/p>\n","protected":false},"author":2,"featured_media":0,"comment_status":"open","ping_status":"open","sticky":false,"template":"","format":"standard","meta":{"footnotes":""},"categories":[23,1],"tags":[261,2195],"class_list":{"0":"post-3202","1":"post","2":"type-post","3":"status-publish","4":"format-standard","6":"category-columna","7":"category-uncategorized","8":"tag-alebrijes-en-cuadratines","9":"tag-salarios-minimos"},"wps_subtitle":"","_links":{"self":[{"href":"https:\/\/www.porlalibreedomex.com\/index.php?rest_route=\/wp\/v2\/posts\/3202","targetHints":{"allow":["GET"]}}],"collection":[{"href":"https:\/\/www.porlalibreedomex.com\/index.php?rest_route=\/wp\/v2\/posts"}],"about":[{"href":"https:\/\/www.porlalibreedomex.com\/index.php?rest_route=\/wp\/v2\/types\/post"}],"author":[{"embeddable":true,"href":"https:\/\/www.porlalibreedomex.com\/index.php?rest_route=\/wp\/v2\/users\/2"}],"replies":[{"embeddable":true,"href":"https:\/\/www.porlalibreedomex.com\/index.php?rest_route=%2Fwp%2Fv2%2Fcomments&post=3202"}],"version-history":[{"count":0,"href":"https:\/\/www.porlalibreedomex.com\/index.php?rest_route=\/wp\/v2\/posts\/3202\/revisions"}],"wp:attachment":[{"href":"https:\/\/www.porlalibreedomex.com\/index.php?rest_route=%2Fwp%2Fv2%2Fmedia&parent=3202"}],"wp:term":[{"taxonomy":"category","embeddable":true,"href":"https:\/\/www.porlalibreedomex.com\/index.php?rest_route=%2Fwp%2Fv2%2Fcategories&post=3202"},{"taxonomy":"post_tag","embeddable":true,"href":"https:\/\/www.porlalibreedomex.com\/index.php?rest_route=%2Fwp%2Fv2%2Ftags&post=3202"}],"curies":[{"name":"wp","href":"https:\/\/api.w.org\/{rel}","templated":true}]}}