{"id":3199,"date":"2014-08-12T19:34:30","date_gmt":"2014-08-13T04:34:30","guid":{"rendered":"http:\/\/porlalibre.info\/?p=3199"},"modified":"2014-08-12T19:34:30","modified_gmt":"2014-08-13T04:34:30","slug":"sin-contratiempos-asumen-ssc-y-fuerzas-federales-control-de-la-seguridad-en-el-sur-del-edomex","status":"publish","type":"post","link":"https:\/\/www.porlalibreedomex.com\/?p=3199","title":{"rendered":"SIN CONTRATIEMPOS ASUMEN SSC Y FUERZAS FEDERALES CONTROL DE LA SEGURIDAD EN EL SUR DEL EDOM\u00c9X"},"content":{"rendered":"<p>&nbsp;<\/p>\n<p style=\"text-align: justify;\"><strong>Tejupilco, M\u00e9xico, 12 de julio de 2014.-<\/strong>\u00a0En el sur del Estado de M\u00e9xico hay quienes afirman que la situaci\u00f3n en materia de seguridad va cambiando. Lo reflejan los rostros y la confianza para transitar las calles de sus habitantes, as\u00ed lo se\u00f1ala don Miguel, quien agrega que en cuesti\u00f3n de horas, luego del anuncio de la nueva etapa del\u00a0Plan Estrat\u00e9gico de Seguridad,\u00a0pasaron de la incertidumbre a la certeza de constatar y saber que ahora est\u00e1n mejor protegidos, con el reforzamiento de la presencia policiaca, as\u00ed como la labor conjunta de las fuerzas federales y estatales.<!--more--><\/p>\n<p style=\"text-align: justify;\">La esposa de Miguel, do\u00f1a Inocencia, afirma que hoy se ve m\u00e1s gente que de costumbre en la plaza principal de Tejupilco y no es d\u00eda de plaza, quiz\u00e1 sean los rostros de aquellos curiosos que salen de sus negocios o sus hogares ante el sonido de las torretas y la presencia de un convoy conformado por cuatro unidades con siete elementos de la Secretar\u00eda de Seguridad Ciudadana (SSC) cada una.<\/p>\n<p style=\"text-align: justify;\">Aqu\u00ed nunca patrullaban, grita,\u00a0don Jer\u00f3nimo, desde una de las aceras de la colonia El Llano. Las manecillas marcaban que minutos antes hab\u00eda pasado el mediod\u00eda.<\/p>\n<p style=\"text-align: justify;\">Cinco horas antes, la realidad era distinta. La gente comenz\u00f3 a salir a la plaza municipal, all\u00ed aguardaban sus polic\u00edas con maletas, sin armas y vistiendo de civil, la mayor\u00eda s\u00f3lo portando una chamarra que los acreditaba como elementos municipales. Se notaban tranquilos.<\/p>\n<p style=\"text-align: justify;\">A su alrededor los voceadores ofrec\u00edan el diario local, no lo hac\u00edan como siempre, mostrando la portada. Este d\u00eda, la que vend\u00eda era la contraportada: \u00abDesarman a polis de Tejupilco, Luvianos, Tlatlaya,\u00a0<em>Temas<\/em>\u00ab. Desde anoche, los locutores de las radios regionales no hab\u00edan dejado de mencionar el anuncio hecho por gobernador Eruviel \u00c1vila Villegas, donde informaba que 556 elementos de 13 municipios de la regi\u00f3n sur y de Valle de Bravo de la entidad, ser\u00edan capacitados en un centro de adiestramiento ubicado en Tlaxcala, por lo que las fuerzas federales y estatales tomar\u00edan el control de estas zonas durante ocho semanas, como parte del Plan Estrat\u00e9gico de Seguridad.<\/p>\n<p style=\"text-align: justify;\">La poblaci\u00f3n miraba en la cabecera municipal arribaban unidades de la SSC, a bordo ven\u00edan 20 elementos, quienes pasaron asistencia y esperaban indicaciones. Los 49 elementos municipales hicieron lo propio, aguardaban la llegada del alcalde Manuel Sant\u00edn Hern\u00e1ndez, quie\u00e9n lleg\u00f3 cerca de las 09:00 horas al lugar, para saludarlos y decirse contento.<\/p>\n<p style=\"text-align: justify;\">La causa: la respuesta de los gobiernos del Estado de M\u00e9xico y de la Rep\u00fablica y quienes los encabezan Eruviel \u00c1vila y Enrique Pe\u00f1a Nieto, respectivamente, para fortalecer la capacitaci\u00f3n de los cuerpos polic\u00edacos y el reforzamiento de las acciones en esta materia con la presencia de las fuerzas federales y estatales, para lograr la tranquilidad y la paz social que anhela la poblaci\u00f3n de Tejupilco y del sur del estado.<\/p>\n<p style=\"text-align: justify;\">Confirm\u00f3 lo dicho por el gobernador Eruviel \u00c1vila, los alcaldes hab\u00edan firmado d\u00edas antes el convenio para concretar la capacitaci\u00f3n que ser\u00e1 gratuita para los ayuntamientos, ya que el costo de la misma ser\u00e1 asumida por el gobierno estatal, les pidi\u00f3 irse tranquilos pues sus familias contar\u00e1n con el apoyo del municipio y sus quincenas estar\u00e1n cubiertas para que puedan disponer de sus ingresos. Concluy\u00f3 mencionando que entre m\u00e1s preparados est\u00e9n en t\u00e1cticas del Ej\u00e9rcito, la Marina y la Polic\u00eda Federal, m\u00e1s resultados brindar\u00e1n a la ciudadan\u00eda para la que trabajan.<\/p>\n<p style=\"text-align: justify;\">En ese instante, abordaron los dos camiones de turismo que los trasladar\u00edan, y partiesen resguardados por elementos de la polic\u00eda estatal y de la Federal hacia su destino, el centro de adiestramiento de Tlaxcala.<\/p>\n<p style=\"text-align: justify;\">Los elementos de la SSC comenzaron a resguardar las calles de Tejupilco, coloc\u00e1ndose en puntos fijos de este municipio, mientras tanto, convoyes sal\u00edan de la Base Regional Sur para iniciar con el patrullaje de las calles.<\/p>\n<p style=\"text-align: justify;\">El primero que sali\u00f3 recorri\u00f3 la carretera Amatepec-Tejupilco, las avenidas Vicente Villada, Benito Ju\u00e1rez, L\u00e1zaro C\u00e1rdenas y 27 de septiembre, as\u00ed como las calles M\u00e9xico 68, Toluca y \u00c1lvaro Obreg\u00f3n. Coincidiendo en los recorridos con una de las 13 Bases de Operaci\u00f3n Mixta, conformadas por el Ej\u00e9rcito Mexicano, la Marina, la Polic\u00eda Federal, la Procuradur\u00eda General de la Rep\u00fablica y la SSC que tambi\u00e9n iniciaron actividades este d\u00eda en los 13 municipios del sur de la entidad y de la regi\u00f3n Valle de Bravo.<\/p>\n<p style=\"text-align: justify;\">Leopoldo, a bordo de su motoneta y acompa\u00f1ado de uno de sus hijos, se emparej\u00f3 a una de las unidades, agradeci\u00f3 los rondines que realizan mil 187 integrantes federales y estatales en esta regi\u00f3n, sobre todo, en las zonas for\u00e1neas del municipio. El anuncio hecho ayer por el gobernador Eruviel \u00c1vila en la Zona Militar 1, se ha puesto en marcha.<\/p>\n","protected":false},"excerpt":{"rendered":"<p>&nbsp; Tejupilco, M\u00e9xico, 12 de julio de 2014.-\u00a0En el sur del Estado de M\u00e9xico hay quienes afirman que la situaci\u00f3n en materia de seguridad va cambiando. Lo reflejan los rostros y la confianza para transitar las calles de sus habitantes, as\u00ed lo se\u00f1ala don Miguel, quien agrega que en cuesti\u00f3n de horas, luego del anuncio [&hellip;]<\/p>\n","protected":false},"author":2,"featured_media":0,"comment_status":"open","ping_status":"open","sticky":false,"template":"","format":"standard","meta":{"footnotes":""},"categories":[5,1],"tags":[2191,2192,2193,2194],"class_list":{"0":"post-3199","1":"post","2":"type-post","3":"status-publish","4":"format-standard","6":"category-nota-informativa","7":"category-uncategorized","8":"tag-asumen-seguridad-en-municipios-surenos-fuerzas-mixtas","9":"tag-plan-estrategico-de-seguridad","10":"tag-policias-desarmados","11":"tag-secretaria-de-seguridad-ciudadana-ssc"},"wps_subtitle":"","_links":{"self":[{"href":"https:\/\/www.porlalibreedomex.com\/index.php?rest_route=\/wp\/v2\/posts\/3199","targetHints":{"allow":["GET"]}}],"collection":[{"href":"https:\/\/www.porlalibreedomex.com\/index.php?rest_route=\/wp\/v2\/posts"}],"about":[{"href":"https:\/\/www.porlalibreedomex.com\/index.php?rest_route=\/wp\/v2\/types\/post"}],"author":[{"embeddable":true,"href":"https:\/\/www.porlalibreedomex.com\/index.php?rest_route=\/wp\/v2\/users\/2"}],"replies":[{"embeddable":true,"href":"https:\/\/www.porlalibreedomex.com\/index.php?rest_route=%2Fwp%2Fv2%2Fcomments&post=3199"}],"version-history":[{"count":0,"href":"https:\/\/www.porlalibreedomex.com\/index.php?rest_route=\/wp\/v2\/posts\/3199\/revisions"}],"wp:attachment":[{"href":"https:\/\/www.porlalibreedomex.com\/index.php?rest_route=%2Fwp%2Fv2%2Fmedia&parent=3199"}],"wp:term":[{"taxonomy":"category","embeddable":true,"href":"https:\/\/www.porlalibreedomex.com\/index.php?rest_route=%2Fwp%2Fv2%2Fcategories&post=3199"},{"taxonomy":"post_tag","embeddable":true,"href":"https:\/\/www.porlalibreedomex.com\/index.php?rest_route=%2Fwp%2Fv2%2Ftags&post=3199"}],"curies":[{"name":"wp","href":"https:\/\/api.w.org\/{rel}","templated":true}]}}