{"id":31969,"date":"2019-07-01T00:41:59","date_gmt":"2019-07-01T05:41:59","guid":{"rendered":"https:\/\/www.porlalibreedomex.com\/?p=31969"},"modified":"2019-07-02T00:43:51","modified_gmt":"2019-07-02T05:43:51","slug":"maullidos-urbanos-crisis-en-el-imer","status":"publish","type":"post","link":"https:\/\/www.porlalibreedomex.com\/?p=31969","title":{"rendered":"Maullidos Urbanos: Crisis en el IMER"},"content":{"rendered":"<div class=\"gE iv gt\"><\/div>\n<div class=\"\">\n<div id=\":6a\" class=\"ii gt\">\n<div id=\":34\" class=\"a3s aXjCH \">\n<div>\n<div class=\"m_-496821789582231455ydp3e8429f9yahoo-style-wrap\">\n<div>\n<div>\n<div>\n<p class=\"m_-496821789582231455ydpe74f844eMsoNormal\">Gato de Barrio<\/p>\n<p class=\"m_-496821789582231455ydpe74f844eMsoNormal\" align=\"right\"><a href=\"mailto:gatodebarrio@yahoo.com.mx\" target=\"_blank\" rel=\"nofollow noopener noreferrer\">gatodebarrio@yahoo.com.mx<\/a><\/p>\n<p class=\"m_-496821789582231455ydpe74f844eMsoNormal\">En un pa\u00eds donde se afirma que no se mueve ni hoja de un \u00e1rbol sin conocimiento del presidente de la rep\u00fablica, resulta mucho muy dif\u00edcil de aceptar que Andr\u00e9s Manuel L\u00f3pez Obrador no haya estado al tanto de la crisis existente en el Instituto Mexicano de la Radio que amenaz\u00f3 con que dejar\u00edan de transmitir varias de sus radiodifusoras en el pa\u00eds.<\/p>\n<p class=\"m_-496821789582231455ydpe74f844eMsoNormal\">\u00a0\u00a0\u00a0\u00a0\u00a0\u00a0\u00a0\u00a0\u00a0\u00a0\u00a0\u00a0Sucede que fueron tendencia en las redes sociales los mensajes donde se anticipaba que, cuando menos, las emisiones consistir\u00edan en desarrollar transmisiones con m\u00fasica continua, es decir sin conductor al aire o definitivamente dejar de salir al aire porque no se carec\u00eda de recursos para cubrir los espacios con alg\u00fan tipo de programaci\u00f3n, sino para pagar los gastos de operaci\u00f3n tales como es el pago del consumo de energ\u00eda el\u00e9ctrica.<\/p>\n<p class=\"m_-496821789582231455ydpe74f844eMsoNormal\">\u00a0\u00a0\u00a0\u00a0\u00a0\u00a0\u00a0\u00a0\u00a0\u00a0\u00a0\u00a0Entre las emisores que resultar\u00edan afectadas ser\u00edan Opus 94, Jazz Digital y Reactor 105.7 FM, cuya programaci\u00f3n se enfoca a las todo tipo de auditorio pero particularmente a los j\u00f3venes que gustan del rock y la cultura alternativa.<\/p>\n<p class=\"m_-496821789582231455ydpe74f844eMsoNormal\">\u00a0\u00a0\u00a0\u00a0\u00a0\u00a0\u00a0\u00a0\u00a0\u00a0\u00a0\u00a0Las reacciones de protesta no se hicieron esperar, pero fue hasta que en la conferencia ma\u00f1anera cuando fue interrogado L\u00f3pez Obrador pero, sorpresivamente, el presidente dijo desconocer el problema por lo cual iba a informarse para proceder en consecuencia.<\/p>\n<p class=\"m_-496821789582231455ydpe74f844eMsoNormal\">\u00a0\u00a0\u00a0\u00a0\u00a0\u00a0\u00a0\u00a0\u00a0\u00a0\u00a0\u00a0La realidad es que esta medida tiene su origen en la pol\u00edtica de austeridad implantada en la presente administraci\u00f3n donde oper\u00f3 no el bistur\u00ed ni el cuchillo, sino el hacha del recorte de presupuestos, que anteriormente perjudic\u00f3 a otros sectores como el de salud, de programas sociales, laboral, deportivo y cultural y ahora correspondi\u00f3 a los medios p\u00fablicos.<\/p>\n<p class=\"m_-496821789582231455ydpe74f844eMsoNormal\">\u00a0\u00a0\u00a0\u00a0\u00a0\u00a0\u00a0\u00a0\u00a0\u00a0\u00a0\u00a0Posteriormente Jenaro Villamil, presidente del Sistema P\u00fablico de Radiodifusi\u00f3n del Estado Mexicano, a trav\u00e9s de las redes sociales anunci\u00f3 que la Secretar\u00eda de Educaci\u00f3n P\u00fablica aportar\u00eda m\u00e1s de 19 millones de pesos para garantizar la operaci\u00f3n de las radiodifusoras, con lo cual adem\u00e1s de evitar el cierre de estaciones se evit\u00f3 el despido de m\u00e1s de 200 colaboradores, de los clasificados como\u00a0<i>free lance<\/i>, y la suspensi\u00f3n de casi tres mil horas de contenido, lo cual estaba programado para aplicarse desde el 1 de julio.<\/p>\n<p class=\"m_-496821789582231455ydpe74f844eMsoNormal\">\u00a0\u00a0\u00a0\u00a0\u00a0\u00a0\u00a0\u00a0\u00a0\u00a0\u00a0\u00a0Es dif\u00edcil comprender que L\u00f3pez Obrador no estuviera al tanto de los recortes en las radiodifusoras p\u00fablicas pero esta medida, como las aplicadas en otros sectores, estaba ya anticipada pero todas ellas son el resultado de las medidas econ\u00f3micas programadas por el gobierno federal, las cuales de ninguna forma han sido aceptadas por diferentes sectores sociales. S\u00f3lo resta conocer qu\u00e9 nuevas sorpresas nos esperan recortes aun no revelados.<\/p>\n<\/div>\n<\/div>\n<\/div>\n<\/div>\n<\/div>\n<\/div>\n<\/div>\n<\/div>\n","protected":false},"excerpt":{"rendered":"<p>Gato de Barrio gatodebarrio@yahoo.com.mx En un pa\u00eds donde se afirma que no se mueve ni hoja de un \u00e1rbol sin conocimiento del presidente de la rep\u00fablica, resulta mucho muy dif\u00edcil de aceptar que Andr\u00e9s Manuel L\u00f3pez Obrador no haya estado al tanto de la crisis existente en el Instituto Mexicano de la Radio que amenaz\u00f3 [&hellip;]<\/p>\n","protected":false},"author":3,"featured_media":31971,"comment_status":"open","ping_status":"open","sticky":false,"template":"","format":"standard","meta":{"footnotes":""},"categories":[23,16],"tags":[14643,14642,3383,11389,14644],"class_list":{"0":"post-31969","1":"post","2":"type-post","3":"status-publish","4":"format-standard","5":"has-post-thumbnail","7":"category-columna","8":"category-foto","9":"tag-crisis-en-el-imer","10":"tag-imer","11":"tag-lopez-obrador","12":"tag-maullidos-urbanos","13":"tag-recortes-en-el-imer"},"wps_subtitle":"El presidente estaba al tanto de los problemas y los despidos","_links":{"self":[{"href":"https:\/\/www.porlalibreedomex.com\/index.php?rest_route=\/wp\/v2\/posts\/31969","targetHints":{"allow":["GET"]}}],"collection":[{"href":"https:\/\/www.porlalibreedomex.com\/index.php?rest_route=\/wp\/v2\/posts"}],"about":[{"href":"https:\/\/www.porlalibreedomex.com\/index.php?rest_route=\/wp\/v2\/types\/post"}],"author":[{"embeddable":true,"href":"https:\/\/www.porlalibreedomex.com\/index.php?rest_route=\/wp\/v2\/users\/3"}],"replies":[{"embeddable":true,"href":"https:\/\/www.porlalibreedomex.com\/index.php?rest_route=%2Fwp%2Fv2%2Fcomments&post=31969"}],"version-history":[{"count":2,"href":"https:\/\/www.porlalibreedomex.com\/index.php?rest_route=\/wp\/v2\/posts\/31969\/revisions"}],"predecessor-version":[{"id":31972,"href":"https:\/\/www.porlalibreedomex.com\/index.php?rest_route=\/wp\/v2\/posts\/31969\/revisions\/31972"}],"wp:featuredmedia":[{"embeddable":true,"href":"https:\/\/www.porlalibreedomex.com\/index.php?rest_route=\/wp\/v2\/media\/31971"}],"wp:attachment":[{"href":"https:\/\/www.porlalibreedomex.com\/index.php?rest_route=%2Fwp%2Fv2%2Fmedia&parent=31969"}],"wp:term":[{"taxonomy":"category","embeddable":true,"href":"https:\/\/www.porlalibreedomex.com\/index.php?rest_route=%2Fwp%2Fv2%2Fcategories&post=31969"},{"taxonomy":"post_tag","embeddable":true,"href":"https:\/\/www.porlalibreedomex.com\/index.php?rest_route=%2Fwp%2Fv2%2Ftags&post=31969"}],"curies":[{"name":"wp","href":"https:\/\/api.w.org\/{rel}","templated":true}]}}